{"id":636592,"date":"2026-01-02T17:11:31","date_gmt":"2026-01-02T17:11:31","guid":{"rendered":"https:\/\/www.europesays.com\/fr\/636592\/"},"modified":"2026-01-02T17:11:31","modified_gmt":"2026-01-02T17:11:31","slug":"la-police-et-les-gendarmes-font-le-bilan","status":"publish","type":"post","link":"https:\/\/www.europesays.com\/fr\/636592\/","title":{"rendered":"la police et les gendarmes font le bilan"},"content":{"rendered":"<p>                    Par<br \/>\n        <strong><br \/>\n            <a href=\"https:\/\/actu.fr\/auteur\/laure-gentil\" title=\"Consulter tous les articles de Laure Gentil\" target=\"_blank\" rel=\"noopener\">Laure Gentil<\/a><br \/>\n                    <\/strong><\/p>\n<p>        Publi\u00e9 le<\/p>\n<p>            2 janv. 2026 \u00e0 16h25        <\/p>\n<p>Au cours de la nuit du r\u00e9veillon, la <b>police et la gendarmerie de Loire-Atlantique <\/b>ont effectu\u00e9 de nombreux contr\u00f4les routiers dans le d\u00e9partement, en pr\u00e9sence du pr\u00e9fet Fabrice Rigoulet-Roze. Verbalisations, gardes \u00e0 vue, infractions\u2026 On fait le bilan des interventions des forces de l\u2019ordre durant la nuit du Nouvel an.\u00a0<\/p>\n<p>Quatre personnes en garde \u00e0 vue<\/p>\n<p class=\" wall-content\">Selon les chiffres communiqu\u00e9s par la pr\u00e9fecture, <b>33 faits de conduite sous l\u2019empire d\u2019alcool<\/b> et de stup\u00e9fiants ont \u00e9t\u00e9 relev\u00e9s. Les gendarmes et les policiers ont r\u00e9alis\u00e9 78 verbalisations,\u00a0parmi lesquelles une amende pour port d\u2019arme blanche, neuf amendes forfaitaires d\u00e9lictuelles pour stup\u00e9fiants et une<b> proc\u00e9dure pour vente de protoxyde d\u2019azote<\/b>, le gaz hilarant.\u00a0<\/p>\n<p class=\" wall-content\">24 infractions au permis de conduire, six immobilisations de v\u00e9hicules et deux refus d\u2019obtemp\u00e9rer sont aussi not\u00e9s. En tout, quatre personnes ont \u00e9t\u00e9 mises en garde \u00e0 vue.<\/p>\n<p class=\" wall-content\">Personnalisez votre actualit\u00e9 en ajoutant vos villes et m\u00e9dias en favori avec <a href=\"https:\/\/moncompte.actu.fr\" title=\"D\u00e9couvez Mon Actu\" rel=\"nofollow noopener\" data-trk=\"{&quot;cta&quot;:{&quot;action&quot;:&quot;https:\\\/\\\/moncompte.actu.fr&quot;,&quot;category&quot;:&quot;mon compte&quot;,&quot;from&quot;:&quot;article footer&quot;,&quot;name&quot;:&quot;Mon actu&quot;,&quot;type&quot;:&quot;cta&quot;}}\" target=\"_blank\">Mon Actu<\/a>.<\/p>\n","protected":false},"excerpt":{"rendered":"Par Laure Gentil Publi\u00e9 le 2 janv. 2026 \u00e0 16h25 Au cours de la nuit du r\u00e9veillon, la&hellip;\n","protected":false},"author":2,"featured_media":636593,"comment_status":"","ping_status":"","sticky":false,"template":"","format":"standard","meta":{"footnotes":""},"categories":[2818],"tags":[1111,11,1777,674,118,1011,27,3381,766,12,73900,2636,1072,25],"class_list":{"0":"post-636592","1":"post","2":"type-post","3":"status-publish","4":"format-standard","5":"has-post-thumbnail","7":"category-nantes","8":"tag-actu","9":"tag-actualites","10":"tag-eu","11":"tag-europe","12":"tag-faits-divers","13":"tag-fr","14":"tag-france","15":"tag-gendarmerie","16":"tag-nantes","17":"tag-news","18":"tag-nouvel-an-a-nantes","19":"tag-pays-de-la-loire","20":"tag-police","21":"tag-republique-francaise"},"share_on_mastodon":{"url":"https:\/\/pubeurope.com\/@fr\/115826621417284936","error":""},"_links":{"self":[{"href":"https:\/\/www.europesays.com\/fr\/wp-json\/wp\/v2\/posts\/636592","targetHints":{"allow":["GET"]}}],"collection":[{"href":"https:\/\/www.europesays.com\/fr\/wp-json\/wp\/v2\/posts"}],"about":[{"href":"https:\/\/www.europesays.com\/fr\/wp-json\/wp\/v2\/types\/post"}],"author":[{"embeddable":true,"href":"https:\/\/www.europesays.com\/fr\/wp-json\/wp\/v2\/users\/2"}],"replies":[{"embeddable":true,"href":"https:\/\/www.europesays.com\/fr\/wp-json\/wp\/v2\/comments?post=636592"}],"version-history":[{"count":0,"href":"https:\/\/www.europesays.com\/fr\/wp-json\/wp\/v2\/posts\/636592\/revisions"}],"wp:featuredmedia":[{"embeddable":true,"href":"https:\/\/www.europesays.com\/fr\/wp-json\/wp\/v2\/media\/636593"}],"wp:attachment":[{"href":"https:\/\/www.europesays.com\/fr\/wp-json\/wp\/v2\/media?parent=636592"}],"wp:term":[{"taxonomy":"category","embeddable":true,"href":"https:\/\/www.europesays.com\/fr\/wp-json\/wp\/v2\/categories?post=636592"},{"taxonomy":"post_tag","embeddable":true,"href":"https:\/\/www.europesays.com\/fr\/wp-json\/wp\/v2\/tags?post=636592"}],"curies":[{"name":"wp","href":"https:\/\/api.w.org\/{rel}","templated":true}]}}