{"id":636598,"date":"2026-01-02T17:14:11","date_gmt":"2026-01-02T17:14:11","guid":{"rendered":"https:\/\/www.europesays.com\/fr\/636598\/"},"modified":"2026-01-02T17:14:11","modified_gmt":"2026-01-02T17:14:11","slug":"lepopee-des-pionniers-de-laeropostale-reprend-vie","status":"publish","type":"post","link":"https:\/\/www.europesays.com\/fr\/636598\/","title":{"rendered":"l\u2019\u00e9pop\u00e9e des pionniers de l\u2019A\u00e9ropostale reprend vie"},"content":{"rendered":"<p>Un si\u00e8cle plus t\u00f4t, des pionniers de l\u2019aviation reliaient Toulouse \u00e0 Dakar puis \u00e0 l\u2019Am\u00e9rique du Sud. Leurs noms :\u00a0Lat\u00e9co\u00e8re, Mermoz, Guillaumet, Saint-Exup\u00e9ry, et tant d\u2019autres.\u00a0Ils dessinaient alors dans le ciel la <strong>premi\u00e8re grande ligne a\u00e9rienne internationale<\/strong>,\u00a0\u00e0 savoir\u00a0l\u2019A\u00e9ropostale.\u00a0L\u2019utopie du vol postal devenait alors une \u00e9pop\u00e9e \u00e0 la fois humaine et technique comme nulle autre auparavant.<\/p>\n<p>Cent ans plus tard, la m\u00e9moire de cette aventure dans les airs continue d\u2019\u00eatre honor\u00e9e.\u00a0Cet esprit pionnier reprend notamment vie avec le <strong>Raid Lat\u00e9co\u00e8re-A\u00e9ropostale<\/strong>, initi\u00e9 par l\u2019A\u00e9roclub Pierre-Georges Lat\u00e9co\u00e8re.\u00a0En 2026, la raid en question reliera <a href=\"https:\/\/lopinion.com\/articles\/actualite\/actualites-haute-garonne\" rel=\"noopener noreferrer\" target=\"_blank\">Toulouse<\/a> \u00e0 Usha\u00efa sur 25.000 kilom\u00e8tres, en traversant trois continents \u2013 l\u2019Europe, l\u2019Afrique et l\u2019Am\u00e9rique du Sud \u2013 ainsi que 12 pays.<\/p>\n<p>Une dimension \u00e9thique<\/p>\n<p>Au fil de cette\u00a0travers\u00e9e\u00a0contemporaine, des initiatives \u00e9ducatives pourront \u00eatre organis\u00e9es dans le cadre des escales, \u00e0 l\u2019instar de vols de d\u00e9couvertes offerts aux \u00e9l\u00e8ves des \u00e9coles partenaires.\u00a0Une <strong>d\u00e9marche \u00e9thique plus globale<\/strong> entoure\u00a0d\u2019ailleurs\u00a0le Raid, entre transmission de l\u2019histoire des pionniers de l\u2019A\u00e9ropostale, fourniture de mat\u00e9riel scolaire, ou encore soutien aux orphelinats.<\/p>\n<p>Passion pour l\u2019aviation, respect des cultures et esprit d\u2019\u00e9quipe\u00a0sont notamment les ma\u00eetres mots du Raid Lat\u00e9co\u00e8re-A\u00e9ropostale.\u00a0\u00ab\u00a0Ni comp\u00e9tition, ni rallye, mais une exp\u00e9dition a\u00e9rienne et humaine, <strong>ouverte \u00e0 tous les pilotes et non-pilotes<\/strong>, port\u00e9e par la m\u00eame id\u00e9e fondatrice : relier les Hommes par l\u2019a\u00e9rien\u00a0\u00bb,\u00a0r\u00e9sume l\u2019organisation.\u00a0\u00c0\u00a0noter que chaque escale peut \u00eatre r\u00e9alis\u00e9e s\u00e9par\u00e9ment.<\/p>\n<p>Voici le calendrier de l\u2019ann\u00e9e :<\/p>\n<ul>\n<li>Raid Patagonie et Cordill\u00e8re: du 7 au 22 mars 2026<\/li>\n<li>Raid Argentine et Paraguay: du 16 au 30 Mai 2026<\/li>\n<li>Raid Afrique: du 12 au 26 septembre 2026<\/li>\n<li>Raid Chili et P\u00e9rou: du 14 au 27 novembre 2026 et du 29\u00a0novembre au 12\u00a0d\u00e9cembre 2026<\/li>\n<\/ul>\n<p>Chaque participant deviendra\u00a0ambassadeur de l\u2019A\u00e9roclub Pierre-Georges Lat\u00e9co\u00e8re\u00a0et porteur de la m\u00e9moire de La Ligne.\u00a0Inscriptions <a href=\"https:\/\/raid-latecoere-aeropostale.org\/adhesion-inscription\/\" rel=\"noopener noreferrer\" target=\"_blank\">en ligne<\/a>.<\/p>\n<p>&gt;&gt; \u00c0 LIRE AUSSI : <a href=\"https:\/\/lopinion.com\/articles\/actualite\/31744_toulouse-facades-hotel-dieu-decouverte-archeologique\" rel=\"noopener noreferrer\" target=\"_blank\">Toulouse : la restauration des fa\u00e7ades de l\u2019H\u00f4tel-Dieu donne lieu \u00e0 une d\u00e9couverte arch\u00e9ologique<\/a><\/p>\n","protected":false},"excerpt":{"rendered":"Un si\u00e8cle plus t\u00f4t, des pionniers de l\u2019aviation reliaient Toulouse \u00e0 Dakar puis \u00e0 l\u2019Am\u00e9rique du Sud. Leurs&hellip;\n","protected":false},"author":2,"featured_media":636599,"comment_status":"","ping_status":"","sticky":false,"template":"","format":"standard","meta":{"footnotes":""},"categories":[2816],"tags":[1111,11,1777,674,1011,27,12,2680,25,2312],"class_list":{"0":"post-636598","1":"post","2":"type-post","3":"status-publish","4":"format-standard","5":"has-post-thumbnail","7":"category-toulouse","8":"tag-actu","9":"tag-actualites","10":"tag-eu","11":"tag-europe","12":"tag-fr","13":"tag-france","14":"tag-news","15":"tag-occitanie","16":"tag-republique-francaise","17":"tag-toulouse"},"share_on_mastodon":{"url":"https:\/\/pubeurope.com\/@fr\/115826633224219764","error":""},"_links":{"self":[{"href":"https:\/\/www.europesays.com\/fr\/wp-json\/wp\/v2\/posts\/636598","targetHints":{"allow":["GET"]}}],"collection":[{"href":"https:\/\/www.europesays.com\/fr\/wp-json\/wp\/v2\/posts"}],"about":[{"href":"https:\/\/www.europesays.com\/fr\/wp-json\/wp\/v2\/types\/post"}],"author":[{"embeddable":true,"href":"https:\/\/www.europesays.com\/fr\/wp-json\/wp\/v2\/users\/2"}],"replies":[{"embeddable":true,"href":"https:\/\/www.europesays.com\/fr\/wp-json\/wp\/v2\/comments?post=636598"}],"version-history":[{"count":0,"href":"https:\/\/www.europesays.com\/fr\/wp-json\/wp\/v2\/posts\/636598\/revisions"}],"wp:featuredmedia":[{"embeddable":true,"href":"https:\/\/www.europesays.com\/fr\/wp-json\/wp\/v2\/media\/636599"}],"wp:attachment":[{"href":"https:\/\/www.europesays.com\/fr\/wp-json\/wp\/v2\/media?parent=636598"}],"wp:term":[{"taxonomy":"category","embeddable":true,"href":"https:\/\/www.europesays.com\/fr\/wp-json\/wp\/v2\/categories?post=636598"},{"taxonomy":"post_tag","embeddable":true,"href":"https:\/\/www.europesays.com\/fr\/wp-json\/wp\/v2\/tags?post=636598"}],"curies":[{"name":"wp","href":"https:\/\/api.w.org\/{rel}","templated":true}]}}