{"id":636602,"date":"2026-01-02T17:16:12","date_gmt":"2026-01-02T17:16:12","guid":{"rendered":"https:\/\/www.europesays.com\/fr\/636602\/"},"modified":"2026-01-02T17:16:12","modified_gmt":"2026-01-02T17:16:12","slug":"dans-un-ter-lille-courtrai-un-homme-et-une-femme-volent-le-precieux-contenu-du-sac-de-neerlandais","status":"publish","type":"post","link":"https:\/\/www.europesays.com\/fr\/636602\/","title":{"rendered":"Dans un TER Lille-Courtrai, un homme et une femme volent le pr\u00e9cieux contenu du sac de N\u00e9erlandais"},"content":{"rendered":"<p>                    Par<br \/>\n        <strong><br \/>\n            <a href=\"https:\/\/actu.fr\/auteur\/margot-nicodeme\" title=\"Consulter tous les articles de Margot Nicod\u00e8me\" target=\"_blank\" rel=\"noopener\">Margot Nicod\u00e8me<\/a><br \/>\n                    <\/strong><\/p>\n<p>        Publi\u00e9 le<\/p>\n<p>            2 janv. 2026 \u00e0 15h55        <\/p>\n<p>Ils pensaient sans doute avoir \u00e9chapp\u00e9 \u00e0 toute r\u00e9pression <b>apr\u00e8s \u00eatre sortis du TER<\/b>, mais il n\u2019en fut rien. Un homme et une femme ont \u00e9t\u00e9 interpell\u00e9s \u00e0 <a href=\"https:\/\/actu.fr\/hauts-de-france\/tourcoing_59599\" target=\"_blank\" rel=\"noopener\">Tourcoing<\/a> (Nord) : ils ont vol\u00e9 le passager d\u2019un train reliant Lille \u00e0 Courtrai, <a href=\"https:\/\/actu.fr\/tag\/belgique\" target=\"_blank\" rel=\"noopener\">en Belgique<\/a>, le 31 d\u00e9cembre 2025. Comme bien souvent, ce sont <b>les objets d\u00e9rob\u00e9s, munis d\u2019une technologie de g\u00e9olocalisation<\/b>, qui les ont trahis.\u00a0<\/p>\n<p>Les policiers reconnaissent dans le train un voleur interpell\u00e9 par le pass\u00e9\u2026 il venait de recommencer<\/p>\n<p class=\" wall-content\">Le 31 d\u00e9cembre, dans ce <a href=\"https:\/\/actu.fr\/tag\/lille-flandres\" target=\"_blank\" rel=\"noopener\">TER qui vient de quitter Lille<\/a> en direction de la Belgique, <b>les agents de la police aux fronti\u00e8res<\/b> op\u00e8rent une mission de s\u00e9curisation. Leurs passages dans les wagons les mettent sur la route d\u2019un individu qu\u2019ils connaissent bien : ils l\u2019ont d\u00e9j\u00e0 interpell\u00e9 pour vol par le pass\u00e9.\u00a0<\/p>\n<p class=\" wall-content\">Les fonctionnaires n\u2019en font rien, et poursuivent leur mission. Mais rapidement, un couple de N\u00e9erlandais vient \u00e0 leur rencontre : il leur explique<b> s\u2019\u00eatre fait voler un sac \u00e0 dos<\/b>, rang\u00e9 dans les espaces d\u00e9di\u00e9s au-dessus des t\u00eates des voyageurs. Le sac contient un iPad de couleur parme, une batterie externe et des \u00e9couteurs AirPods.\u00a0<\/p>\n<p>La femme retrouv\u00e9e avec l\u2019iPad violet \u00e0 la main \u00e0 Tourcoing, son complice avec les AirPods<\/p>\n<p class=\" wall-content\">Les policiers font le lien avec l\u2019homme connu de leur service, mais il a quitt\u00e9 le TER, accompagn\u00e9 d\u2019une femme.<\/p>\n<p class=\" wall-content\">Ce sont les syst\u00e8mes de g\u00e9olocalisation des appareils vol\u00e9s qui les trahissent :<b> l\u2019iPad borne pr\u00e8s de la gare de Tourcoing<\/b>, o\u00f9 est rapidement retrouv\u00e9e la femme <b>avec l\u2019objet violet \u00e0 la main<\/b>. Elle a \u00e9galement dans son manteau la batterie externe appartenant aux N\u00e9erlandais.<\/p>\n<p class=\" wall-content\">Son complice est retrouv\u00e9 ailleurs \u00e0 Tourcoing, avec en sa possession les AirPods des victimes. Tous deux ont \u00e9t\u00e9 interpell\u00e9s et plac\u00e9s en garde \u00e0 vue, aux alentours de 14h30.<\/p>\n<p class=\" wall-content\">Personnalisez votre actualit\u00e9 en ajoutant vos villes et m\u00e9dias en favori avec <a href=\"https:\/\/moncompte.actu.fr\" title=\"D\u00e9couvez Mon Actu\" rel=\"nofollow noopener\" data-trk=\"{&quot;cta&quot;:{&quot;action&quot;:&quot;https:\\\/\\\/moncompte.actu.fr&quot;,&quot;category&quot;:&quot;mon compte&quot;,&quot;from&quot;:&quot;article footer&quot;,&quot;name&quot;:&quot;Mon actu&quot;,&quot;type&quot;:&quot;cta&quot;}}\" target=\"_blank\">Mon Actu<\/a>.<\/p>\n","protected":false},"excerpt":{"rendered":"Par Margot Nicod\u00e8me Publi\u00e9 le 2 janv. 2026 \u00e0 15h55 Ils pensaient sans doute avoir \u00e9chapp\u00e9 \u00e0 toute&hellip;\n","protected":false},"author":2,"featured_media":636603,"comment_status":"","ping_status":"","sticky":false,"template":"","format":"standard","meta":{"footnotes":""},"categories":[2815],"tags":[1111,11,828,1777,674,118,1011,27,811,1307,12,25,2215],"class_list":{"0":"post-636602","1":"post","2":"type-post","3":"status-publish","4":"format-standard","5":"has-post-thumbnail","7":"category-lille","8":"tag-actu","9":"tag-actualites","10":"tag-belgique","11":"tag-eu","12":"tag-europe","13":"tag-faits-divers","14":"tag-fr","15":"tag-france","16":"tag-hauts-de-france","17":"tag-lille","18":"tag-news","19":"tag-republique-francaise","20":"tag-sncf"},"share_on_mastodon":{"url":"https:\/\/pubeurope.com\/@fr\/115826641263962174","error":""},"_links":{"self":[{"href":"https:\/\/www.europesays.com\/fr\/wp-json\/wp\/v2\/posts\/636602","targetHints":{"allow":["GET"]}}],"collection":[{"href":"https:\/\/www.europesays.com\/fr\/wp-json\/wp\/v2\/posts"}],"about":[{"href":"https:\/\/www.europesays.com\/fr\/wp-json\/wp\/v2\/types\/post"}],"author":[{"embeddable":true,"href":"https:\/\/www.europesays.com\/fr\/wp-json\/wp\/v2\/users\/2"}],"replies":[{"embeddable":true,"href":"https:\/\/www.europesays.com\/fr\/wp-json\/wp\/v2\/comments?post=636602"}],"version-history":[{"count":0,"href":"https:\/\/www.europesays.com\/fr\/wp-json\/wp\/v2\/posts\/636602\/revisions"}],"wp:featuredmedia":[{"embeddable":true,"href":"https:\/\/www.europesays.com\/fr\/wp-json\/wp\/v2\/media\/636603"}],"wp:attachment":[{"href":"https:\/\/www.europesays.com\/fr\/wp-json\/wp\/v2\/media?parent=636602"}],"wp:term":[{"taxonomy":"category","embeddable":true,"href":"https:\/\/www.europesays.com\/fr\/wp-json\/wp\/v2\/categories?post=636602"},{"taxonomy":"post_tag","embeddable":true,"href":"https:\/\/www.europesays.com\/fr\/wp-json\/wp\/v2\/tags?post=636602"}],"curies":[{"name":"wp","href":"https:\/\/api.w.org\/{rel}","templated":true}]}}