{"id":636604,"date":"2026-01-02T17:17:10","date_gmt":"2026-01-02T17:17:10","guid":{"rendered":"https:\/\/www.europesays.com\/fr\/636604\/"},"modified":"2026-01-02T17:17:10","modified_gmt":"2026-01-02T17:17:10","slug":"rencontre-avec-miss-france-balade-ensoleillee-sur-la-cote-nos-idees-de-sorties-dans-le-nord-ce-samedi","status":"publish","type":"post","link":"https:\/\/www.europesays.com\/fr\/636604\/","title":{"rendered":"Rencontre avec Miss France, balade ensoleill\u00e9e sur la c\u00f4te&#8230; Nos id\u00e9es de sorties dans le Nord ce samedi"},"content":{"rendered":"<p>                    Par<br \/>\n        <strong><br \/>\n            <a href=\"https:\/\/actu.fr\/auteur\/margot-nicodeme\" title=\"Consulter tous les articles de Margot Nicod\u00e8me\" target=\"_blank\" rel=\"noopener\">Margot Nicod\u00e8me<\/a><br \/>\n                    <\/strong><\/p>\n<p>        Publi\u00e9 le<\/p>\n<p>            2 janv. 2026 \u00e0 16h36        <\/p>\n<p>Ce premier week-end de l\u2019ann\u00e9e 2026 sonne le glas des vacances d\u2019hiver. Pour boucler la boucle, pourquoi ne pas s\u2019organiser une (derni\u00e8re) escapade ou sortie marquante ? Les activit\u00e9s ne manquent pas, \u00e0 <a href=\"https:\/\/actu.fr\/hauts-de-france\/lille_59350\" target=\"_blank\" rel=\"noopener\">Lille<\/a>, dans la m\u00e9tropole et plus largement dans le <a href=\"https:\/\/actu.fr\/hauts-de-france\/nord_59\" target=\"_blank\" rel=\"noopener\">Nord<\/a>. Ces samedi 3 et dimanche 4 janvier devraient <a href=\"https:\/\/actu.fr\/societe\/la-neige-tombera-t-elle-sur-le-nord-et-le-pas-de-calais-les-premiers-jours-de-2026-comme-annonce_63641458.html\" target=\"_blank\" rel=\"noopener\">s\u2019accompagner d\u2019un beau soleil<\/a>, mais il fera froid. Alors que vous choisissiez une activit\u00e9 en int\u00e9rieur ou en ext\u00e9rieur,<b> voici ce que la r\u00e9dac\u2019 a rep\u00e9r\u00e9 pour vous, pour la journ\u00e9e de samedi (<\/b>on vous concocte un nouvel article pour la journ\u00e9e de dimanche).<\/p>\n<ul class=\" wall-content\">\n<li><a href=\"https:\/\/actu.fr\/economie\/soldes-dhiver-2026-voici-quand-debutent-les-bonnes-affaires-en-belgique_63644471.html\" target=\"_blank\" rel=\"noopener\"><b>Les soldes commencent en Belgique<\/b><\/a><\/li>\n<\/ul>\n<p class=\" wall-content\">Pourquoi ne pas profiter du lancement des soldes en avance, chez nos voisins belges, pour aller explorer leurs superbes r\u00e9gions ? Entre bonnes affaires et visites pittoresques, la journ\u00e9e promet d\u2019\u00eatre m\u00e9morable.<\/p>\n<ul class=\" wall-content\">\n<li><b>Mais alors o\u00f9 aller en Belgique, pour une escapade d\u00e9paysante ?<\/b><\/li>\n<\/ul>\n<p class=\" wall-content\">Quitte \u00e0 franchir la fronti\u00e8re, autant bien le faire. Les villes \u00e0 visiter en Belgique sont tr\u00e8s nombreuses, mais nos coups de c\u0153ur vont \u00e0 <a href=\"https:\/\/actu.fr\/loisirs-culture\/terrasses-au-bord-de-leau-et-architecture-a-couper-le-souffle-on-a-visite-gand-en-belgique_60858153.html\" target=\"_blank\" rel=\"noopener\">Gand<\/a>, <a href=\"https:\/\/actu.fr\/loisirs-culture\/musee-du-chocolat-et-plus-belle-gare-du-monde-decouvrez-cette-ville-scintillante-a-1h40-de-lille_60679385.html\" target=\"_blank\" rel=\"noopener\">Anvers<\/a>, <a href=\"https:\/\/actu.fr\/loisirs-culture\/a-moins-dune-heure-de-lille-longez-le-littoral-belge-a-la-decouverte-doeuvres-etonnantes_63624804.html\" target=\"_blank\" rel=\"noopener\">La Panne<\/a> (sur le littoral), <a href=\"https:\/\/actu.fr\/loisirs-culture\/a-seulement-30-minutes-de-lille-la-visite-de-cette-ville-se-revele-fascinante_61410935.html\" target=\"_blank\" rel=\"noopener\">Courtrai<\/a>, ou encore \u00e0 <a href=\"https:\/\/actu.fr\/loisirs-culture\/a-la-frontiere-avec-le-nord-decouvrez-le-charme-incroyable-de-cette-petite-ville-belge_61311161.html\" target=\"_blank\" rel=\"noopener\">cette petite ville aux jardins suspendus<\/a>\u2026 D\u00e9couvrez nos articles d\u00e9di\u00e9s \u00e0 chacune d\u2019elle, et faites votre choix !<\/p>\n<ul class=\" wall-content\">\n<li><b><a href=\"https:\/\/actu.fr\/hauts-de-france\/englos_59195\/hinaupoko-deveze-miss-france-2026-sera-bientot-dans-ce-grand-centre-commercial-de-la-metropole-de-lille_63621669.html\" target=\"_blank\" rel=\"noopener\">Hinaupoko Dev\u00e8ze, Miss France 2026, sera bient\u00f4t dans ce grand centre commercial de la m\u00e9tropole de Lille<\/a><\/b><\/li>\n<\/ul>\n<p class=\" wall-content\">Une invit\u00e9e de marque va se rendre dans ce grand centre commercial de la m\u00e9tropole de Lille, ce samedi : Hinaupoko Dev\u00e8ze, nouvelle Miss France. D\u00e9tails.<\/p>\n<p>Votre r\u00e9gion, votre actu !<\/p>\n<p>Recevez chaque jour les infos qui comptent pour vous.<\/p>\n<p>\t<a href=\"https:\/\/actu.fr\/newsletter\" class=\"ac-btn ac-btn--corner ac-btn--medium ac-btn--blue800\" target=\"_blank\" rel=\"noopener\">S&rsquo;incrire<\/a><\/p>\n<ul class=\" wall-content\">\n<li><a href=\"https:\/\/actu.fr\/hauts-de-france\/tourcoing_59599\/tourcoing-plongez-dans-lunivers-de-ce-jeu-video-mondialement-connu-dans-une-exposition_63610536.html\" target=\"_blank\" rel=\"noopener\"><b>Tourcoing. Plongez dans l\u2019univers de ce jeu vid\u00e9o mondialement connu dans une exposition<\/b><\/a><\/li>\n<\/ul>\n<p class=\" wall-content\">Red\u00e9couvrir la ville de Bagdad \u00e0 travers son histoire et\u2026 \u00e0 la mani\u00e8re d\u2019Assassin\u2019s Creed\u2009! C\u2019est ce qui vous est propos\u00e9 jusqu\u2019\u00e0 d\u00e9but f\u00e9vrier 2026 \u00e0 l\u2019IMA de Tourcoing.<\/p>\n<ul class=\" wall-content\">\n<li><b><a href=\"https:\/\/actu.fr\/hauts-de-france\/villeneuve-d-ascq_59009\/villeneuve-dascq-limpressionnant-planetarium-du-forum-des-sciences-rouvre-ses-portes-ce-samedi_63315604.html\" target=\"_blank\" rel=\"noopener\">Villeneuve-d\u2019Ascq : l\u2019impressionnant plan\u00e9tarium du Forum des sciences rouvre ses portes ce samedi<\/a><\/b><\/li>\n<\/ul>\n<p class=\" wall-content\">Vous allez litt\u00e9ralement en prendre plein les yeux ! Depuis octobre 2025, le plan\u00e9tarium du Forum des sciences de Villeneuve-d\u2019Ascq accueille le public sous une nouvelle version, profond\u00e9ment modernis\u00e9e. La t\u00eate dans les \u00e9toiles.\u00a0<\/p>\n<ul class=\" wall-content\">\n<li><a href=\"https:\/\/actu.fr\/hauts-de-france\/lille_59350\/cest-quoi-escapad-ce-concept-inedit-de-sport-urbain-qui-ouvre-au-centre-westfield-euralille_63393265.html\" target=\"_blank\" rel=\"noopener\"><b>C\u2019est quoi Escapad, ce concept in\u00e9dit de sport urbain qui vient d\u2019ouvrir au centre Westfield Euralille\u2009?<\/b><\/a><\/li>\n<\/ul>\n<p class=\" wall-content\">Padel, escalade, resto et ambiance d\u00e9tendue\u2009: le concept Escapad vient de d\u00e9barquer \u00e0 Westfield Euralille et r\u00e9invente la fa\u00e7on de bouger, manger et se retrouver en ville.<\/p>\n<ul class=\" wall-content\">\n<li><b><a href=\"https:\/\/actu.fr\/hauts-de-france\/lille_59350\/a-lille-des-oeuvres-dart-restaurees-ont-livre-dimpressionnants-secrets-en-2025_63636248.html\" target=\"_blank\" rel=\"noopener\">\u00c0 Lille, des \u0153uvres d\u2019art restaur\u00e9es ont livr\u00e9 d\u2019impressionnants secrets en 2025<\/a><\/b><\/li>\n<\/ul>\n<p class=\" wall-content\">De tr\u00e8s belles restaurations ont \u00e9t\u00e9 r\u00e9alis\u00e9es \u00e0 Lille au Palais des Beaux-arts en 2025. Elles ont livr\u00e9 leurs secrets, que vous pouvez d\u00e9couvrir d\u00e8s ce week-end (et c\u2019est gratuit dimanche !).<\/p>\n<ul class=\" wall-content\">\n<li><b><a href=\"https:\/\/actu.fr\/hauts-de-france\/roubaix_59512\/cinq-patinoires-a-tester-pour-noel-dans-la-metropole-de-lille_63599287.html\" target=\"_blank\" rel=\"noopener\">Cinq patinoires \u00e0 tester pour No\u00ebl, dans la m\u00e9tropole de Lille<\/a><\/b><\/li>\n<\/ul>\n<p class=\" wall-content\">Envie de patiner\u2009? Vous pouvez encore le faire \u00e0 plusieurs endroits dans la m\u00e9tropole de Lille. Voici les patinoires rep\u00e9r\u00e9es par la r\u00e9daction, et elles ne seront plus l\u00e0 tr\u00e8s longtemps.<\/p>\n<ul class=\" wall-content\">\n<li><b><a href=\"https:\/\/actu.fr\/hauts-de-france\/lille_59350\/a-lille-une-experience-immersive-en-realite-virtuelle-fait-revivre-lepopee-de-napoleon_63593579.html\" target=\"_blank\" rel=\"noopener\">\u00c0 Lille, une exp\u00e9rience immersive en r\u00e9alit\u00e9 virtuelle fait revivre l\u2019\u00e9pop\u00e9e de Napol\u00e9on<\/a><\/b><\/li>\n<\/ul>\n<p class=\" wall-content\">Envie de faire un bond dans le pass\u00e9 ? Direction le Follow Park des Tanneurs \u00e0 Lille pour revivre l\u2019\u00e9pop\u00e9e de Napol\u00e9on avec la r\u00e9alit\u00e9 virtuelle. Instructif et ludique \u00e0 la fois.<\/p>\n<ul class=\" wall-content\">\n<li><b><a href=\"https:\/\/infolocale.actu.fr\/evenements\/evenement-lille-exposition-musee-animation-en-classe-d-autrefois-709035329\" target=\"_blank\" rel=\"noopener\">Retour dans le temps avec avec dict\u00e9e \u00e0 la plume et go\u00fbter dans une \u00e9cole d\u2019autrefois ) \u00e0 Lille<\/a><\/b><\/li>\n<\/ul>\n<p class=\" wall-content\">Vous d\u00e9couvrirez une classe \u00e0 l\u2019ancienne avec toute son ambiance, de cire, de craie, d\u2019encre violette, de porte-plumes et buvards. Le ma\u00eetre d\u2019\u00e9cole vous expliquera ces objets d\u2019autrefois et authentiques qui ont marqu\u00e9 votre enfance (ou celle de vos parents et grands-parents). Au programme : une dict\u00e9e \u00e0 la plume, des expos et un go\u00fbter \u00e0 l\u2019ancienne.<b\/><\/p>\n<ul class=\" wall-content\">\n<li><a href=\"https:\/\/actu.fr\/hauts-de-france\/lille_59350\/decouvrez-en-images-leblouissante-expo-lego-the-art-of-the-brick-tout-juste-arrivee-a-lille_63558290.html\" target=\"_blank\" rel=\"noopener\"><b>Retournez en enfance avec l\u2019\u00e9blouissante expo LEGO\u00ae \u00a0\u00ab\u00a0The Art of the Brick\u00a0\u00bb<\/b><\/a><b\/><\/li>\n<\/ul>\n<p class=\" wall-content\">\u00c9merveillement : s\u2019il ne fallait retenir qu\u2019un sentiment, ce serait celui-l\u00e0. L\u2019expo LEGO\u00ae \u00ab\u00a0The Art of the Brick\u00a0\u00bb fait un stop \u00e0 Lille, \u00e0 Euratechnologies, apr\u00e8s un tour du monde.<\/p>\n<ul class=\" wall-content\">\n<li><b><a href=\"https:\/\/actu.fr\/hauts-de-france\/dunkerque_59183\/front-de-mer-a-perte-de-vue-bus-gratuits-et-restos-presque-les-pieds-dans-leau-visitez-dunkerque_62959054.html\" target=\"_blank\" rel=\"noopener\">Front de mer \u00e0 perte de vue, bus gratuits et restos (presque) les pieds dans l\u2019eau : visitez Dunkerque<\/a><\/b><\/li>\n<\/ul>\n<p class=\" wall-content\">Depuis Lille, c\u2019est tout droit sur l\u2019A25 : Dunkerque n\u2019est qu\u2019\u00e0 une heure de route, et constitue une pause d\u00e9tente bienvenue avec son \u00e9tendu front de mer. Et samedi, il fait beau !<\/p>\n<p class=\" wall-content\">Personnalisez votre actualit\u00e9 en ajoutant vos villes et m\u00e9dias en favori avec <a href=\"https:\/\/moncompte.actu.fr\" title=\"D\u00e9couvez Mon Actu\" rel=\"nofollow noopener\" data-trk=\"{&quot;cta&quot;:{&quot;action&quot;:&quot;https:\\\/\\\/moncompte.actu.fr&quot;,&quot;category&quot;:&quot;mon compte&quot;,&quot;from&quot;:&quot;article footer&quot;,&quot;name&quot;:&quot;Mon actu&quot;,&quot;type&quot;:&quot;cta&quot;}}\" target=\"_blank\">Mon Actu<\/a>.<\/p>\n","protected":false},"excerpt":{"rendered":"Par Margot Nicod\u00e8me Publi\u00e9 le 2 janv. 2026 \u00e0 16h36 Ce premier week-end de l\u2019ann\u00e9e 2026 sonne le&hellip;\n","protected":false},"author":2,"featured_media":636605,"comment_status":"","ping_status":"","sticky":false,"template":"","format":"standard","meta":{"footnotes":""},"categories":[2815],"tags":[1111,11,1777,674,652,1011,27,811,1307,1652,12,25,3176],"class_list":{"0":"post-636604","1":"post","2":"type-post","3":"status-publish","4":"format-standard","5":"has-post-thumbnail","7":"category-lille","8":"tag-actu","9":"tag-actualites","10":"tag-eu","11":"tag-europe","12":"tag-famille","13":"tag-fr","14":"tag-france","15":"tag-hauts-de-france","16":"tag-lille","17":"tag-loisirs-culture","18":"tag-news","19":"tag-republique-francaise","20":"tag-vacances-scolaires"},"share_on_mastodon":{"url":"https:\/\/pubeurope.com\/@fr\/115826645014190604","error":""},"_links":{"self":[{"href":"https:\/\/www.europesays.com\/fr\/wp-json\/wp\/v2\/posts\/636604","targetHints":{"allow":["GET"]}}],"collection":[{"href":"https:\/\/www.europesays.com\/fr\/wp-json\/wp\/v2\/posts"}],"about":[{"href":"https:\/\/www.europesays.com\/fr\/wp-json\/wp\/v2\/types\/post"}],"author":[{"embeddable":true,"href":"https:\/\/www.europesays.com\/fr\/wp-json\/wp\/v2\/users\/2"}],"replies":[{"embeddable":true,"href":"https:\/\/www.europesays.com\/fr\/wp-json\/wp\/v2\/comments?post=636604"}],"version-history":[{"count":0,"href":"https:\/\/www.europesays.com\/fr\/wp-json\/wp\/v2\/posts\/636604\/revisions"}],"wp:featuredmedia":[{"embeddable":true,"href":"https:\/\/www.europesays.com\/fr\/wp-json\/wp\/v2\/media\/636605"}],"wp:attachment":[{"href":"https:\/\/www.europesays.com\/fr\/wp-json\/wp\/v2\/media?parent=636604"}],"wp:term":[{"taxonomy":"category","embeddable":true,"href":"https:\/\/www.europesays.com\/fr\/wp-json\/wp\/v2\/categories?post=636604"},{"taxonomy":"post_tag","embeddable":true,"href":"https:\/\/www.europesays.com\/fr\/wp-json\/wp\/v2\/tags?post=636604"}],"curies":[{"name":"wp","href":"https:\/\/api.w.org\/{rel}","templated":true}]}}