{"id":636606,"date":"2026-01-02T17:18:10","date_gmt":"2026-01-02T17:18:10","guid":{"rendered":"https:\/\/www.europesays.com\/fr\/636606\/"},"modified":"2026-01-02T17:18:10","modified_gmt":"2026-01-02T17:18:10","slug":"la-fille-du-peintre-georges-briata-veut-relancer-la-creation-dun-vitrail-sur-le-fronton-de-la-gare-saint-charles","status":"publish","type":"post","link":"https:\/\/www.europesays.com\/fr\/636606\/","title":{"rendered":"La fille du peintre Georges Briata veut relancer la cr\u00e9ation d&rsquo;un vitrail sur le fronton de la gare Saint-Charles."},"content":{"rendered":"<p>C&rsquo;est un projet de\u00a02010\u00a0: le peintre <a href=\"https:\/\/www.laprovence.com\/article\/region\/41957948075003\/la-ciotat-rend-hommage-a-lartiste-provencal-georges-briata-en-40-peintures-a-la-chapelle-des-penitents-bleus\" target=\"_blank\" rel=\"noopener\">Georges Briata<\/a> et le ma\u00eetre verrier Dominique Imbert avait imagin\u00e9 la cr\u00e9ation d&rsquo;un vitrail monumental pour la gare Saint-Charles. Une \u0153uvre pr\u00e9vue pour \u00eatre r\u00e9alis\u00e9e en amont de la Capitale europ\u00e9enne de la culture en\u00a02013 et qui n&rsquo;a jamais vu le jour. La SNCF avait alors expliqu\u00e9 que la fresque risquait \u00ab\u00a0d&rsquo;assombrir la gare\u00a0\u00bb et s&rsquo;inqui\u00e9tait de\u00a0\u00ab\u00a0la maintenance d\u00e9licate et vraisemblablement on\u00e9reuse\u00a0\u00bb. \u00ab\u00a0Argument bidon\u00a0\u00bb, s&rsquo;\u00e9tait emport\u00e9 l&rsquo;artiste Georges Briata, d\u00e9c\u00e9d\u00e9 en\u00a02019.<\/p>\n<p>Sa fille Laurence Briata a lanc\u00e9 une p\u00e9tition sur <a href=\"https:\/\/www.change.org\/\" target=\"_blank\" rel=\"noopener\">change.org <\/a>pour la reprise du projet. Elle y pr\u00e9cise qu&rsquo;un \u00ab\u00a0nouvel architecte a \u00e9t\u00e9 mandat\u00e9, fin\u00a02025, pour l&rsquo;analyse et le suivi de cr\u00e9ation du projet si les autorisations sont donn\u00e9es\u00a0: <a href=\"https:\/\/www.laprovence.com\/article\/societe\/377546294460214\/et-si-on-imaginait-la-ville-de-demain-selon-larchitecte-rudy-ricciotti-il-faut-conserver-le-bati-comme-un-patrimoine-a-marseille\" target=\"_blank\" rel=\"noopener\">Rudy Ricciotti<\/a>\u00a0\u00bb et que les demandes d&rsquo;autorisations ont \u00e9t\u00e9 envoy\u00e9es en d\u00e9cembre au pr\u00e9sident de la R\u00e9publique, Emmanuel Macron, et au PDG de la SNCF, Jean Castex.<\/p>\n","protected":false},"excerpt":{"rendered":"C&rsquo;est un projet de\u00a02010\u00a0: le peintre Georges Briata et le ma\u00eetre verrier Dominique Imbert avait imagin\u00e9 la cr\u00e9ation&hellip;\n","protected":false},"author":2,"featured_media":636607,"comment_status":"","ping_status":"","sticky":false,"template":"","format":"standard","meta":{"footnotes":""},"categories":[2814],"tags":[5734,1111,11,74391,4942,1777,674,195,1011,27,18075,884,12,17258,316,882,15886,25,9870],"class_list":{"0":"post-636606","1":"post","2":"type-post","3":"status-publish","4":"format-standard","5":"has-post-thumbnail","7":"category-marseille","8":"tag-5734","9":"tag-actu","10":"tag-actualites","11":"tag-briata","12":"tag-creation","13":"tag-eu","14":"tag-europe","15":"tag-fille","16":"tag-fr","17":"tag-france","18":"tag-georges","19":"tag-marseille","20":"tag-news","21":"tag-peintre","22":"tag-politique","23":"tag-provence-alpes-cote-dazur","24":"tag-relancer","25":"tag-republique-francaise","26":"tag-veut"},"share_on_mastodon":{"url":"https:\/\/pubeurope.com\/@fr\/115826648945892272","error":""},"_links":{"self":[{"href":"https:\/\/www.europesays.com\/fr\/wp-json\/wp\/v2\/posts\/636606","targetHints":{"allow":["GET"]}}],"collection":[{"href":"https:\/\/www.europesays.com\/fr\/wp-json\/wp\/v2\/posts"}],"about":[{"href":"https:\/\/www.europesays.com\/fr\/wp-json\/wp\/v2\/types\/post"}],"author":[{"embeddable":true,"href":"https:\/\/www.europesays.com\/fr\/wp-json\/wp\/v2\/users\/2"}],"replies":[{"embeddable":true,"href":"https:\/\/www.europesays.com\/fr\/wp-json\/wp\/v2\/comments?post=636606"}],"version-history":[{"count":0,"href":"https:\/\/www.europesays.com\/fr\/wp-json\/wp\/v2\/posts\/636606\/revisions"}],"wp:featuredmedia":[{"embeddable":true,"href":"https:\/\/www.europesays.com\/fr\/wp-json\/wp\/v2\/media\/636607"}],"wp:attachment":[{"href":"https:\/\/www.europesays.com\/fr\/wp-json\/wp\/v2\/media?parent=636606"}],"wp:term":[{"taxonomy":"category","embeddable":true,"href":"https:\/\/www.europesays.com\/fr\/wp-json\/wp\/v2\/categories?post=636606"},{"taxonomy":"post_tag","embeddable":true,"href":"https:\/\/www.europesays.com\/fr\/wp-json\/wp\/v2\/tags?post=636606"}],"curies":[{"name":"wp","href":"https:\/\/api.w.org\/{rel}","templated":true}]}}