{"id":636644,"date":"2026-01-02T17:38:10","date_gmt":"2026-01-02T17:38:10","guid":{"rendered":"https:\/\/www.europesays.com\/fr\/636644\/"},"modified":"2026-01-02T17:38:10","modified_gmt":"2026-01-02T17:38:10","slug":"la-ligue-de-golf-se-dote-dune-nouvelle-equipe-pour-relancer-la-discipline-en-guadeloupe","status":"publish","type":"post","link":"https:\/\/www.europesays.com\/fr\/636644\/","title":{"rendered":"La ligue de golf se dote d\u2019une nouvelle \u00e9quipe pour relancer la discipline en Guadeloupe"},"content":{"rendered":"<p>La crise sanitaire a laiss\u00e9 des traces durables dans le monde du golf local. La fermeture du site embl\u00e9matique de Saint-Fran\u00e7ois a aussi accentu\u00e9 les difficult\u00e9s. Progressivement, les licenci\u00e9s se sont m\u00eame d\u00e9saffect\u00e9s.\u00a0<\/p>\n<p><strong>\u00c0 LIRE AUSSI<\/strong>\u00a0<a href=\"https:\/\/rci.fm\/guadeloupe\/infos\/Justice\/Golf-de-Saint-Francois-la-requete-de-Bernard-Pancrel-rejetee-par-le-Conseil\" target=\"_blank\" rel=\"noopener\">Golf de Saint-Fran\u00e7ois : la requ\u00eate de Bernard Pancrel rejet\u00e9e par le Conseil constitutionnel<\/a><\/p>\n<p>Pour inverser la tendance, une nouvelle \u00e9quipe dirigeante a \u00e9t\u00e9 mise en place. \u00c0 sa t\u00eate, Ang\u00e9la Houstan, d\u00e9termin\u00e9e \u00e0 insuffler un nouvel \u00e9lan au golf guadeloup\u00e9en et \u00e0 poser les bases d\u2019un d\u00e9veloppement \u00e0 long terme.<\/p>\n<p>Miser sur les scolaires et la formation<\/p>\n<p>Parmi les premi\u00e8res actions engag\u00e9es, la ligue a choisi de cibler en priorit\u00e9 le public scolaire, afin de d\u00e9mocratiser la pratique et susciter de nouvelles vocations selon <strong>Ang\u00e9la Houstan<\/strong>.<\/p>\n<blockquote>\n<p>Il y a du travail, donc on va dire un bilan positif parce qu&rsquo;on a su faire des investissements. Dans un premier temps, l&rsquo;axe des scolaires. On a fait l&rsquo;acquisition de kits scolaires pour le d\u00e9veloppement. Nous sommes en train de mettre en place des formations pour les professeurs des \u00e9coles afin de d\u00e9mocratiser notre discipline. Donc, un des premiers axes qu&rsquo;on s&rsquo;\u00e9tait donn\u00e9s comme objectif est atteint.<\/p>\n<\/blockquote>\n<p>La ligue tente aussi de maintenir l\u2019organisation de comp\u00e9titions pour les adultes comme pour les jeunes.<\/p>\n<blockquote>\n<p>Ensuite, nous avons mis en place des comp\u00e9titions pour les adultes et les jeunes. Malheureusement, la qualit\u00e9 du terrain n&rsquo;est pas \u00e0 la hauteur des sportifs. Donc c&rsquo;est vrai qu&rsquo;on a fait comme on pouvait, mais on souhaite vraiment que ce terrain soit du niveau dont il a \u00e9t\u00e9. Qu\u2019il retrouve ses lettres de noblesse pour pouvoir permettre d&rsquo;avoir une vrai exp\u00e9rience golfique.<\/p>\n<\/blockquote>\n<p>Un chantier de long terme pour la nouvelle \u00e9quipe, qui mise sur la formation, la jeunesse et la qualit\u00e9 des \u00e9quipements pour relancer durablement la discipline.<\/p>\n","protected":false},"excerpt":{"rendered":"La crise sanitaire a laiss\u00e9 des traces durables dans le monde du golf local. La fermeture du site&hellip;\n","protected":false},"author":2,"featured_media":636645,"comment_status":"","ping_status":"","sticky":false,"template":"","format":"standard","meta":{"footnotes":""},"categories":[1418],"tags":[1011,27,1472,60],"class_list":{"0":"post-636644","1":"post","2":"type-post","3":"status-publish","4":"format-standard","5":"has-post-thumbnail","7":"category-golf","8":"tag-fr","9":"tag-france","10":"tag-golf","11":"tag-sports"},"share_on_mastodon":{"url":"https:\/\/pubeurope.com\/@fr\/115826727462429961","error":""},"_links":{"self":[{"href":"https:\/\/www.europesays.com\/fr\/wp-json\/wp\/v2\/posts\/636644","targetHints":{"allow":["GET"]}}],"collection":[{"href":"https:\/\/www.europesays.com\/fr\/wp-json\/wp\/v2\/posts"}],"about":[{"href":"https:\/\/www.europesays.com\/fr\/wp-json\/wp\/v2\/types\/post"}],"author":[{"embeddable":true,"href":"https:\/\/www.europesays.com\/fr\/wp-json\/wp\/v2\/users\/2"}],"replies":[{"embeddable":true,"href":"https:\/\/www.europesays.com\/fr\/wp-json\/wp\/v2\/comments?post=636644"}],"version-history":[{"count":0,"href":"https:\/\/www.europesays.com\/fr\/wp-json\/wp\/v2\/posts\/636644\/revisions"}],"wp:featuredmedia":[{"embeddable":true,"href":"https:\/\/www.europesays.com\/fr\/wp-json\/wp\/v2\/media\/636645"}],"wp:attachment":[{"href":"https:\/\/www.europesays.com\/fr\/wp-json\/wp\/v2\/media?parent=636644"}],"wp:term":[{"taxonomy":"category","embeddable":true,"href":"https:\/\/www.europesays.com\/fr\/wp-json\/wp\/v2\/categories?post=636644"},{"taxonomy":"post_tag","embeddable":true,"href":"https:\/\/www.europesays.com\/fr\/wp-json\/wp\/v2\/tags?post=636644"}],"curies":[{"name":"wp","href":"https:\/\/api.w.org\/{rel}","templated":true}]}}