{"id":636648,"date":"2026-01-02T17:41:12","date_gmt":"2026-01-02T17:41:12","guid":{"rendered":"https:\/\/www.europesays.com\/fr\/636648\/"},"modified":"2026-01-02T17:41:12","modified_gmt":"2026-01-02T17:41:12","slug":"une-pionniere-et-legende-du-sport-pourquoi-venus-williams-est-invitee-a-participer-a-lopen-daustralie","status":"publish","type":"post","link":"https:\/\/www.europesays.com\/fr\/636648\/","title":{"rendered":"\u00ab\u00a0Une pionni\u00e8re et l\u00e9gende du sport\u00a0\u00bb&#8230; Pourquoi Venus Williams est invit\u00e9e \u00e0 participer \u00e0 l&rsquo;Open d&rsquo;Australie"},"content":{"rendered":"\n<p class=\"c-chapo \">\n  L&rsquo;Am\u00e9ricaine n&rsquo;a plus gagn\u00e9 deux matchs cons\u00e9cutifs depuis 2019. L&rsquo;\u00e9t\u00e9 dernier, elle a fait son retour \u00e0 la comp\u00e9tition un\u00a0an apr\u00e8s avoir subi une op\u00e9ration pour r\u00e9gler des probl\u00e8mes de sant\u00e9 r\u00e9currents.\n<\/p>\n<p>      lire plus tard<\/p>\n<p id=\"dialog__title\" class=\"dialog__title\">Pour sauvegarder cet article, connectez-vous ou cr\u00e9ez un compte franceinfo<\/p>\n<p class=\"dialog__description\">Sans paiement. Sans abonnement.<\/p>\n<p>        Fermer la fen\u00eatre d\u2019activation des notifications France Info<\/p>\n<p>      cr\u00e9er votre compte<\/p>\n<p>      se connecter<\/p>\n<p>      :<\/p>\n<p>        Fermer la fen\u00eatre de pr\u00e9sentation<\/p>\n<p>    <img loading=\"lazy\" decoding=\"async\" class=\"signature__image lazyload\" width=\"100\" height=\"100\" data- alt=\"\" src=\"https:\/\/www.europesays.com\/fr\/wp-content\/uploads\/2025\/08\/anais-rond-67d06d8eb68f7737337115.jpg\"\/><\/p>\n<p>          France T\u00e9l\u00e9visions &#8211; R\u00e9daction Sport<\/p>\n<p>    Publi\u00e9 le 02\/01\/2026 14:29<\/p>\n<p>        Temps de lecture : 3min<\/p>\n<p>    <img decoding=\"async\"  alt=\"Venus Williams lors du tournoi en double f\u00e9minin de l'US Open, le 1er septembre 2025. (Heather Khalifa\/AP\/SIPA)\" width=\"432\" height=\"243\" src=\"https:\/\/www.europesays.com\/fr\/wp-content\/uploads\/2026\/01\/sipa-ap22980526-000008-6957c0a474244917466532.jpg\" fetchpriority=\"high\"\/><\/p>\n<p>      Venus Williams lors du tournoi en double f\u00e9minin de l&rsquo;US Open, le 1er septembre 2025. (Heather Khalifa\/AP\/SIPA)<\/p>\n<p>\u00ab\u00a0La reine est de retour.\u00a0\u00bb \u00ab\u00a0Je sais que c&rsquo;est une l\u00e9gende mais laissez les jeunes joueurs se montrer.\u00a0\u00bb Les commentaires sont contrast\u00e9s sous la publication Instagram de l&rsquo;Open d&rsquo;Australie annon\u00e7ant, vendredi\u00a02 janvier, <a href=\"https:\/\/www.franceinfo.fr\/sports\/tennis\/open-d-australie\/tennis-invitee-par-les-organisateurs-venus-williams-va-devenir-la-joueuse-la-plus-agee-a-disputer-l-open-d-australie_7716337.html\" data-tooltip-url=\"https:\/\/www.franceinfo.fr\/sports\/tennis\/open-d-australie\/tennis-invitee-par-les-organisateurs-venus-williams-va-devenir-la-joueuse-la-plus-agee-a-disputer-l-open-d-australie_7716337.html\" target=\"_blank\" rel=\"noopener\">l&rsquo;invitation de l&rsquo;Am\u00e9ricaine Venus Williams<\/a> pour l&rsquo;\u00e9dition qui s&rsquo;ouvre le 18\u00a0janvier. \u00c0 45\u00a0ans, la septuple vainqueur d&rsquo;un Grand Chelem en individuel va devenir la joueuse la plus \u00e2g\u00e9e \u00e0 avoir particip\u00e9 au Majeur australien.<\/p>\n<p>En d\u00e9barquant \u00e0 Melbourne, Venus Williams va prendre part \u00e0 son premier tournoi en dehors du sol am\u00e9ricain depuis 2023 et retrouver le Grand Chelem australien pour la premi\u00e8re fois depuis 2021. \u00ab\u00a0Venus est une v\u00e9ritable l\u00e9gende et pionni\u00e8re de notre sport. Elle est une inspiration pour nous\u00a0\u00bb, a justifi\u00e9 Craig Tiley, directeur de l&rsquo;Open d&rsquo;Australie. \u00ab\u00a0Je suis tr\u00e8s heureux de savoir qu&rsquo;on va la revoir sur le court \u00e0 la fois au tournoi d&rsquo;Hobart [\u00e0 partir du 12\u00a0janvier, o\u00f9 elle a re\u00e7u une invitation] et \u00e0 l&rsquo;Open d&rsquo;Australie.\u00a0\u00bb<\/p>\n<p>Comme la Fran\u00e7aise de 20\u00a0ans <a href=\"https:\/\/www.franceinfo.fr\/sports\/tennis\/wta\/tennis-a-19-ans-la-francaise-sarah-rakotomanga-remporte-son-premier-tournoi-wta-a-sao-paulo_7493224.html\" data-tooltip-url=\"https:\/\/www.franceinfo.fr\/sports\/tennis\/wta\/tennis-a-19-ans-la-francaise-sarah-rakotomanga-remporte-son-premier-tournoi-wta-a-sao-paulo_7493224.html\" target=\"_blank\" rel=\"noopener\">Sarah Rakatomanga<\/a>, Venus Williams fait partie des huit\u00a0joueuses \u00e0 avoir re\u00e7u une invitation par les organisateurs de l&rsquo;Open d&rsquo;Australie. \u00ab\u00a0Venus Williams est toujours un grand nom du tennis. Les organisateurs avaient peut-\u00eatre besoin d&rsquo;un visage historique connu\u00a0\u00bb, pose Arnaud Cl\u00e9ment, ancien num\u00e9ro\u00a010 mondial. Le consultant de franceinfo: sport pointe la pr\u00e9sence limit\u00e9e de figures charismatiques dans le tennis f\u00e9minin actuel.<\/p>\n<blockquote class=\"ftvi_content_quote\">\n<p class=\"ftvi_citation_quote\">\u00ab\u00a0Est-ce qu&rsquo;il n&rsquo;y a pas toujours un peu d&rsquo;excitation \u00e0 voir Venus Williams dans un tableau\u00a0? Moi je suis curieux de voir ce que cela peut donner.\u00a0\u00bb<\/p>\n<p>Arnaud Cl\u00e9ment<\/p>\n<p class=\"ftvi_citation_source\">\u00e0 franceinfo: sport<\/p>\n<\/blockquote>\n<p><a href=\"https:\/\/ausopen.com\/articles\/news\/venus-williams-awarded-australian-open-wildcard\" data-tooltip-url=\"https:\/\/ausopen.com\/articles\/news\/venus-williams-awarded-australian-open-wildcard\" target=\"_blank\" rel=\"noopener\">Dans leur communiqu\u00e9<\/a>, les organisateurs mettent en avant le \u00ab\u00a0retour impressionnant\u00a0\u00bb de Venus Williams \u00e0 la comp\u00e9tition en juillet\u00a02025, seize\u00a0mois apr\u00e8s son dernier match et pr\u00e8s d&rsquo;un an apr\u00e8s une op\u00e9ration pour lui <a href=\"https:\/\/www.franceinfo.fr\/replay-radio\/le-billet-vert\/personne-n-en-parle-la-championne-de-tennis-venus-williams-raconte-30-ans-de-souffrance-a-cause-de-fibromes-uterins_7356540.html\" data-tooltip-url=\"https:\/\/www.franceinfo.fr\/replay-radio\/le-billet-vert\/personne-n-en-parle-la-championne-de-tennis-venus-williams-raconte-30-ans-de-souffrance-a-cause-de-fibromes-uterins_7356540.html\" target=\"_blank\" rel=\"noopener\">retirer des fibromes ut\u00e9rins<\/a> qui lui ont caus\u00e9 des d\u00e9cennies de souffrance. Ces probl\u00e8mes de sant\u00e9 \u00ab\u00a0ont affect\u00e9 mon tennis et la trajectoire de ma carri\u00e8re\u00a0\u00bb, a ainsi assur\u00e9 la joueuse.<\/p>\n<p>D\u00e9sormais soign\u00e9e, l&rsquo;Am\u00e9ricaine a voulu reprendre le fil de sa carri\u00e8re. Pour son retour, <a href=\"https:\/\/www.franceinfo.fr\/sports\/tennis\/atp\/reportage-elle-incarne-parfaitement-l-idee-que-rien-n-est-impossible-a-45-ans-venus-williams-de-retour-sur-les-courts-de-tennis-a-l-atp-de-washington_7393831.html\" data-tooltip-url=\"https:\/\/www.franceinfo.fr\/sports\/tennis\/atp\/reportage-elle-incarne-parfaitement-l-idee-que-rien-n-est-impossible-a-45-ans-venus-williams-de-retour-sur-les-courts-de-tennis-a-l-atp-de-washington_7393831.html\" target=\"_blank\" rel=\"noopener\">elle avait battu \u00e0 Washington<\/a> fin juillet sa compatriote Peyton Stearns, alors 35e mondiale, en deux sets, avant de s&rsquo;incliner au tour suivant. Elle avait ensuite perdu au premier tour \u00e0 Cincinnati et \u00e0 l&rsquo;US\u00a0Open. Lors du Grand Chelem am\u00e9ricain, elle avait n\u00e9anmoins r\u00e9ussi \u00e0 arracher un set \u00e0 la Tch\u00e8que Karolina Muchova (11e mondiale), et \u00e0 atteindre les quarts de finale en double aux c\u00f4t\u00e9s de Leylah Fernandez.<\/p>\n<blockquote class=\"ftvi_content_quote\">\n<p class=\"ftvi_citation_quote\">\u00ab\u00a0L&rsquo;an pass\u00e9, j&rsquo;\u00e9tais tr\u00e8s sceptique. Mais en regardant ses matchs, on voit qu&rsquo;il y a des restes. Quand elle n&rsquo;a pas besoin de se d\u00e9placer, elle a toujours de l&rsquo;impact. Son jeu reste d\u00e9stabilisant.\u00a0\u00bb<\/p>\n<p>Arnaud Cl\u00e9ment<\/p>\n<p class=\"ftvi_citation_source\">\u00e0 franceinfo: sport<\/p>\n<\/blockquote>\n<p>Le consultant de franceinfo:\u00a0sport estime n\u00e9anmoins qu&rsquo;une victoire de l&rsquo;Am\u00e9ricaine \u00ab\u00a0ne serait pas un tr\u00e8s bon signal pour le tennis f\u00e9minin\u00a0\u00bb. \u00ab\u00a0Ce n&rsquo;est pas tant son \u00e2ge qui \u00e9tonnant, mais plut\u00f4t le rythme de ses dix\u00a0derni\u00e8res ann\u00e9es de carri\u00e8re\u00a0\u00bb, observe Arnaud Cl\u00e9ment.<\/p>\n<p>Professionnelle depuis ses 14\u00a0ans en 1994, Venus Williams n&rsquo;a plus remport\u00e9 de tournoi individuel depuis 2016. D\u00e9but d\u00e9cembre, elle confiait lors d&rsquo;un match d&rsquo;exhibition \u00eatre port\u00e9e par la passion de son sport. \u00ab\u00a0J&rsquo;adore ce jeu. Je m&rsquo;amuse tellement. Je frappe les balles avec joie. Je ne m&rsquo;en lasse jamais. C&rsquo;est juste la v\u00e9rit\u00e9\u00a0\u00bb, a livr\u00e9 sur le court celle qui s&rsquo;est peu exprim\u00e9e sur les raisons de ses multiples retours.<\/p>\n<blockquote class=\"twitter-tweet\">\n<p lang=\"fr\" dir=\"ltr\">\ud83d\udcca Invit\u00e9e par les organisateurs, Venus Williams \ud83c\uddfa\ud83c\uddf8 va disputer le 22e tableau final de sa carri\u00e8re \u00e0 l&rsquo;Open d&rsquo;Australie.<\/p>\n<p>Un RECORD dans le Grand Chelem Australien depuis le d\u00e9but de l&rsquo;\u00e8re Open (Hommes et Femmes) :<br \/>\u25aa\ufe0f Venus Williams : 25 US Open \ud83c\uddfa\ud83c\uddf8 <br \/>\u25aa\ufe0f Venus Williams : 24\u2026 <a href=\"https:\/\/t.co\/SQaOrtnlID\">pic.twitter.com\/SQaOrtnlID<\/a><\/p>\n<p>\u2014 Jeu, Set et Maths (@JeuSetMaths) <a href=\"https:\/\/twitter.com\/JeuSetMaths\/status\/2007011179923644747?ref_src=twsrc%5Etfw\" target=\"_blank\" rel=\"noopener\">January 2, 2026<\/a><\/p><\/blockquote>\n<p>Avec leur invitation, les organisateurs de l&rsquo;Open d&rsquo;Australie permettent \u00e0 Venus Williams de rentrer un peu plus dans la l\u00e9gende\u00a0: elle participera \u00e0 son 22e\u00a0Grand Chelem australien, un record hommes et femmes confondus. Un de plus \u00e0 ajouter \u00e0 ses 25\u00a0participations \u00e0 l&rsquo;US\u00a0Open, 24\u00a0\u00e0 Roland-Garros et 24\u00a0autres \u00e0 Wimbledon.<\/p>\n<p><script async src=\"https:\/\/platform.twitter.com\/widgets.js\" charset=\"utf-8\"><\/script><\/p>\n","protected":false},"excerpt":{"rendered":"L&rsquo;Am\u00e9ricaine n&rsquo;a plus gagn\u00e9 deux matchs cons\u00e9cutifs depuis 2019. L&rsquo;\u00e9t\u00e9 dernier, elle a fait son retour \u00e0 la&hellip;\n","protected":false},"author":2,"featured_media":636649,"comment_status":"","ping_status":"","sticky":false,"template":"","format":"standard","meta":{"footnotes":""},"categories":[1415],"tags":[1011,27,60,1467],"class_list":{"0":"post-636648","1":"post","2":"type-post","3":"status-publish","4":"format-standard","5":"has-post-thumbnail","7":"category-tennis","8":"tag-fr","9":"tag-france","10":"tag-sports","11":"tag-tennis"},"share_on_mastodon":{"url":"https:\/\/pubeurope.com\/@fr\/115826739401121810","error":""},"_links":{"self":[{"href":"https:\/\/www.europesays.com\/fr\/wp-json\/wp\/v2\/posts\/636648","targetHints":{"allow":["GET"]}}],"collection":[{"href":"https:\/\/www.europesays.com\/fr\/wp-json\/wp\/v2\/posts"}],"about":[{"href":"https:\/\/www.europesays.com\/fr\/wp-json\/wp\/v2\/types\/post"}],"author":[{"embeddable":true,"href":"https:\/\/www.europesays.com\/fr\/wp-json\/wp\/v2\/users\/2"}],"replies":[{"embeddable":true,"href":"https:\/\/www.europesays.com\/fr\/wp-json\/wp\/v2\/comments?post=636648"}],"version-history":[{"count":0,"href":"https:\/\/www.europesays.com\/fr\/wp-json\/wp\/v2\/posts\/636648\/revisions"}],"wp:featuredmedia":[{"embeddable":true,"href":"https:\/\/www.europesays.com\/fr\/wp-json\/wp\/v2\/media\/636649"}],"wp:attachment":[{"href":"https:\/\/www.europesays.com\/fr\/wp-json\/wp\/v2\/media?parent=636648"}],"wp:term":[{"taxonomy":"category","embeddable":true,"href":"https:\/\/www.europesays.com\/fr\/wp-json\/wp\/v2\/categories?post=636648"},{"taxonomy":"post_tag","embeddable":true,"href":"https:\/\/www.europesays.com\/fr\/wp-json\/wp\/v2\/tags?post=636648"}],"curies":[{"name":"wp","href":"https:\/\/api.w.org\/{rel}","templated":true}]}}