{"id":636658,"date":"2026-01-02T17:50:11","date_gmt":"2026-01-02T17:50:11","guid":{"rendered":"https:\/\/www.europesays.com\/fr\/636658\/"},"modified":"2026-01-02T17:50:11","modified_gmt":"2026-01-02T17:50:11","slug":"star-academy-theo-p-fait-une-tendre-declaration-a-la-belge-anouk-on-est-devenus-tellement-proches","status":"publish","type":"post","link":"https:\/\/www.europesays.com\/fr\/636658\/","title":{"rendered":"Star Academy \u2013 Th\u00e9o P. fait une tendre d\u00e9claration \u00e0 la Belge Anouk\u00a0: \u00ab\u00a0On est devenus tellement proches\u00a0\u00bb"},"content":{"rendered":"<p class=\"ap-StoryElement ap-StoryElement--mb ap-StoryText\">Les semaines passent \u00e0 la Star Academy et la comp\u00e9tition se fait de plus en plus rude entre les \u00e9l\u00e8ves restants. Le prime de ce samedi promet d&rsquo;\u00eatre d\u00e9cisif, et sera plac\u00e9 sous le signe de la nostalgie, puisqu&rsquo;une ribambelle d&rsquo;anciens acad\u00e9miciens sont attendus sur le plateau pour c\u00e9l\u00e9brer le 200e show de l&rsquo;\u00e9mission. Trois \u00e9l\u00e8ves sont \u00e0 nouveau en danger : notre compatriote Anouk, Th\u00e9o P. et Victor.<\/p>\n<p class=\"ap-StoryElement ap-StoryElement--mb ap-StoryText\">Une information difficile \u00e0 dig\u00e9rer pour la jeune femme originaire de Wanze. Souvent bien class\u00e9e lors des \u00e9valuations, Anouk voit l&rsquo;\u00e9tau se resserrer, elle qui avait d\u00e9j\u00e0 fait part de ses craintes il y a quelques jours. \u00ab\u00a0J&rsquo;esp\u00e8re juste qu&rsquo;on voudra que je reste\u00a0\u00bb, a-t-elle d\u00e9clar\u00e9 apr\u00e8s avoir appris sa nomination. \u00ab\u00a0Et moi dans tous les cas, je vais tout donner, je vais essayer de faire des choses qui me ressemblent.\u00a0\u00bb<\/p>\n","protected":false},"excerpt":{"rendered":"Les semaines passent \u00e0 la Star Academy et la comp\u00e9tition se fait de plus en plus rude entre&hellip;\n","protected":false},"author":2,"featured_media":634460,"comment_status":"","ping_status":"","sticky":false,"template":"","format":"standard","meta":{"footnotes":""},"categories":[1356],"tags":[57709,8773,58,59,1011,27,66958,20488,17730,5095,252,74394,1364],"class_list":{"0":"post-636658","1":"post","2":"type-post","3":"status-publish","4":"format-standard","5":"has-post-thumbnail","7":"category-television","8":"tag-anouk","9":"tag-declaration","10":"tag-divertissement","11":"tag-entertainment","12":"tag-fr","13":"tag-france","14":"tag-nommes","15":"tag-pilier","16":"tag-relation","17":"tag-star-academy","18":"tag-television","19":"tag-theo-p","20":"tag-tv"},"share_on_mastodon":{"url":"https:\/\/pubeurope.com\/@fr\/115826774790429907","error":""},"_links":{"self":[{"href":"https:\/\/www.europesays.com\/fr\/wp-json\/wp\/v2\/posts\/636658","targetHints":{"allow":["GET"]}}],"collection":[{"href":"https:\/\/www.europesays.com\/fr\/wp-json\/wp\/v2\/posts"}],"about":[{"href":"https:\/\/www.europesays.com\/fr\/wp-json\/wp\/v2\/types\/post"}],"author":[{"embeddable":true,"href":"https:\/\/www.europesays.com\/fr\/wp-json\/wp\/v2\/users\/2"}],"replies":[{"embeddable":true,"href":"https:\/\/www.europesays.com\/fr\/wp-json\/wp\/v2\/comments?post=636658"}],"version-history":[{"count":0,"href":"https:\/\/www.europesays.com\/fr\/wp-json\/wp\/v2\/posts\/636658\/revisions"}],"wp:featuredmedia":[{"embeddable":true,"href":"https:\/\/www.europesays.com\/fr\/wp-json\/wp\/v2\/media\/634460"}],"wp:attachment":[{"href":"https:\/\/www.europesays.com\/fr\/wp-json\/wp\/v2\/media?parent=636658"}],"wp:term":[{"taxonomy":"category","embeddable":true,"href":"https:\/\/www.europesays.com\/fr\/wp-json\/wp\/v2\/categories?post=636658"},{"taxonomy":"post_tag","embeddable":true,"href":"https:\/\/www.europesays.com\/fr\/wp-json\/wp\/v2\/tags?post=636658"}],"curies":[{"name":"wp","href":"https:\/\/api.w.org\/{rel}","templated":true}]}}