{"id":636659,"date":"2026-01-02T17:51:15","date_gmt":"2026-01-02T17:51:15","guid":{"rendered":"https:\/\/www.europesays.com\/fr\/636659\/"},"modified":"2026-01-02T17:51:15","modified_gmt":"2026-01-02T17:51:15","slug":"le-defunt-rappeur-werenoi-obtient-le-premier-disque-de-diamant-de-sa-carriere","status":"publish","type":"post","link":"https:\/\/www.europesays.com\/fr\/636659\/","title":{"rendered":"Le d\u00e9funt rappeur Werenoi obtient le premier disque de diamant de sa carri\u00e8re"},"content":{"rendered":"<p>\n    L\u2019album Pyramide de l\u2019artiste montreuillois, d\u00e9c\u00e9d\u00e9 en mai 2025 \u00e0 31 ans, s\u2019est \u00e9coul\u00e9 \u00e0 plus de 500\u00a0000 exemplaires. Son \u0153uvre est encore \u00e9cout\u00e9e par des millions de fans alors que des rigoristes musulmans avaient demand\u00e9 sa suppression des plateformes pour des motifs religieux.<\/p>\n<p class=\"fig-paragraph\">Le monde du rap et de la musique le pleure encore aujourd\u2019hui et continue de lui rendre hommage en l\u2019\u00e9coutant chaque jour\u00a0&#8211;\u00a0n\u2019en d\u00e9plaise aux jeunes rigoristes musulmans qui avaient\u00a0<a href=\"http:\/\/www.lefigaro.fr\/vox\/societe\/appels-a-supprimer-les-chansons-du-rappeur-werenoi-ces-jeunes-francais-qui-se-comportent-comme-des-talibans-20250520\" data-fig-type=\"Article\" data-gtm-custom-categorie=\"navigation\" data-gtm-custom-action=\"crossclick\" data-gtm-custom-label=\"Contextuel\" data-gtm-event=\"customEventSPE\" data-fig-domain=\"LEFIGARO\" target=\"_blank\" rel=\"noopener\">appel\u00e9 \u00e0 supprimer ses chansons des plateformes<\/a>\u00a0apr\u00e8s\u00a0<a href=\"http:\/\/www.lefigaro.fr\/musique\/le-rappeur-werenoi-plus-gros-vendeur-de-disques-en-france-est-mort-a-31-ans-20250517\" data-fig-type=\"Article\" data-gtm-custom-categorie=\"navigation\" data-gtm-custom-action=\"crossclick\" data-gtm-custom-label=\"Contextuel\" data-gtm-event=\"customEventSPE\" data-fig-domain=\"LEFIGARO\" target=\"_blank\" rel=\"noopener\">sa mort tragique<\/a>, le 17 mai 2025. Alors qu\u2019il aurait d\u00fb f\u00eater son 32e anniversaire sur la sc\u00e8ne de Paris La D\u00e9fense Arena \u00e0 la fin du mois, le rappeur regrett\u00e9 Werenoi s\u2019est vu d\u00e9cerner l\u2019une des distinctions les plus prestigieuses pour un artiste\u00a0:\u00a0son tout premier disque de diamant.<\/p>\n<p class=\"fig-paragraph\">Il r\u00e9compense son avant-dernier album Pyramide, sorti en f\u00e9vrier 2024 et r\u00e9\u00e9dit\u00e9 en octobre de la m\u00eame ann\u00e9e. Un opus de trente titres, dans lequel figurent les morceaux \u00e0 succ\u00e8s P\u00e9tunias, Pyramide, Dans un verre et Maudit, et qui totalise \u00e0 ce jour plus de 500\u00a0000 ventes, selon les chiffres du Syndicat national de l\u2019\u00e9dition phonographique (Snep).<\/p>\n<p>                                            <a class=\"fig-a11y-skip\" href=\"#fig-a11y-skip-main-inarticle\" data-module=\"a11y-skip\" data-context=\"was @visible\"><br \/>\n    Passer la publicit\u00e9<br \/>\n<\/a>            <\/p>\n<p class=\"fig-paragraph\">Ce troph\u00e9e t\u00e9moigne de<a href=\"http:\/\/www.lefigaro.fr\/musique\/qui-est-werenoi-l-artiste-qui-a-vendu-le-plus-d-albums-en-france-en-2024-devancant-indochine-et-taylor-swift-20250105\" data-fig-type=\"Article\" data-gtm-custom-categorie=\"navigation\" data-gtm-custom-action=\"crossclick\" data-gtm-custom-label=\"Contextuel\" data-gtm-event=\"customEventSPE\" data-fig-domain=\"LEFIGARO\" target=\"_blank\" rel=\"noopener\">\u00a0l\u2019impressionnante cote de popularit\u00e9<\/a>\u00a0du discret rappeur montreuillois. Avant son d\u00e9c\u00e8s, caus\u00e9 par une d\u00e9faillance cardiaque, Werenoi \u00e9tait le\u00a0<a href=\"http:\/\/www.lefigaro.fr\/musique\/palmares-meilleurs-ventes-d-albums-le-rappeur-werenoi-en-tete-pour-la-seconde-annee-consecutive-20250109\" data-fig-type=\"Article\" data-gtm-custom-categorie=\"navigation\" data-gtm-custom-action=\"crossclick\" data-gtm-custom-label=\"Contextuel\" data-gtm-event=\"customEventSPE\" data-fig-domain=\"LEFIGARO\" target=\"_blank\" rel=\"noopener\">plus gros vendeur de disques en France<\/a>. Huit mois apr\u00e8s ce douloureux \u00e9v\u00e9nement qui a boulevers\u00e9 l\u2019industrie du rap, il compte toujours parmi les artistes les plus pl\u00e9biscit\u00e9s par les amateurs du genre. En 2025, il a pass\u00e9 quelque 39 semaines dans les dix premi\u00e8res places du top album avec son dernier opus Diamant Noir. Seul\u00a0<a href=\"http:\/\/www.lefigaro.fr\/musique\/gims-federe-toutes-les-generations-a-paris-la-defense-arena-20251220\" data-fig-type=\"NewsFlash\" data-gtm-custom-categorie=\"navigation\" data-gtm-custom-action=\"crossclick\" data-gtm-custom-label=\"Contextuel\" data-gtm-event=\"customEventSPE\" data-fig-domain=\"LEFIGARO\" target=\"_blank\" rel=\"noopener\">Gims\u00a0<\/a>a fait mieux avec un total de 49 semaines dans le haut des Charts.<\/p>\n<p class=\"fig-paragraph\"><strong>Werenoi\u00a0&#8211;\u00a0<\/strong><strong>P\u00e9tunias<\/strong> <strong>\u00a0(2025)<\/strong><\/p>\n<p>                                            Un documentaire Netflix le 31 janvier<\/p>\n<p class=\"fig-paragraph\">Sur les plateformes, Werenoi est encore \u00e9cout\u00e9 par 6,7 millions de personnes chaque mois sur Spotify. Il compte aussi 1,6 million de fans sur Deezer et plus d\u2019un million sur YouTube. En mai dernier, des internautes avaient pourtant appel\u00e9 \u00e0 \u00ab\u00a0boycotter\u00a0\u00bb la musique du rappeur au nom de l\u2019islam. Ils estimaient qu\u2019\u00e9couter ses chansons lui aurait valu \u00ab\u00a0des p\u00each\u00e9s suppl\u00e9mentaires dans l\u2019au-del\u00e0\u00a0\u00bb. Les \u00e9quipes de l\u2019artiste ont alors \u00e9t\u00e9 contraintes de prendre la parole sur les r\u00e9seaux sociaux, affirmant \u00ab\u00a0qu\u2019aucune de ses musiques ne serait retir\u00e9e des plateformes\u00a0\u00bb.<\/p>\n<p class=\"fig-body-link\">\n            \u00c0 lire aussi<br \/>\n        <a class=\"fig-body-link__link fig-premium-mark\" href=\"http:\/\/www.lefigaro.fr\/culture\/werenoi-dans-les-secrets-de-l-ascension-fulgurante-du-plus-gros-vendeur-de-musique-de-france-20250411\" target=\"_blank\" data-fig-type=\"Article\" rel=\"noopener\" data-gtm-custom-categorie=\"navigation\" data-gtm-custom-action=\"crossclick\" data-gtm-custom-label=\"Contextuel\" data-gtm-event=\"customEventSPE\" data-fig-domain=\"LEFIGARO\"><\/p>\n<p>        Werenoi, l\u2019ascension fulgurante du plus gros vendeur de musique de France<br \/>\n    <\/a>\n<\/p>\n<p class=\"fig-paragraph\">Au lieu de laisser son \u0153uvre\u00a0&#8211;\u00a0o\u00f9 il jouait avec les codes des gangsters sans pour autant critiquer les forces de l\u2019ordre, la justice ou la France\u00a0&#8211;\u00a0dispara\u00eetre \u00e0 tout jamais, les fans du rappeur ont entretenu la flamme, faisant de lui un des artistes hip-hop les plus appr\u00e9ci\u00e9s du pays. Le 31 janvier, un hommage lui sera consacr\u00e9 \u00e0 travers\u00a0<a href=\"http:\/\/www.lefigaro.fr\/musique\/werenoi-au-coeur-d-un-documentaire-et-d-une-bataille-judiciaire-pour-son-heritage-20251013\" data-fig-type=\"Article\" data-gtm-custom-categorie=\"navigation\" data-gtm-custom-action=\"crossclick\" data-gtm-custom-label=\"Contextuel\" data-gtm-event=\"customEventSPE\" data-fig-domain=\"LEFIGARO\" target=\"_blank\" rel=\"noopener\">un documentaire produit par Netflix<\/a>. Baptis\u00e9 La v\u00e9rit\u00e9 derri\u00e8re la l\u00e9gende, le film promet de montrer \u00ab\u00a0les coulisses, les faits, la v\u00e9rit\u00e9 et les moments poignants\u00a0\u00bb de sa carri\u00e8re, a indiqu\u00e9 son manager Babs.<\/p>\n","protected":false},"excerpt":{"rendered":"L\u2019album Pyramide de l\u2019artiste montreuillois, d\u00e9c\u00e9d\u00e9 en mai 2025 \u00e0 31 ans, s\u2019est \u00e9coul\u00e9 \u00e0 plus de 500\u00a0000&hellip;\n","protected":false},"author":2,"featured_media":636660,"comment_status":"","ping_status":"","sticky":false,"template":"","format":"standard","meta":{"footnotes":""},"categories":[1355],"tags":[58,59,1011,27,1361,873,3616,74395],"class_list":{"0":"post-636659","1":"post","2":"type-post","3":"status-publish","4":"format-standard","5":"has-post-thumbnail","7":"category-musique","8":"tag-divertissement","9":"tag-entertainment","10":"tag-fr","11":"tag-france","12":"tag-music","13":"tag-musique","14":"tag-rap","15":"tag-snep"},"share_on_mastodon":{"url":"https:\/\/pubeurope.com\/@fr\/115826778916218977","error":""},"_links":{"self":[{"href":"https:\/\/www.europesays.com\/fr\/wp-json\/wp\/v2\/posts\/636659","targetHints":{"allow":["GET"]}}],"collection":[{"href":"https:\/\/www.europesays.com\/fr\/wp-json\/wp\/v2\/posts"}],"about":[{"href":"https:\/\/www.europesays.com\/fr\/wp-json\/wp\/v2\/types\/post"}],"author":[{"embeddable":true,"href":"https:\/\/www.europesays.com\/fr\/wp-json\/wp\/v2\/users\/2"}],"replies":[{"embeddable":true,"href":"https:\/\/www.europesays.com\/fr\/wp-json\/wp\/v2\/comments?post=636659"}],"version-history":[{"count":0,"href":"https:\/\/www.europesays.com\/fr\/wp-json\/wp\/v2\/posts\/636659\/revisions"}],"wp:featuredmedia":[{"embeddable":true,"href":"https:\/\/www.europesays.com\/fr\/wp-json\/wp\/v2\/media\/636660"}],"wp:attachment":[{"href":"https:\/\/www.europesays.com\/fr\/wp-json\/wp\/v2\/media?parent=636659"}],"wp:term":[{"taxonomy":"category","embeddable":true,"href":"https:\/\/www.europesays.com\/fr\/wp-json\/wp\/v2\/categories?post=636659"},{"taxonomy":"post_tag","embeddable":true,"href":"https:\/\/www.europesays.com\/fr\/wp-json\/wp\/v2\/tags?post=636659"}],"curies":[{"name":"wp","href":"https:\/\/api.w.org\/{rel}","templated":true}]}}