{"id":636671,"date":"2026-01-02T17:58:10","date_gmt":"2026-01-02T17:58:10","guid":{"rendered":"https:\/\/www.europesays.com\/fr\/636671\/"},"modified":"2026-01-02T17:58:10","modified_gmt":"2026-01-02T17:58:10","slug":"angelina-jolie-est-allee-au-point-de-passage-de-rafah-pour-constater-le-blocage-de-laide-humanitaire-vers-la-bande-de-gaza","status":"publish","type":"post","link":"https:\/\/www.europesays.com\/fr\/636671\/","title":{"rendered":"Angelina Jolie est all\u00e9e au point de passage de Rafah pour constater le blocage de l\u2019aide humanitaire vers la bande de Gaza"},"content":{"rendered":"\n<p class=\"article__paragraph  \">La star hollywoodienne Angelina Jolie s\u2019est rendue vendredi 2\u00a0janvier au point de passage de Rafah, c\u00f4t\u00e9 \u00e9gyptien, ont constat\u00e9 des journalistes de l\u2019Agence France-Presse. Cette visite avait pour objectif de faire le point sur la situation humanitaire des habitants de Gaza, territoire palestinien ravag\u00e9 par plus de deux ans de guerre.<\/p>\n<p class=\"article__paragraph  \">L\u2019ancienne envoy\u00e9e sp\u00e9ciale du Haut-Commissariat pour les r\u00e9fugi\u00e9s (HCR), venue accompagn\u00e9e d\u2019une d\u00e9l\u00e9gation am\u00e9ricaine, s\u2019est dite \u00ab\u00a0honor\u00e9e\u00a0\u00bb de rencontrer les volontaires des ONG pr\u00e9sentes pr\u00e8s du terminal. \u00ab\u00a0Il y a des centaines de camions qui ne font qu\u2019attendre\u00a0\u00bb, a expliqu\u00e9 un b\u00e9n\u00e9vole du Croissant-Rouge \u00e0 l\u2019actrice oscaris\u00e9e, qui s\u2019est \u00e9galement entretenue avec des chauffeurs de camions humanitaires.<\/p>\n<p class=\"article__paragraph  \">Selon les m\u00e9dias locaux, Angelina Jolie a particip\u00e9 \u00e0 cette visite pour examiner les conditions des Palestiniens bless\u00e9s en provenance de la bande de Gaza ainsi que l\u2019acheminement de l\u2019aide humanitaire vers l\u2019enclave assi\u00e9g\u00e9e. Ni elle ni les autorit\u00e9s n\u2019ont pour l\u2019instant communiqu\u00e9 officiellement sur cette visite.<\/p>\n<p>                                       Lire aussi |  Article r\u00e9serv\u00e9 \u00e0 nos abonn\u00e9s  <a href=\"https:\/\/www.lemonde.fr\/international\/article\/2026\/01\/01\/israel-porte-un-coup-d-arret-au-travail-des-ong-humanitaires-en-palestine-occupee_6660255_3210.html\" class=\"js-article-read-also catcher--favoris__link\" data-premium=\"1\" id=\"article-title-3452966\" target=\"_blank\" rel=\"noopener\">Isra\u00ebl porte un coup d\u2019arr\u00eat au travail des ONG humanitaires en Palestine occup\u00e9e<\/a>    <\/p>\n<p>   Lire plus tard  <\/p>\n<p>                          \u00ab\u00a0Profonde inqui\u00e9tude\u00a0\u00bb                    <\/p>\n<p class=\"article__paragraph  \">Angelina Jolie \u2212 l\u2019un des visages les plus embl\u00e9matiques d\u2019Hollywood \u2212 a renonc\u00e9 \u00e0 son r\u00f4le d\u2019envoy\u00e9e sp\u00e9ciale du HCR fin 2022 apr\u00e8s plus de vingt ans de service, disant vouloir \u00ab\u00a0travailler diff\u00e9remment\u00a0\u00bb et sur des questions humanitaires plus larges. Elle a effectu\u00e9 plus de 60\u00a0missions sur le terrain au fil des ans, pr\u00eatant sa c\u00e9l\u00e9brit\u00e9 et la certitude d\u2019attirer les m\u00e9dias dans ses d\u00e9placements \u00e0 la cause des r\u00e9fugi\u00e9s.<\/p>\n<p class=\"article__paragraph  \">La r\u00e9ouverture du passage de Rafah, pr\u00e9vue par le plan de paix pour le territoire palestinien et r\u00e9clam\u00e9e de longue date par l\u2019ONU et la communaut\u00e9 humanitaire, n\u2019a pas \u00e9t\u00e9 autoris\u00e9e par Isra\u00ebl depuis l\u2019entr\u00e9e en vigueur du cessez-le-feu \u00e0 Gaza le 10\u00a0octobre.<\/p>\n<p class=\"article__paragraph  \">Dans un communiqu\u00e9 conjoint vendredi, l\u2019Egypte ainsi que six autres pays \u00e0 majorit\u00e9 musulmane ont \u00ab\u00a0exig\u00e9\u00a0\u00bb qu\u2019Isra\u00ebl garantisse les op\u00e9rations humanitaires \u00ab\u00a0de mani\u00e8re durable, pr\u00e9visible et sans restriction\u00a0\u00bb, exprimant leur \u00ab\u00a0profonde inqui\u00e9tude face \u00e0 la d\u00e9t\u00e9rioration de la situation humanitaire\u00a0\u00bb dans la bande assi\u00e9g\u00e9e.<\/p>\n<p class=\"article__paragraph  \">Apr\u00e8s l\u2019annonce d\u00e9but d\u00e9cembre par Isra\u00ebl de l\u2019ouverture de ce passage aux seules sorties de Gaza, Le\u00a0Caire avait rapidement d\u00e9menti avoir accept\u00e9 une telle mesure, insistant pour que ce passage soit ouvert dans les deux sens.<\/p>\n<p class=\"author__detail\">  Le Monde avec AFP  <\/p>\n<p>                <a href=\"https:\/\/www.lemonde.fr\/syndication\/\" class=\"reuse__content\" title=\"R\u00e9utiliser ce contenu\" target=\"_blank\" rel=\"noopener\">R\u00e9utiliser ce contenu<\/a>      <\/p>\n","protected":false},"excerpt":{"rendered":"La star hollywoodienne Angelina Jolie s\u2019est rendue vendredi 2\u00a0janvier au point de passage de Rafah, c\u00f4t\u00e9 \u00e9gyptien, ont&hellip;\n","protected":false},"author":2,"featured_media":636672,"comment_status":"","ping_status":"","sticky":false,"template":"","format":"standard","meta":{"footnotes":""},"categories":[5],"tags":[11,1011,27,14,12,28],"class_list":{"0":"post-636671","1":"post","2":"type-post","3":"status-publish","4":"format-standard","5":"has-post-thumbnail","7":"category-international","8":"tag-actualites","9":"tag-fr","10":"tag-france","11":"tag-international","12":"tag-news","13":"tag-world"},"share_on_mastodon":{"url":"https:\/\/pubeurope.com\/@fr\/115826806234669555","error":""},"_links":{"self":[{"href":"https:\/\/www.europesays.com\/fr\/wp-json\/wp\/v2\/posts\/636671","targetHints":{"allow":["GET"]}}],"collection":[{"href":"https:\/\/www.europesays.com\/fr\/wp-json\/wp\/v2\/posts"}],"about":[{"href":"https:\/\/www.europesays.com\/fr\/wp-json\/wp\/v2\/types\/post"}],"author":[{"embeddable":true,"href":"https:\/\/www.europesays.com\/fr\/wp-json\/wp\/v2\/users\/2"}],"replies":[{"embeddable":true,"href":"https:\/\/www.europesays.com\/fr\/wp-json\/wp\/v2\/comments?post=636671"}],"version-history":[{"count":0,"href":"https:\/\/www.europesays.com\/fr\/wp-json\/wp\/v2\/posts\/636671\/revisions"}],"wp:featuredmedia":[{"embeddable":true,"href":"https:\/\/www.europesays.com\/fr\/wp-json\/wp\/v2\/media\/636672"}],"wp:attachment":[{"href":"https:\/\/www.europesays.com\/fr\/wp-json\/wp\/v2\/media?parent=636671"}],"wp:term":[{"taxonomy":"category","embeddable":true,"href":"https:\/\/www.europesays.com\/fr\/wp-json\/wp\/v2\/categories?post=636671"},{"taxonomy":"post_tag","embeddable":true,"href":"https:\/\/www.europesays.com\/fr\/wp-json\/wp\/v2\/tags?post=636671"}],"curies":[{"name":"wp","href":"https:\/\/api.w.org\/{rel}","templated":true}]}}