{"id":636678,"date":"2026-01-02T18:02:18","date_gmt":"2026-01-02T18:02:18","guid":{"rendered":"https:\/\/www.europesays.com\/fr\/636678\/"},"modified":"2026-01-02T18:02:18","modified_gmt":"2026-01-02T18:02:18","slug":"mauvaises-nouvelles-a-saint-etienne-avant-le-mans","status":"publish","type":"post","link":"https:\/\/www.europesays.com\/fr\/636678\/","title":{"rendered":"Mauvaises nouvelles \u00e0 Saint-Etienne avant le Mans"},"content":{"rendered":"<p>Afficher l\u2019index Masquer l\u2019index <\/p>\n<p>L\u2019<strong>ASSE<\/strong> n\u2019est toujours pas au complet pour son premier match en 2026. <strong>Eirik Horneland<\/strong> a d\u00e9clar\u00e9 4 joueurs forfaits, en plus de 2 suspendus, pour le match contre le <strong>Mans SC<\/strong>, samedi.<\/p>\n<p>ASSE : Annan, Ferreira, Duffus et Bernauer indisponibles\t<\/p>\n<p>Diminu\u00e9e par de nombreuses blessures pendant la premi\u00e8re moiti\u00e9 de la saison, <a href=\"https:\/\/www.foot-sur7.fr\/710501-asse-plusieurs-absents-a-lentrainement-cest-inquietant\" data-type=\"post\" data-id=\"710501\" target=\"_blank\" rel=\"noopener\">l\u2019ASSE n\u2019est pas encore gu\u00e9rie<\/a>. Elle tra\u00eene des bless\u00e9s dans la nouvelle ann\u00e9e 2026. Eirik Horneland a annonc\u00e9 le forfait de quatre joueurs de son effectif, lors de la conf\u00e9rence de presse d\u2019avant-match, ce vendredi.<\/p>\n<p>Ebenezer Annan, Joao Ferreira, Joshua Duffus et Maxime Bernauer sont \u00e0 l\u2019infirmerie et indisponibles. Quant \u00e0 Mahmoud Jaber et Augustine Boakye, ils sont suspendus pour le match de la 18e journ\u00e9e de Ligue 2 au Mans (20h).<\/p>\n<p>ASSE : Jaber et Boakye suspendus contre le Mans FC<\/p>\n<p>L\u2019entra\u00eeneur de l\u2019<a href=\"https:\/\/www.foot-sur7.fr\/foot-saint-etienne\" data-type=\"link\" data-id=\"https:\/\/www.foot-sur7.fr\/foot-saint-etienne\" target=\"_blank\" rel=\"noopener\">AS Saint-Etienne<\/a> peut en revanche compter sur le retour de Chico Lamba et A\u00efmen Moueffek dans le collectif. Ils se sont entra\u00een\u00e9s normalement cette semaine, mais ils restent encore incertains. \u00ab\u00a0On va voir s\u2019ils int\u00e8grent le groupe auquel pr\u00e9tend \u00e9galement Djylian N\u2019Guessan\u00a0\u00bb, a indiqu\u00e9 Eirik Horneland.<\/p>\n<p>Horneland attend une r\u00e9ponse de Saint-Etienne au Mans<\/p>\n<p>Rest\u00e9s sur une d\u00e9faite contre l\u2019USL Dunkerque (2-1) et un match nul face au SC Bastia, la lanterne rouge de Ligue 2, les Verts v doivent r\u00e9agir imm\u00e9diatement, afin de rester en course pour la remont\u00e9e en Ligue 1.<\/p>\n<p><a class=\"related-article simple\" href=\"https:\/\/www.foot-sur7.fr\/715269-mercato-fc-nantes-cest-fait-kita-boucle-un-gros-dossier\" target=\"_blank\" rel=\"noopener\">\u00c0 voirMercato FC Nantes : C\u2019est fait, Kita boucle un gros dossier !<\/a><\/p>\n<p><strong>Lisez aussi : <a href=\"https:\/\/www.foot-sur7.fr\/715174-asse-avant-la-phase-retour-horneland-annonce-la-couleur\" target=\"_blank\" rel=\"noopener\">ASSE\u00a0: Avant la phase retour, Horneland annonce la couleur<\/a><\/strong><\/p>\n<p>\u00ab\u00a0Ne pas avoir remport\u00e9 notre derni\u00e8re rencontre de championnat face \u00e0 Bastia nous met sous pression. On se doit de faire mieux en termes de r\u00e9sultats, mais d\u2019abord de contenus\u00a0\u00bb, a d\u00e9clar\u00e9 le coach de l\u2019ASSE.<\/p>\n<p><a href=\"https:\/\/www.foot-sur7.fr\/714363-asse-annonce-officielle-pour-le-deplacement-au-mans\" data-type=\"post\" data-id=\"714363\" target=\"_blank\" rel=\"noopener\">Les Verts s\u2019\u00e9taient inclin\u00e9s face aux Mans FC<\/a> \u00e0 \u00e0 Geoffroy-Guichard (2-3), lors du match aller. <strong>Eirik Horneland<\/strong> esp\u00e8re donc une r\u00e9action de ses joueurs au stade Marie-Marvingt. \u00ab\u00a0Le Mans est sur une s\u00e9rie impressionnante et s\u2019affirme au fil des journ\u00e9es. C\u2019est une \u00e9quipe contre laquelle on s\u2019est inclin\u00e9s \u00e0 domicile. On se doit de r\u00e9pondre\u00a0\u00bb, a-t-il demand\u00e9 aux Verts.<\/p>\n<p>Lire aussi sur l\u2019ASSE :<\/p>\n<p><a href=\"https:\/\/www.foot-sur7.fr\/715176-mercato-asse-les-besoins-de-horneland-pour-lhiver\" target=\"_blank\" rel=\"noopener\">Mercato ASSE : Les besoins de Horneland pour l\u2019hiver<\/a><\/p>\n<p><a class=\"related-article simple\" href=\"https:\/\/www.foot-sur7.fr\/715310-mercato-un-crack-marocain-veut-retrouver-hakimi-au-psg\" target=\"_blank\" rel=\"noopener\">\u00c0 voirMercato : Un crack marocain veut retrouver Hakimi au PSG !<\/a><\/p>\n<p><a href=\"https:\/\/www.foot-sur7.fr\/715160-asse-lenorme-aveu-de-maxime-bernauer\" target=\"_blank\" rel=\"noopener\">ASSE : L\u2019\u00e9norme aveu de Maxime Bernauer<\/a><\/p>\n<p><a href=\"https:\/\/www.foot-sur7.fr\/715147-asse-il-sen-va-et-revele-pourquoi-il-a-tourne-dos-a-saint-etienne\" target=\"_blank\" rel=\"noopener\">ASSE : Il s\u2019en va et r\u00e9v\u00e8le pourquoi il a tourn\u00e9 dos \u00e0 Saint-\u00c9tienne<\/a><\/p>\n","protected":false},"excerpt":{"rendered":"Afficher l\u2019index Masquer l\u2019index L\u2019ASSE n\u2019est toujours pas au complet pour son premier match en 2026. Eirik Horneland&hellip;\n","protected":false},"author":2,"featured_media":362168,"comment_status":"","ping_status":"","sticky":false,"template":"","format":"standard","meta":{"footnotes":""},"categories":[9653],"tags":[1111,11,2430,1777,674,1011,27,12,25,4001],"class_list":{"0":"post-636678","1":"post","2":"type-post","3":"status-publish","4":"format-standard","5":"has-post-thumbnail","7":"category-saint-etienne","8":"tag-actu","9":"tag-actualites","10":"tag-auvergne-rhone-alpes","11":"tag-eu","12":"tag-europe","13":"tag-fr","14":"tag-france","15":"tag-news","16":"tag-republique-francaise","17":"tag-saint-etienne"},"share_on_mastodon":{"url":"https:\/\/pubeurope.com\/@fr\/115826821937316110","error":""},"_links":{"self":[{"href":"https:\/\/www.europesays.com\/fr\/wp-json\/wp\/v2\/posts\/636678","targetHints":{"allow":["GET"]}}],"collection":[{"href":"https:\/\/www.europesays.com\/fr\/wp-json\/wp\/v2\/posts"}],"about":[{"href":"https:\/\/www.europesays.com\/fr\/wp-json\/wp\/v2\/types\/post"}],"author":[{"embeddable":true,"href":"https:\/\/www.europesays.com\/fr\/wp-json\/wp\/v2\/users\/2"}],"replies":[{"embeddable":true,"href":"https:\/\/www.europesays.com\/fr\/wp-json\/wp\/v2\/comments?post=636678"}],"version-history":[{"count":0,"href":"https:\/\/www.europesays.com\/fr\/wp-json\/wp\/v2\/posts\/636678\/revisions"}],"wp:featuredmedia":[{"embeddable":true,"href":"https:\/\/www.europesays.com\/fr\/wp-json\/wp\/v2\/media\/362168"}],"wp:attachment":[{"href":"https:\/\/www.europesays.com\/fr\/wp-json\/wp\/v2\/media?parent=636678"}],"wp:term":[{"taxonomy":"category","embeddable":true,"href":"https:\/\/www.europesays.com\/fr\/wp-json\/wp\/v2\/categories?post=636678"},{"taxonomy":"post_tag","embeddable":true,"href":"https:\/\/www.europesays.com\/fr\/wp-json\/wp\/v2\/tags?post=636678"}],"curies":[{"name":"wp","href":"https:\/\/api.w.org\/{rel}","templated":true}]}}