{"id":636681,"date":"2026-01-02T18:04:22","date_gmt":"2026-01-02T18:04:22","guid":{"rendered":"https:\/\/www.europesays.com\/fr\/636681\/"},"modified":"2026-01-02T18:04:22","modified_gmt":"2026-01-02T18:04:22","slug":"cette-mini-serie-tournee-en-partie-en-lorraine-va-bientot-etre-diffusee-a-la-television","status":"publish","type":"post","link":"https:\/\/www.europesays.com\/fr\/636681\/","title":{"rendered":"Cette mini-s\u00e9rie tourn\u00e9e en partie en Lorraine va bient\u00f4t \u00eatre diffus\u00e9e \u00e0 la t\u00e9l\u00e9vision"},"content":{"rendered":"<p>                    Par<br \/>\n        <strong><br \/>\n            <a href=\"https:\/\/actu.fr\/auteur\/amandine-mehl\" title=\"Consulter tous les articles de Amandine Mehl\" target=\"_blank\" rel=\"noopener\">Amandine Mehl<\/a><br \/>\n                    <\/strong><\/p>\n<p>        Publi\u00e9 le<\/p>\n<p>            2 janv. 2026 \u00e0 7h02        <\/p>\n<p>Adapt\u00e9e du livre de Franck Thilliez, la <strong>mini-s\u00e9rie<\/strong> Il \u00e9tait deux fois sera diffus\u00e9e sur France 2 \u00e0 partir du mercredi 7\u00a0janvier 2026.<\/p>\n<p class=\" wall-content\">Petite particularit\u00e9\u2009: le tournage, qui s\u2019est tenu fin 2024 d\u00e9but 2025, s\u2019est d\u00e9roul\u00e9 \u00e0 <strong>Jarville-la-Malgrange<\/strong>, <strong>Laxou<\/strong>, <strong>Max\u00e9ville<\/strong>, <strong>Nancy<\/strong>, <strong>Vand\u0153uvre-l\u00e8s-Nancy<\/strong> mais aussi <strong>Villers-l\u00e8s-Nancy<\/strong>.<\/p>\n<p>La mini-s\u00e9rie d\u00e9j\u00e0 disponible en ligne<\/p>\n<p class=\" wall-content\">Divis\u00e9e en <strong>six \u00e9pisodes<\/strong>, la s\u00e9rie met en sc\u00e8ne la capitaine Gabrielle Moscato qui, en 2013, cherche d\u00e9sesp\u00e9r\u00e9ment \u00e0 retrouver la trace de sa fille Julie, \u00e2g\u00e9e de 17\u00a0ans et port\u00e9e disparue. Alors qu\u2019elle s\u2019endort dans une chambre d\u2019h\u00f4tel, elle se r\u00e9veille en 2025 totalement amn\u00e9sique. En d\u00e9pit de son \u00e9tat et des 12\u00a0ann\u00e9es \u00e9coul\u00e9es, <strong>elle va tout faire<\/strong> pour savoir ce qui est r\u00e9ellement arriv\u00e9 \u00e0 sa fille.<\/p>\n<p class=\" wall-content\">\u00c0 noter que la mini-s\u00e9rie est d\u00e9j\u00e0 disponible sur le site de France T\u00e9l\u00e9visions.<\/p>\n<p class=\" wall-content\">Personnalisez votre actualit\u00e9 en ajoutant vos villes et m\u00e9dias en favori avec <a href=\"https:\/\/moncompte.actu.fr\" title=\"D\u00e9couvez Mon Actu\" rel=\"nofollow noopener\" data-trk=\"{&quot;cta&quot;:{&quot;action&quot;:&quot;https:\\\/\\\/moncompte.actu.fr&quot;,&quot;category&quot;:&quot;mon compte&quot;,&quot;from&quot;:&quot;article footer&quot;,&quot;name&quot;:&quot;Mon actu&quot;,&quot;type&quot;:&quot;cta&quot;}}\" target=\"_blank\">Mon Actu<\/a>.<\/p>\n","protected":false},"excerpt":{"rendered":"Par Amandine Mehl Publi\u00e9 le 2 janv. 2026 \u00e0 7h02 Adapt\u00e9e du livre de Franck Thilliez, la mini-s\u00e9rie&hellip;\n","protected":false},"author":2,"featured_media":636682,"comment_status":"","ping_status":"","sticky":false,"template":"","format":"standard","meta":{"footnotes":""},"categories":[9635],"tags":[1111,11,1777,674,1011,27,775,1652,1702,12,25,252],"class_list":{"0":"post-636681","1":"post","2":"type-post","3":"status-publish","4":"format-standard","5":"has-post-thumbnail","7":"category-nancy","8":"tag-actu","9":"tag-actualites","10":"tag-eu","11":"tag-europe","12":"tag-fr","13":"tag-france","14":"tag-grand-est","15":"tag-loisirs-culture","16":"tag-nancy","17":"tag-news","18":"tag-republique-francaise","19":"tag-television"},"share_on_mastodon":{"url":"https:\/\/pubeurope.com\/@fr\/115826829709703058","error":""},"_links":{"self":[{"href":"https:\/\/www.europesays.com\/fr\/wp-json\/wp\/v2\/posts\/636681","targetHints":{"allow":["GET"]}}],"collection":[{"href":"https:\/\/www.europesays.com\/fr\/wp-json\/wp\/v2\/posts"}],"about":[{"href":"https:\/\/www.europesays.com\/fr\/wp-json\/wp\/v2\/types\/post"}],"author":[{"embeddable":true,"href":"https:\/\/www.europesays.com\/fr\/wp-json\/wp\/v2\/users\/2"}],"replies":[{"embeddable":true,"href":"https:\/\/www.europesays.com\/fr\/wp-json\/wp\/v2\/comments?post=636681"}],"version-history":[{"count":0,"href":"https:\/\/www.europesays.com\/fr\/wp-json\/wp\/v2\/posts\/636681\/revisions"}],"wp:featuredmedia":[{"embeddable":true,"href":"https:\/\/www.europesays.com\/fr\/wp-json\/wp\/v2\/media\/636682"}],"wp:attachment":[{"href":"https:\/\/www.europesays.com\/fr\/wp-json\/wp\/v2\/media?parent=636681"}],"wp:term":[{"taxonomy":"category","embeddable":true,"href":"https:\/\/www.europesays.com\/fr\/wp-json\/wp\/v2\/categories?post=636681"},{"taxonomy":"post_tag","embeddable":true,"href":"https:\/\/www.europesays.com\/fr\/wp-json\/wp\/v2\/tags?post=636681"}],"curies":[{"name":"wp","href":"https:\/\/api.w.org\/{rel}","templated":true}]}}