{"id":636683,"date":"2026-01-02T18:06:16","date_gmt":"2026-01-02T18:06:16","guid":{"rendered":"https:\/\/www.europesays.com\/fr\/636683\/"},"modified":"2026-01-02T18:06:16","modified_gmt":"2026-01-02T18:06:16","slug":"a-quelle-heure-et-sur-quelle-chaine-suivre-la-rochelle","status":"publish","type":"post","link":"https:\/\/www.europesays.com\/fr\/636683\/","title":{"rendered":"\u00c0 quelle heure et sur quelle cha\u00eene suivre La Rochelle"},"content":{"rendered":"<p>La 14e journ\u00e9e de Top 14 se referme ce dimanche soir avec une affiche de prestige entre La Rochelle et Toulon, au stade Marcel-Deflandre. Un duel entre deux \u00e9quipes ambitieuses, habitu\u00e9es aux grands rendez-vous, mais qui abordent cette rencontre dans des dynamiques contrast\u00e9es.<\/p>\n<p><img loading=\"lazy\" data-recalc-dims=\"1\" decoding=\"async\" width=\"696\" height=\"392\" alt=\"La Rochelle - Toulon\" class=\"wp-image-9136 lazyload\" src=\"https:\/\/www.europesays.com\/fr\/wp-content\/uploads\/2026\/01\/la-rochelle-toulon.png\"  data- data-eio-rwidth=\"696\" data-eio-rheight=\"392\"\/><\/p>\n<p>Avant ce choc, La Rochelle pointe \u00e0 la 10e place avec 31 points. \u00c0 domicile, les Maritimes restent solides, avec cinq victoires en six rencontres disput\u00e9es \u00e0 Deflandre. Ils y inscrivent en moyenne 36 points par match, pour 28 essais marqu\u00e9s et seulement 9 encaiss\u00e9s, preuve d\u2019une vraie ma\u00eetrise dans leur enceinte. Reste \u00e0 transformer cette solidit\u00e9 en constance pour se rapprocher durablement du haut du classement.<\/p>\n<p>En face, Toulon avance avec davantage de certitudes. Troisi\u00e8mes avec 39 points, les Varois r\u00e9alisent un d\u00e9but de saison solide, m\u00eame si leurs performances \u00e0 l\u2019ext\u00e9rieur demeurent plus irr\u00e9guli\u00e8res. Une seule victoire en six d\u00e9placements, une moyenne de 21 points inscrits loin de Mayol et 27 essais encaiss\u00e9s : le RCT sait que ce d\u00e9placement \u00e0 La Rochelle repr\u00e9sente un vrai test dans la course aux premi\u00e8res places.<\/p>\n<p>Cette rencontre s\u2019annonce donc comme un match charni\u00e8re. La Rochelle cherchera \u00e0 relancer sa dynamique et \u00e0 recoller au wagon de t\u00eate, tandis que Toulon tentera de confirmer son statut en allant chercher un r\u00e9sultat sur l\u2019une des pelouses les plus difficiles du championnat.<\/p>\n<p>\u00c0 quelle heure et sur quelle cha\u00eene suivre La Rochelle \u2013 Toulon ?<\/p>\n<p>La rencontre entre le\u00a0Stade Rochelais\u00a0et le\u00a0RC Toulon\u00a0se jouera dimanche 4 janvier 2026, avec un coup d\u2019envoi pr\u00e9vu \u00e0\u00a0<strong>21h05<\/strong>, au\u00a0Stade Marcel-Deflandre.<\/p>\n<p>Ce match de la 14e journ\u00e9e de Top 14 sera diffus\u00e9 en direct \u00e0 la t\u00e9l\u00e9vision sur\u00a0<strong>CANAL+<\/strong>.<\/p>\n","protected":false},"excerpt":{"rendered":"La 14e journ\u00e9e de Top 14 se referme ce dimanche soir avec une affiche de prestige entre La&hellip;\n","protected":false},"author":2,"featured_media":636684,"comment_status":"","ping_status":"","sticky":false,"template":"","format":"standard","meta":{"footnotes":""},"categories":[9619],"tags":[1111,11,1777,674,1011,27,12,882,25,2310],"class_list":{"0":"post-636683","1":"post","2":"type-post","3":"status-publish","4":"format-standard","5":"has-post-thumbnail","7":"category-toulon","8":"tag-actu","9":"tag-actualites","10":"tag-eu","11":"tag-europe","12":"tag-fr","13":"tag-france","14":"tag-news","15":"tag-provence-alpes-cote-dazur","16":"tag-republique-francaise","17":"tag-toulon"},"share_on_mastodon":{"url":"https:\/\/pubeurope.com\/@fr\/115826837686180575","error":""},"_links":{"self":[{"href":"https:\/\/www.europesays.com\/fr\/wp-json\/wp\/v2\/posts\/636683","targetHints":{"allow":["GET"]}}],"collection":[{"href":"https:\/\/www.europesays.com\/fr\/wp-json\/wp\/v2\/posts"}],"about":[{"href":"https:\/\/www.europesays.com\/fr\/wp-json\/wp\/v2\/types\/post"}],"author":[{"embeddable":true,"href":"https:\/\/www.europesays.com\/fr\/wp-json\/wp\/v2\/users\/2"}],"replies":[{"embeddable":true,"href":"https:\/\/www.europesays.com\/fr\/wp-json\/wp\/v2\/comments?post=636683"}],"version-history":[{"count":0,"href":"https:\/\/www.europesays.com\/fr\/wp-json\/wp\/v2\/posts\/636683\/revisions"}],"wp:featuredmedia":[{"embeddable":true,"href":"https:\/\/www.europesays.com\/fr\/wp-json\/wp\/v2\/media\/636684"}],"wp:attachment":[{"href":"https:\/\/www.europesays.com\/fr\/wp-json\/wp\/v2\/media?parent=636683"}],"wp:term":[{"taxonomy":"category","embeddable":true,"href":"https:\/\/www.europesays.com\/fr\/wp-json\/wp\/v2\/categories?post=636683"},{"taxonomy":"post_tag","embeddable":true,"href":"https:\/\/www.europesays.com\/fr\/wp-json\/wp\/v2\/tags?post=636683"}],"curies":[{"name":"wp","href":"https:\/\/api.w.org\/{rel}","templated":true}]}}