{"id":636685,"date":"2026-01-02T18:08:13","date_gmt":"2026-01-02T18:08:13","guid":{"rendered":"https:\/\/www.europesays.com\/fr\/636685\/"},"modified":"2026-01-02T18:08:13","modified_gmt":"2026-01-02T18:08:13","slug":"on-a-limpression-davoir-gagne-au-loto-le-100-000e-visiteur-de-lexposition-de-pierre-soulages-celebre-au-musee-fabre","status":"publish","type":"post","link":"https:\/\/www.europesays.com\/fr\/636685\/","title":{"rendered":"\u00ab\u00a0On a l\u2019impression d\u2019avoir gagn\u00e9 au loto\u00a0\u00bb\u00a0: le 100 000e visiteur de l\u2019exposition de Pierre Soulages c\u00e9l\u00e9br\u00e9 au mus\u00e9e Fabre"},"content":{"rendered":"<p>\n                                                                Le mus\u00e9e Fabre de Montpellier a franchi, ce vendredi 2\u00a0janvier, le cap symbolique des 100\u00a0000 visiteurs pour l\u2019exposition consacr\u00e9e \u00e0 Pierre Soulages.\u00a0\u00c0 deux jours de sa cl\u00f4ture, la fr\u00e9quentation confirme le succ\u00e8s des grandes expositions culturelles montpelli\u00e9raines.\n                            <\/p>\n<p>Une barre symbolique. Celle du 100 000e visiteur pour<a href=\"https:\/\/www.midilibre.fr\/2025\/06\/28\/ses-deux-derniers-noirs-un-blanc-inedit-et-quelque-120-oeuvres-a-la-decouverte-de-lexposition-pierre-soulages-au-musee-fabre-de-montpellier-12790310.php\" target=\"_blank\" rel=\"noopener\"> l\u2019exposition Pierre Soulages, la rencontre<\/a> a \u00e9t\u00e9 franchie, ce vendredi 2\u00a0janvier, dans le courant de la matin\u00e9e, au mus\u00e9e Fabre. Le privil\u00e8ge est revenu \u00e0 Elena et Lucas, en visite pendant les vacances. \u00ab\u00a0On a l\u2019impression d\u2019avoir gagn\u00e9 au loto. Ce n\u2019est pas commun d\u2019arriver \u00e0 un endroit et d\u2019\u00eatre interview\u00e9. C\u2019est sympa de d\u00e9couvrir la culture. On esp\u00e8re en conna\u00eetre davantage de Soulages, une fois sortis d\u2019ici\u00a0\u00bb, rigolait le duo. Ces derniers se sont vus remettre en cadeau un livre sur l\u2019exposition des mains de la directrice du mus\u00e9e, Juliette Trey, et du maire de Montpellier.<\/p>\n<p>        <img decoding=\"async\" class=\"std-img__img responsive-img\" src=\"https:\/\/www.europesays.com\/fr\/wp-content\/uploads\/2026\/01\/1767377293_223_image.jpg\" alt=\"La file d\u2019attente pour l\u2019exposition de Pierre Soulages, ce vendredi 2\u00a0janvier.\"\/><\/p>\n<p>                La file d\u2019attente pour l\u2019exposition de Pierre Soulages, ce vendredi 2\u00a0janvier.<br \/>\n                                    Midi Libre &#8211; TOM SERRANO<\/p>\n<p>Micha\u00ebl Delafosse s\u2019est f\u00e9licit\u00e9 de ce succ\u00e8s de fr\u00e9quentation. \u00ab\u00a0Il y a \u00e0 la fois les Montpelli\u00e9rains, les H\u00e9raultais, les Aveyronnais, mais aussi beaucoup de touristes \u00e9trangers qui sont venus voir cette exposition majeure. En 2007, le mus\u00e9e a rouvert apr\u00e8s une donation de Pierre Soulages. Apr\u00e8s sa disparition, il nous avait sembl\u00e9 important de faire une grande exposition qui trace toutes les influences de Pierre Soulages dans son travail, en forme d\u2019hommage.\u00a0\u00bb<\/p>\n<p>L\u2019anecdote de la rencontre des Soulages<\/p>\n<p>Le maire et pr\u00e9sident de la M\u00e9tropole en a profit\u00e9 pour confier l\u2019anecdote de la rencontre de Pierre Soulages avec sa femme, Colette. \u00ab\u00a0Quand j\u2019\u00e9tais all\u00e9 les rencontrer \u00e0 S\u00e8te en 2021, je leur avais demand\u00e9 comment ils s\u2019\u00e9taient connus. Il habitait rue du Bayle. Ce jour-l\u00e0, \u00e0 Montpellier, il y avait eu la rencontre entre P\u00e9tain et Franco devant la pr\u00e9fecture. Jeune \u00e9tudiant, Pierre Soulages \u00e9tait choqu\u00e9 qu\u2019une partie de la population acclame Franco. Il \u00e9tait en col\u00e8re, donc il est all\u00e9 prendre un caf\u00e9 avec Colette et, depuis, ils ne s\u2019\u00e9taient plus quitt\u00e9s. Montpellier a compt\u00e9 pour lui, et quel plus beau cadeau que plus de 100\u00a0000 personnes viennent d\u00e9couvrir.\u00a0\u00bb<\/p>\n<p class=\"std-elt__inline\">\n        <strong>\u00c0 lire aussi :<\/strong><br \/>\n        <a href=\"https:\/\/www.midilibre.fr\/2025\/06\/20\/un-diamant-cache-soulages-van-gogh-delacroix-comment-le-musee-fabre-va-feter-en-grande-pompe-ses-200-ans-a-montpellier-12771968.php\" target=\"_blank\" rel=\"noopener\">\u00ab\u00a0Un diamant cach\u00e9\u00a0\u00bb, Soulages, Van Gogh, Delacroix\u00a0: comment le mus\u00e9e Fabre va f\u00eater en grande pompe ses 200 ans \u00e0 Montpellier<\/a>\n    <\/p>\n<p>\u00c0 deux jours de la cl\u00f4ture de l\u2019exposition, pr\u00e9sente depuis le 28\u00a0juin, cette r\u00e9ussite est \u00e0 mettre en lien avec les autres succ\u00e8s culturels, comme les 300\u00a0000 visiteurs de l\u2019exposition Adventice de JR au Carr\u00e9 Sainte-Anne ou les bons d\u00e9buts de la r\u00e9trospective de Raymond Depardon au Pavillon populaire. \u00ab\u00a0Il faut d\u00e9fendre la culture. C\u2019est le c\u0153ur battant d\u2019une soci\u00e9t\u00e9\u00a0\u00bb, conclut l\u2019\u00e9dile.<\/p>\n","protected":false},"excerpt":{"rendered":"Le mus\u00e9e Fabre de Montpellier a franchi, ce vendredi 2\u00a0janvier, le cap symbolique des 100\u00a0000 visiteurs pour l\u2019exposition&hellip;\n","protected":false},"author":2,"featured_media":636686,"comment_status":"","ping_status":"","sticky":false,"template":"","format":"standard","meta":{"footnotes":""},"categories":[9599],"tags":[1111,11,872,1777,674,1011,27,7089,2208,74397,12,2680,2551,25],"class_list":{"0":"post-636685","1":"post","2":"type-post","3":"status-publish","4":"format-standard","5":"has-post-thumbnail","7":"category-montpellier","8":"tag-actu","9":"tag-actualites","10":"tag-culture-et-loisirs","11":"tag-eu","12":"tag-europe","13":"tag-fr","14":"tag-france","15":"tag-herault","16":"tag-montpellier","17":"tag-musu00e9e-fabre","18":"tag-news","19":"tag-occitanie","20":"tag-patrimoine","21":"tag-republique-francaise"},"share_on_mastodon":{"url":"https:\/\/pubeurope.com\/@fr\/115826845540698735","error":""},"_links":{"self":[{"href":"https:\/\/www.europesays.com\/fr\/wp-json\/wp\/v2\/posts\/636685","targetHints":{"allow":["GET"]}}],"collection":[{"href":"https:\/\/www.europesays.com\/fr\/wp-json\/wp\/v2\/posts"}],"about":[{"href":"https:\/\/www.europesays.com\/fr\/wp-json\/wp\/v2\/types\/post"}],"author":[{"embeddable":true,"href":"https:\/\/www.europesays.com\/fr\/wp-json\/wp\/v2\/users\/2"}],"replies":[{"embeddable":true,"href":"https:\/\/www.europesays.com\/fr\/wp-json\/wp\/v2\/comments?post=636685"}],"version-history":[{"count":0,"href":"https:\/\/www.europesays.com\/fr\/wp-json\/wp\/v2\/posts\/636685\/revisions"}],"wp:featuredmedia":[{"embeddable":true,"href":"https:\/\/www.europesays.com\/fr\/wp-json\/wp\/v2\/media\/636686"}],"wp:attachment":[{"href":"https:\/\/www.europesays.com\/fr\/wp-json\/wp\/v2\/media?parent=636685"}],"wp:term":[{"taxonomy":"category","embeddable":true,"href":"https:\/\/www.europesays.com\/fr\/wp-json\/wp\/v2\/categories?post=636685"},{"taxonomy":"post_tag","embeddable":true,"href":"https:\/\/www.europesays.com\/fr\/wp-json\/wp\/v2\/tags?post=636685"}],"curies":[{"name":"wp","href":"https:\/\/api.w.org\/{rel}","templated":true}]}}