{"id":636687,"date":"2026-01-02T18:09:10","date_gmt":"2026-01-02T18:09:10","guid":{"rendered":"https:\/\/www.europesays.com\/fr\/636687\/"},"modified":"2026-01-02T18:09:10","modified_gmt":"2026-01-02T18:09:10","slug":"seine-maritime-soldes-dhiver-2026-tenez-vous-prets","status":"publish","type":"post","link":"https:\/\/www.europesays.com\/fr\/636687\/","title":{"rendered":"Seine-Maritime. Soldes d&rsquo;hiver 2026 : tenez-vous pr\u00eats\u00a0"},"content":{"rendered":"<p melodystyle=\"texte\" data-end=\"884\">En 2026, les soldes d&rsquo;hiver d\u00e9marreront mercredi 7 janvier \u00e0 8 heures et se poursuivront jusqu&rsquo;au mardi 3 f\u00e9vrier inclus. En Seine-Maritime, les dates suivent le calendrier national.\u00a0<\/p>\n<p>Des exceptions r\u00e9gionales<\/p>\n<p melodystyle=\"texte\" data-end=\"1130\">La p\u00e9riode des soldes s&rsquo;\u00e9tend sur quatre semaines, durant lesquelles les r\u00e9ductions augmentent g\u00e9n\u00e9ralement au fil des jours. V\u00eatements, chaussures, \u00e9lectrom\u00e9nager ou \u00e9quipements de la maison figurent parmi les produits les plus recherch\u00e9s.<\/p>\n<p melodystyle=\"texte\" data-end=\"1429\">Si la majorit\u00e9 des d\u00e9partements m\u00e9tropolitains sont concern\u00e9s par ces dates, quatre d\u00e9partements de l&rsquo;Est b\u00e9n\u00e9ficient d&rsquo;un d\u00e9marrage anticip\u00e9. En Meurthe-et-Moselle, Meuse, Moselle et Vosges, les soldes commenceront d\u00e8s le 2 janvier 2026.<\/p>\n<p>Les m\u00eames r\u00e8gles en ligne<\/p>\n<p melodystyle=\"texte\" data-end=\"1644\">Pour les achats sur Internet, pas de diff\u00e9rence : les soldes en ligne suivent les m\u00eames dates que le commerce traditionnel, quel que soit le lieu d&rsquo;implantation du site marchand.<\/p>\n","protected":false},"excerpt":{"rendered":"En 2026, les soldes d&rsquo;hiver d\u00e9marreront mercredi 7 janvier \u00e0 8 heures et se poursuivront jusqu&rsquo;au mardi 3&hellip;\n","protected":false},"author":2,"featured_media":636688,"comment_status":"","ping_status":"","sticky":false,"template":"","format":"standard","meta":{"footnotes":""},"categories":[9587],"tags":[1111,11,1777,674,1011,27,12,5161,25,9590],"class_list":{"0":"post-636687","1":"post","2":"type-post","3":"status-publish","4":"format-standard","5":"has-post-thumbnail","7":"category-rouen","8":"tag-actu","9":"tag-actualites","10":"tag-eu","11":"tag-europe","12":"tag-fr","13":"tag-france","14":"tag-news","15":"tag-normandie","16":"tag-republique-francaise","17":"tag-rouen"},"share_on_mastodon":{"url":"https:\/\/pubeurope.com\/@fr\/115826849455630553","error":""},"_links":{"self":[{"href":"https:\/\/www.europesays.com\/fr\/wp-json\/wp\/v2\/posts\/636687","targetHints":{"allow":["GET"]}}],"collection":[{"href":"https:\/\/www.europesays.com\/fr\/wp-json\/wp\/v2\/posts"}],"about":[{"href":"https:\/\/www.europesays.com\/fr\/wp-json\/wp\/v2\/types\/post"}],"author":[{"embeddable":true,"href":"https:\/\/www.europesays.com\/fr\/wp-json\/wp\/v2\/users\/2"}],"replies":[{"embeddable":true,"href":"https:\/\/www.europesays.com\/fr\/wp-json\/wp\/v2\/comments?post=636687"}],"version-history":[{"count":0,"href":"https:\/\/www.europesays.com\/fr\/wp-json\/wp\/v2\/posts\/636687\/revisions"}],"wp:featuredmedia":[{"embeddable":true,"href":"https:\/\/www.europesays.com\/fr\/wp-json\/wp\/v2\/media\/636688"}],"wp:attachment":[{"href":"https:\/\/www.europesays.com\/fr\/wp-json\/wp\/v2\/media?parent=636687"}],"wp:term":[{"taxonomy":"category","embeddable":true,"href":"https:\/\/www.europesays.com\/fr\/wp-json\/wp\/v2\/categories?post=636687"},{"taxonomy":"post_tag","embeddable":true,"href":"https:\/\/www.europesays.com\/fr\/wp-json\/wp\/v2\/tags?post=636687"}],"curies":[{"name":"wp","href":"https:\/\/api.w.org\/{rel}","templated":true}]}}