{"id":63669,"date":"2025-04-30T06:12:11","date_gmt":"2025-04-30T06:12:11","guid":{"rendered":"https:\/\/www.europesays.com\/fr\/63669\/"},"modified":"2025-04-30T06:12:11","modified_gmt":"2025-04-30T06:12:11","slug":"des-regles-pour-la-vente-du-muguet-a-eu-et-a-mers-les-bains","status":"publish","type":"post","link":"https:\/\/www.europesays.com\/fr\/63669\/","title":{"rendered":"Des r\u00e8gles pour la vente du muguet \u00e0 Eu et \u00e0 Mers-les-Bains"},"content":{"rendered":"<p>            Par<br \/>\n        <strong><br \/>\n            <a href=\"https:\/\/actu.fr\/auteur\/jerome-buresi\" title=\"Consulter tous les articles de J\u00e9r\u00f4me Buresi\" rel=\"nofollow noopener\" target=\"_blank\">J\u00e9r\u00f4me Buresi<\/a><br \/>\n        <\/strong><\/p>\n<p>        Publi\u00e9 le<\/p>\n<p>            30 avr. 2025 \u00e0 7h20        <\/p>\n<p>Toute vente de rue est en principe soumise \u00e0 autorisation.<\/p>\n<p class=\" wall-content\">Mais la vente ambulante du <b>muguet sauvage<\/b> sur la voie publique est <b>autoris\u00e9e<\/b>, \u00e0 titre exceptionnel, <b>uniquement le jour du 1er mai<\/b>.<\/p>\n<p class=\" wall-content\">Toutefois, en 2024, les communes de <a href=\"https:\/\/actu.fr\/normandie\/eu_76255\" rel=\"nofollow noopener\" target=\"_blank\">Eu<\/a>, en <b>Seine-Maritime<\/b> et de <a href=\"https:\/\/actu.fr\/hauts-de-france\/mers-les-bains_80533\" rel=\"nofollow noopener\" target=\"_blank\">Mers-les-Bains<\/a>, dans la <b>Somme<\/b>, ont pris des arr\u00eat\u00e9s permanents qui encadrent cette pratique. Ils sont donc toujours en vigueur pour le jeudi 1er mai 2025.<\/p>\n<p>\u00ab\u00a0\u00c9viter une concurrence d\u00e9loyale\u00a0\u00bb<\/p>\n<p class=\" wall-content\">Les vendeurs ne peuvent pas s\u2019installer \u00e0 moins de <b>200\u00a0m\u00e8tres<\/b> de la boutique du fleuriste professionnel, \u00e0 Mers-les-Bains. \u00ab Il s\u2019agit d\u2019\u00e9viter de ne pas favoriser une concurrence d\u00e9loyale et d\u2019\u00e9viter les abus \u00bb, rappelle la municipalit\u00e9.<\/p>\n<p class=\" wall-content\">Dans la ville voisine de Eu, la vente n\u2019est pas autoris\u00e9e \u00e0 moins de <b>300\u00a0m\u00e8tres<\/b> d\u2019un commer\u00e7ant fleuriste fixe.<\/p>\n<p>Vid\u00e9os : en ce moment sur Actu<\/p>\n<p class=\" wall-content\">Dans les deux communes, toute installation sur le domaine public, bancs, chaises, pr\u00e9sentoirs, est interdite ainsi que l\u2019utilisation de v\u00e9hicules, de parasols, etc.\u00a0<\/p>\n<p class=\" wall-content\">Le muguet doit \u00eatre vendu en l\u2019\u00e9tat, sans racine, sans emballage, contenant ou d\u00e9coration et adjonction d\u2019aucune autre fleur.<\/p>\n<p class=\" wall-content\">Attention \u00e0 la verbalisation !<\/p>\n<p>Depuis la Renaissance<\/p>\n<p class=\" wall-content\">En France, la tradition d\u2019offrir du muguet comme \u00ab\u00a0porte-bonheur\u00a0\u00bb <a href=\"https:\/\/agriculture.gouv.fr\/le-1er-mai-offrez-du-muguet\" rel=\"nofollow noopener\" target=\"_blank\">remonterait \u00e0 la Renaissance<\/a>. Le roi Charles IX entreprit de perp\u00e9tuer la coutume en l\u2019instituant \u00e0 la cour.\u00a0<\/p>\n<p class=\" wall-content\">Le muguet ne devient officiellement le symbole du 1er mai qu\u2019au 20e si\u00e8cle.<\/p>\n<p class=\" wall-content\">Suivez toute l\u2019actualit\u00e9 de vos villes et m\u00e9dias favoris en vous inscrivant \u00e0 <a href=\"https:\/\/moncompte.actu.fr\" title=\"D\u00e9couvez Mon Actu\" rel=\"nofollow noopener\" data-trk=\"{&quot;cta&quot;:{&quot;action&quot;:&quot;https:\\\/\\\/moncompte.actu.fr&quot;,&quot;category&quot;:&quot;mon compte&quot;,&quot;from&quot;:&quot;article footer&quot;,&quot;name&quot;:&quot;Mon actu&quot;,&quot;type&quot;:&quot;cta&quot;}}\" target=\"_blank\">Mon Actu<\/a>.<\/p>\n","protected":false},"excerpt":{"rendered":"Par J\u00e9r\u00f4me Buresi Publi\u00e9 le 30 avr. 2025 \u00e0 7h20 Toute vente de rue est en principe soumise&hellip;\n","protected":false},"author":2,"featured_media":63670,"comment_status":"","ping_status":"","sticky":false,"template":"","format":"standard","meta":{"footnotes":""},"categories":[1586],"tags":[11,215,1777,674,1779,1011,27,16235,12,25,104,1778,364,3587],"class_list":{"0":"post-63669","1":"post","2":"type-post","3":"status-publish","4":"format-standard","5":"has-post-thumbnail","7":"category-europe","8":"tag-actualites","9":"tag-commerce","10":"tag-eu","11":"tag-europe","12":"tag-european-union","13":"tag-fr","14":"tag-france","15":"tag-muguet","16":"tag-news","17":"tag-republique-francaise","18":"tag-societe","19":"tag-ue","20":"tag-union-europeenne","21":"tag-villes-soeurs"},"share_on_mastodon":{"url":"https:\/\/pubeurope.com\/@fr\/114425439826167201","error":""},"_links":{"self":[{"href":"https:\/\/www.europesays.com\/fr\/wp-json\/wp\/v2\/posts\/63669","targetHints":{"allow":["GET"]}}],"collection":[{"href":"https:\/\/www.europesays.com\/fr\/wp-json\/wp\/v2\/posts"}],"about":[{"href":"https:\/\/www.europesays.com\/fr\/wp-json\/wp\/v2\/types\/post"}],"author":[{"embeddable":true,"href":"https:\/\/www.europesays.com\/fr\/wp-json\/wp\/v2\/users\/2"}],"replies":[{"embeddable":true,"href":"https:\/\/www.europesays.com\/fr\/wp-json\/wp\/v2\/comments?post=63669"}],"version-history":[{"count":0,"href":"https:\/\/www.europesays.com\/fr\/wp-json\/wp\/v2\/posts\/63669\/revisions"}],"wp:featuredmedia":[{"embeddable":true,"href":"https:\/\/www.europesays.com\/fr\/wp-json\/wp\/v2\/media\/63670"}],"wp:attachment":[{"href":"https:\/\/www.europesays.com\/fr\/wp-json\/wp\/v2\/media?parent=63669"}],"wp:term":[{"taxonomy":"category","embeddable":true,"href":"https:\/\/www.europesays.com\/fr\/wp-json\/wp\/v2\/categories?post=63669"},{"taxonomy":"post_tag","embeddable":true,"href":"https:\/\/www.europesays.com\/fr\/wp-json\/wp\/v2\/tags?post=63669"}],"curies":[{"name":"wp","href":"https:\/\/api.w.org\/{rel}","templated":true}]}}