{"id":636691,"date":"2026-01-02T18:11:09","date_gmt":"2026-01-02T18:11:09","guid":{"rendered":"https:\/\/www.europesays.com\/fr\/636691\/"},"modified":"2026-01-02T18:11:09","modified_gmt":"2026-01-02T18:11:09","slug":"grenoble-les-salaries-de-cette-usine-en-danger-gagnent-une-bataille-face-aux-patrons-voyous","status":"publish","type":"post","link":"https:\/\/www.europesays.com\/fr\/636691\/","title":{"rendered":"Grenoble. Les salari\u00e9s de cette usine en danger gagnent une bataille face aux \u00ab\u00a0patrons voyous\u00a0\u00bb"},"content":{"rendered":"<p>                    Par<br \/>\n        <strong><br \/>\n            <a href=\"https:\/\/actu.fr\/auteur\/julien-sournies\" title=\"Consulter tous les articles de Julien Sournies\" target=\"_blank\" rel=\"noopener\">Julien Sournies<\/a><br \/>\n                    <\/strong><\/p>\n<p>        Publi\u00e9 le<\/p>\n<p>            2 janv. 2026 \u00e0 17h41        <\/p>\n<p>C\u2019est une premi\u00e8re victoire dans la \u00ab\u2009bataille\u2009\u00bb pour le maintien de la production des sirops de la marque Teisseire \u00e0 Crolles (<a href=\"https:\/\/actu.fr\/auvergne-rhone-alpes\/isere_38\" target=\"_blank\" rel=\"noopener\">Is\u00e8re<\/a>). Alors que son site de production is\u00e9rois doit <a href=\"https:\/\/actu.fr\/auvergne-rhone-alpes\/crolles_38140\/grenoble-cette-entreprise-tres-connue-va-fermer-170-emplois-sont-menaces_63313176.html\" target=\"_blank\" rel=\"noopener\">fermer ses portes en avril prochain en l\u2019absence de repreneur<\/a>, les quelque<strong> 205 salari\u00e9s menac\u00e9s de licenciement<\/strong> peuvent encore nourrir de l\u2019espoir, \u00e0 la faveur d\u2019une r\u00e9cente d\u00e9cision du tribunal judiciaire de <a href=\"https:\/\/actu.fr\/grenoble\/\" target=\"_blank\" rel=\"noopener\">Grenoble<\/a> abondant dans son sens. Explications.<\/p>\n<p>    <a href=\"https:\/\/www.google.com\/maps\/embed?pb=!1m18!1m12!1m3!1d8057.878875589396!2d5.868044293083522!3d45.271505315266246!2m3!1f0!2f0!3f0!3m2!1i1024!2i768!4f13.1!3m3!1m2!1s0x478a5990e2aed5fd%3A0xb144e7be62e87c66!2sTeisseire!5e1!3m2!1sfr!2sfr!4v1767369879809!5m2!1sfr!2sfr\" title=\"Ouvrie le lien\" target=\"_blank\" rel=\"noopener\">Cliquez ici pour visualiser le contenu<\/a><\/p>\n<p>La justice ordonne la suspension du \u00ab\u2009plan de continuation de l\u2019activit\u00e9\u2009\u00bb en Normandie<\/p>\n<p class=\" wall-content\">Le 23\u00a0d\u00e9cembre 2025, le tribunal grenoblois a en effet annonc\u00e9 la suspension du<strong> \u00ab\u2009plan de continuation de l\u2019activit\u00e9\u2009\u00bb<\/strong> engag\u00e9 par Carlsberg, propri\u00e9taire de la marque de sirop, \u00e0 l\u2019automne dernier.<\/p>\n<p class=\" wall-content\">Depuis le piquet de gr\u00e8ve plant\u00e9 par une bonne partie de ses salari\u00e9s le 9\u00a0octobre dernier \u2013 lequel est par ailleurs toujours d\u2019actualit\u00e9 \u2013 Carlsberg a donc d\u00e9cid\u00e9 de confier la sous-traitance temporaire de sa production \u00e0 la <a href=\"https:\/\/actu.fr\/normandie\/le-havre_76351\/les-fameux-sirops-teisseire-seront-ils-bientot-produits-au-havre-par-l-entreprise-slaur-sardet_63317293.html\" target=\"_blank\" rel=\"noopener\">soci\u00e9t\u00e9 normande Slaur-Sardet<\/a>, bas\u00e9e en Seine-Maritime.<\/p>\n<p class=\" wall-content\">Mais les magistrats ont finalement soutenu la requ\u00eate formul\u00e9e par la CGT et le Comit\u00e9 social et \u00e9conomique (CSE) de l\u2019entreprise, en interdisant la poursuite de la production en Normandie. En cause\u2009? Les plaignants avaient d\u00e9nonc\u00e9 <strong>l\u2019absence d\u2019information du CSE<\/strong> avant la d\u00e9cision de mise en \u0153uvre du plan de continuation d\u2019activit\u00e9.<\/p>\n<p class=\" wall-content\">Selon les requ\u00e9rants, la poursuite de la production chez un sous-traitant constituait par ailleurs une atteinte au droit de gr\u00e8ve qu\u2019exercent les salari\u00e9s.<\/p>\n<p>Teisseire ne conteste pas l\u2019absence d\u2019information<\/p>\n<p class=\" wall-content\">D\u2019apr\u00e8s le tribunal grenoblois, la soci\u00e9t\u00e9 Teisseire \u00ab\u2009ne conteste pas n\u2019avoir mis en place aucune proc\u00e9dure d\u2019information et de consultation du CSE lors de son \u00e9laboration\u2009\u00bb.<\/p>\n<p>Votre r\u00e9gion, votre actu !<\/p>\n<p>Recevez chaque jour les infos qui comptent pour vous.<\/p>\n<p>\t<a href=\"https:\/\/actu.fr\/newsletter\" class=\"ac-btn ac-btn--corner ac-btn--medium ac-btn--blue800\" target=\"_blank\" rel=\"noopener\">S&rsquo;incrire<\/a><\/p>\n<blockquote class=\"ac-article-quote wall-content\">\n<p>Il est de jurisprudence constante que l\u2019absence de consultation du CSE, lorsqu\u2019elle est l\u00e9galement obligatoire, est constitutive d\u2019un trouble manifestement illicite.<\/p>\n<p>    <strong>Tribunal judiciaire de Grenoble<\/strong>\n            <\/p><\/blockquote>\n<p class=\" wall-content\">Comme indiqu\u00e9 par le tribunal, la cessation de la sous-traitance doit \u00eatre effective \u00e0 compter du<strong> 3\u00a0janvier 2026<\/strong>, sous peine d\u2019une amende de 10\u2009000\u00a0euros par jour. La direction devra \u00e9galement s\u2019acquitter d\u2019une p\u00e9nalit\u00e9 de 3\u2009000\u00a0euros aupr\u00e8s du CSE et de 3\u2009000\u00a0euros aupr\u00e8s de la CGT.<\/p>\n<p class=\" wall-content\">Dans un communiqu\u00e9 publi\u00e9 ce lundi 29\u00a0d\u00e9cembre, la f\u00e9d\u00e9ration CGT Agroalimentaire se f\u00e9licite d\u2019\u00ab\u2009une bataille gagn\u00e9e\u2009\u00bb face au \u00ab\u2009plan des <strong>patrons voyous<\/strong> de Carlsberg\u2009\u00bb. Devant ce signal positif envoy\u00e9 par la d\u00e9cision des magistrats, les gr\u00e9vistes et syndicats vont continuer de tout mettre en \u0153uvre pour que les sirops Teisseire soient encore et toujours \u00ab\u2009produits \u00e0 Crolles et \u00e0 aucun autre endroit\u2009\u00bb, car \u00ab\u2009la marque est Grenobloise et doit le rester\u2009\u00bb.<\/p>\n<p class=\" wall-content\">Personnalisez votre actualit\u00e9 en ajoutant vos villes et m\u00e9dias en favori avec <a href=\"https:\/\/moncompte.actu.fr\" title=\"D\u00e9couvez Mon Actu\" rel=\"nofollow noopener\" data-trk=\"{&quot;cta&quot;:{&quot;action&quot;:&quot;https:\\\/\\\/moncompte.actu.fr&quot;,&quot;category&quot;:&quot;mon compte&quot;,&quot;from&quot;:&quot;article footer&quot;,&quot;name&quot;:&quot;Mon actu&quot;,&quot;type&quot;:&quot;cta&quot;}}\" target=\"_blank\">Mon Actu<\/a>.<\/p>\n","protected":false},"excerpt":{"rendered":"Par Julien Sournies Publi\u00e9 le 2 janv. 2026 \u00e0 17h41 C\u2019est une premi\u00e8re victoire dans la \u00ab\u2009bataille\u2009\u00bb pour&hellip;\n","protected":false},"author":2,"featured_media":636692,"comment_status":"","ping_status":"","sticky":false,"template":"","format":"standard","meta":{"footnotes":""},"categories":[9566],"tags":[1111,11,2430,33,1777,674,1011,27,2731,693,26213,12,25],"class_list":{"0":"post-636691","1":"post","2":"type-post","3":"status-publish","4":"format-standard","5":"has-post-thumbnail","7":"category-grenoble","8":"tag-actu","9":"tag-actualites","10":"tag-auvergne-rhone-alpes","11":"tag-economie","12":"tag-eu","13":"tag-europe","14":"tag-fr","15":"tag-france","16":"tag-grenoble","17":"tag-industrie","18":"tag-industrie-agroalimentaire","19":"tag-news","20":"tag-republique-francaise"},"share_on_mastodon":{"url":"https:\/\/pubeurope.com\/@fr\/115826857328353152","error":""},"_links":{"self":[{"href":"https:\/\/www.europesays.com\/fr\/wp-json\/wp\/v2\/posts\/636691","targetHints":{"allow":["GET"]}}],"collection":[{"href":"https:\/\/www.europesays.com\/fr\/wp-json\/wp\/v2\/posts"}],"about":[{"href":"https:\/\/www.europesays.com\/fr\/wp-json\/wp\/v2\/types\/post"}],"author":[{"embeddable":true,"href":"https:\/\/www.europesays.com\/fr\/wp-json\/wp\/v2\/users\/2"}],"replies":[{"embeddable":true,"href":"https:\/\/www.europesays.com\/fr\/wp-json\/wp\/v2\/comments?post=636691"}],"version-history":[{"count":0,"href":"https:\/\/www.europesays.com\/fr\/wp-json\/wp\/v2\/posts\/636691\/revisions"}],"wp:featuredmedia":[{"embeddable":true,"href":"https:\/\/www.europesays.com\/fr\/wp-json\/wp\/v2\/media\/636692"}],"wp:attachment":[{"href":"https:\/\/www.europesays.com\/fr\/wp-json\/wp\/v2\/media?parent=636691"}],"wp:term":[{"taxonomy":"category","embeddable":true,"href":"https:\/\/www.europesays.com\/fr\/wp-json\/wp\/v2\/categories?post=636691"},{"taxonomy":"post_tag","embeddable":true,"href":"https:\/\/www.europesays.com\/fr\/wp-json\/wp\/v2\/tags?post=636691"}],"curies":[{"name":"wp","href":"https:\/\/api.w.org\/{rel}","templated":true}]}}