{"id":636703,"date":"2026-01-02T18:19:12","date_gmt":"2026-01-02T18:19:12","guid":{"rendered":"https:\/\/www.europesays.com\/fr\/636703\/"},"modified":"2026-01-02T18:19:12","modified_gmt":"2026-01-02T18:19:12","slug":"pres-de-nice-deux-jeunes-hommes-incarceres","status":"publish","type":"post","link":"https:\/\/www.europesays.com\/fr\/636703\/","title":{"rendered":"pr\u00e8s de Nice, deux jeunes hommes incarc\u00e9r\u00e9s"},"content":{"rendered":"<p>\n    \u00c2g\u00e9s de 19 et 23 ans, les deux comparses \u00e9taient au volant d\u2019un v\u00e9hicule vol\u00e9 et faussement plaqu\u00e9, avec trois armes de poing \u00e0 bord et sous l\u2019empire de cannabis et de coca\u00efne.<\/p>\n<p class=\"fig-paragraph\">Deux jeunes hommes ont \u00e9t\u00e9 plac\u00e9s en d\u00e9tention provisoire par le parquet de\u00a0<a href=\"http:\/\/www.lefigaro.fr\/nice\/cannes-grasse-antibes-le-rn-investit-des-candidats-face-a-des-maires-lr-pourtant-soutenus-par-leur-allie-ciotti-20251217\" data-fig-type=\"NewsFlash\" data-gtm-custom-categorie=\"navigation\" data-gtm-custom-action=\"crossclick\" data-gtm-custom-label=\"Contextuel\" data-gtm-event=\"customEventSPE\" data-fig-domain=\"LEFIGARO\" target=\"_blank\" rel=\"noopener\">Grasse<\/a>\u00a0le jour de la Saint-Sylvestre, apr\u00e8s de multiples infractions commises quelques jours plus t\u00f4t, sur les routes d\u2019<a href=\"http:\/\/www.lefigaro.fr\/nice\/marineland-d-antibes-le-gouvernement-relance-la-piste-du-sanctuaire-canadien-pour-les-orques-le-parc-critique-cette-option-20251213\" data-fig-type=\"NewsFlash\" data-gtm-custom-categorie=\"navigation\" data-gtm-custom-action=\"crossclick\" data-gtm-custom-label=\"Contextuel\" data-gtm-event=\"customEventSPE\" data-fig-domain=\"LEFIGARO\" target=\"_blank\" rel=\"noopener\">Antibes<\/a>\u00a0et de\u00a0<a href=\"http:\/\/www.lefigaro.fr\/nice\/alpes-maritimes-un-homme-d-une-vingtaine-d-annees-tue-par-arme-blanche-a-vallauris-20251204\" data-fig-type=\"NewsFlash\" data-gtm-custom-categorie=\"navigation\" data-gtm-custom-action=\"crossclick\" data-gtm-custom-label=\"Contextuel\" data-gtm-event=\"customEventSPE\" data-fig-domain=\"LEFIGARO\" target=\"_blank\" rel=\"noopener\">Vallauris<\/a>, dans le d\u00e9partement des Alpes-Maritimes.<\/p>\n<p class=\"fig-paragraph\">Le soir du 27 d\u00e9cembre, la brigade anticriminalit\u00e9 (BAC) d\u2019Antibes rep\u00e8re une voiture suspecte, au niveau du port du cap d\u2019Antibes. \u00ab\u00c0 la tentative de contr\u00f4le, le v\u00e9hicule prend la fuite\u00bb avec une \u00abconduite extr\u00eamement dangereuse\u00bb, rapporte le syndicat Un1t\u00e9 Police 06 sur sa page Facebook. La police municipale,\u00a0<a href=\"http:\/\/www.lefigaro.fr\/nice\/ville-jumelle-de-crans-montana-mandelieu-pres-de-cannes-met-ses-drapeaux-en-berne-20260102\" data-fig-type=\"NewsFlash\" data-gtm-custom-categorie=\"navigation\" data-gtm-custom-action=\"crossclick\" data-gtm-custom-label=\"Contextuel\" data-gtm-event=\"customEventSPE\" data-fig-domain=\"LEFIGARO\" target=\"_blank\" rel=\"noopener\">la BAC de Cannes<\/a>\u00a0ainsi que les policiers de nuit d\u2019Antibes et les groupes de s\u00e9curit\u00e9 de proximit\u00e9 de Vallauris quadrillent le secteur, pour finalement interpeller le conducteur &#8211; non sans mal -, lequel avait fui \u00e0 pied.<\/p>\n<p class=\"fig-body-link\">\n            \u00c0 lire aussi<br \/>\n        <a class=\"fig-body-link__link\" href=\"http:\/\/www.lefigaro.fr\/nice\/cooperation-internationale-perquisitions-vaste-mobilisation-pour-retrouver-uki-un-chien-disparu-a-cannes-20251231\" data-fig-type=\"NewsFlash\" data-gtm-custom-categorie=\"navigation\" data-gtm-custom-action=\"crossclick\" data-gtm-custom-label=\"Contextuel\" data-gtm-event=\"customEventSPE\" data-fig-domain=\"LEFIGARO\" target=\"_blank\" rel=\"noopener\"><\/p>\n<p>        Coop\u00e9ration internationale, perquisitions&#8230; Vaste mobilisation pour retrouver Uki, un chien disparu \u00e0 Cannes<br \/>\n    <\/a>\n<\/p>\n<p>                                            <a class=\"fig-a11y-skip\" href=\"#fig-a11y-skip-main-inarticle\" data-module=\"a11y-skip\" data-context=\"was @visible\"><br \/>\n    Passer la publicit\u00e9<br \/>\n<\/a>            <\/p>\n<p>                                            Conduite sous l\u2019empire de stup\u00e9fiants et lourds casiers judiciaires<\/p>\n<p class=\"fig-paragraph\">Le jeune homme, \u00e2g\u00e9 de 19 ans et n\u00e9 \u00e0 Antibes, a d\u00e9j\u00e0 un lourd casier judiciaire. Il a \u00e9t\u00e9 d\u00e9f\u00e9r\u00e9 le soir de la Saint-Sylvestre pour le vol de ce v\u00e9hicule, \u00abfaussement plaqu\u00e9 et vol\u00e9\u00bb mais \u00e9galement pour refus d\u2019obtemp\u00e9rer, ainsi que pour la d\u00e9tention et le transport de trois armes de poing retrouv\u00e9es dans le v\u00e9hicule, et\u00a0<a href=\"http:\/\/www.lefigaro.fr\/lyon\/un-automobiliste-arrete-apres-28-ans-de-conduite-sans-permis-pres-de-lyon-20250509\" data-fig-type=\"NewsFlash\" data-gtm-custom-categorie=\"navigation\" data-gtm-custom-action=\"crossclick\" data-gtm-custom-label=\"Contextuel\" data-gtm-event=\"customEventSPE\" data-fig-domain=\"LEFIGARO\" target=\"_blank\" rel=\"noopener\">conduite sans permis<\/a>. Autant de d\u00e9lits pour lesquels il avait d\u00e9j\u00e0 \u00e9t\u00e9 condamn\u00e9 en mai 2025. S\u2019ajoute la conduite de la voiture sous l\u2019empire de\u00a0<a href=\"http:\/\/www.lefigaro.fr\/actualite-france\/en-france-le-marche-de-la-cocaine-surpasse-desormais-celui-du-cannabis-selon-une-etude-20251208\" data-fig-type=\"NewsFlash\" data-gtm-custom-categorie=\"navigation\" data-gtm-custom-action=\"crossclick\" data-gtm-custom-label=\"Contextuel\" data-gtm-event=\"customEventSPE\" data-fig-domain=\"LEFIGARO\" target=\"_blank\" rel=\"noopener\">cannabis<\/a>\u00a0; l\u00e0 aussi, le jeune homme est en \u00e9tat de r\u00e9cidive l\u00e9gale, ayant \u00e9t\u00e9 condamn\u00e9 par le\u00a0<a href=\"http:\/\/www.lefigaro.fr\/flash-actu\/entre-djihadisme-et-neonazisme-au-tribunal-des-enfants-de-paris-ouverture-du-proces-d-un-trio-atypique-20240220\" data-fig-type=\"NewsFlash\" data-gtm-custom-categorie=\"navigation\" data-gtm-custom-action=\"crossclick\" data-gtm-custom-label=\"Contextuel\" data-gtm-event=\"customEventSPE\" data-fig-domain=\"LEFIGARO\" target=\"_blank\" rel=\"noopener\">tribunal pour enfants<\/a>\u00a0de Grasse en 2022, \u00e0 l\u2019\u00e2ge de 16 ans.<\/p>\n<p class=\"fig-paragraph\">Son comparse, \u00e2g\u00e9 de 23 ans et originaire de C\u00f4te-d\u2019Or, \u00e9tait quant \u00e0 lui sous l\u2019empire de coca\u00efne au moment des faits et, apr\u00e8s un premier\u00a0<a href=\"http:\/\/www.lefigaro.fr\/actualite-france\/finistere-sept-gendarmes-blesses-lors-d-un-refus-d-obtemperer-20251230\" data-fig-type=\"NewsFlash\" data-gtm-custom-categorie=\"navigation\" data-gtm-custom-action=\"crossclick\" data-gtm-custom-label=\"Contextuel\" data-gtm-event=\"customEventSPE\" data-fig-domain=\"LEFIGARO\" target=\"_blank\" rel=\"noopener\">refus d\u2019obtemp\u00e9rer<\/a>, a repris le volant de la voiture d\u00e9laiss\u00e9 par son ami le soir du 27 d\u00e9cembre. En prenant la fuite, il a alors percut\u00e9 un v\u00e9hicule de police &#8211; des faits identiques \u00e0 ceux pour lesquels il avait \u00e9t\u00e9 condamn\u00e9 par le tribunal pour enfants de Grasse en 2021. Il a par la suite \u00e9t\u00e9 poursuivi pour les m\u00eames chefs que son acolyte et pour recel de v\u00e9hicule vol\u00e9, l\u00e0 encore en \u00e9tat de r\u00e9cidive l\u00e9gale depuis 2022.<\/p>\n<p class=\"fig-body-link\">\n            \u00c0 lire aussi<br \/>\n        <a class=\"fig-body-link__link\" href=\"http:\/\/www.lefigaro.fr\/flash-actu\/refus-d-obtemperer-a-toulon-le-conducteur-ecroue-jusqu-a-son-proces-en-fevrier-20251219\" data-fig-type=\"NewsFlash\" data-gtm-custom-categorie=\"navigation\" data-gtm-custom-action=\"crossclick\" data-gtm-custom-label=\"Contextuel\" data-gtm-event=\"customEventSPE\" data-fig-domain=\"LEFIGARO\" target=\"_blank\" rel=\"noopener\"><\/p>\n<p>        Refus d&rsquo;obtemp\u00e9rer \u00e0 Toulon\u00a0: le conducteur \u00e9crou\u00e9 jusqu&rsquo;\u00e0 son proc\u00e8s en f\u00e9vrier<br \/>\n    <\/a>\n<\/p>\n<p class=\"fig-paragraph\">Les deux hommes ont fait l\u2019objet d\u2019une comparution \u00e0 d\u00e9lai diff\u00e9r\u00e9 en attendant les r\u00e9sultats de l\u2019expertise ADN sur les armes retrouv\u00e9es dans le v\u00e9hicule. Ils sont donc pour l\u2019instant plac\u00e9s en d\u00e9tention provisoire.<\/p>\n","protected":false},"excerpt":{"rendered":"\u00c2g\u00e9s de 19 et 23 ans, les deux comparses \u00e9taient au volant d\u2019un v\u00e9hicule vol\u00e9 et faussement plaqu\u00e9,&hellip;\n","protected":false},"author":2,"featured_media":636704,"comment_status":"","ping_status":"","sticky":false,"template":"","format":"standard","meta":{"footnotes":""},"categories":[2819],"tags":[1111,11,3675,3993,1777,674,1011,27,12,2401,882,2852,25],"class_list":{"0":"post-636703","1":"post","2":"type-post","3":"status-publish","4":"format-standard","5":"has-post-thumbnail","7":"category-nice","8":"tag-actu","9":"tag-actualites","10":"tag-cannabis","11":"tag-cocaine","12":"tag-eu","13":"tag-europe","14":"tag-fr","15":"tag-france","16":"tag-news","17":"tag-nice","18":"tag-provence-alpes-cote-dazur","19":"tag-refus-dobtemperer","20":"tag-republique-francaise"},"share_on_mastodon":{"url":"https:\/\/pubeurope.com\/@fr\/115826888770047576","error":""},"_links":{"self":[{"href":"https:\/\/www.europesays.com\/fr\/wp-json\/wp\/v2\/posts\/636703","targetHints":{"allow":["GET"]}}],"collection":[{"href":"https:\/\/www.europesays.com\/fr\/wp-json\/wp\/v2\/posts"}],"about":[{"href":"https:\/\/www.europesays.com\/fr\/wp-json\/wp\/v2\/types\/post"}],"author":[{"embeddable":true,"href":"https:\/\/www.europesays.com\/fr\/wp-json\/wp\/v2\/users\/2"}],"replies":[{"embeddable":true,"href":"https:\/\/www.europesays.com\/fr\/wp-json\/wp\/v2\/comments?post=636703"}],"version-history":[{"count":0,"href":"https:\/\/www.europesays.com\/fr\/wp-json\/wp\/v2\/posts\/636703\/revisions"}],"wp:featuredmedia":[{"embeddable":true,"href":"https:\/\/www.europesays.com\/fr\/wp-json\/wp\/v2\/media\/636704"}],"wp:attachment":[{"href":"https:\/\/www.europesays.com\/fr\/wp-json\/wp\/v2\/media?parent=636703"}],"wp:term":[{"taxonomy":"category","embeddable":true,"href":"https:\/\/www.europesays.com\/fr\/wp-json\/wp\/v2\/categories?post=636703"},{"taxonomy":"post_tag","embeddable":true,"href":"https:\/\/www.europesays.com\/fr\/wp-json\/wp\/v2\/tags?post=636703"}],"curies":[{"name":"wp","href":"https:\/\/api.w.org\/{rel}","templated":true}]}}