{"id":636713,"date":"2026-01-02T18:24:09","date_gmt":"2026-01-02T18:24:09","guid":{"rendered":"https:\/\/www.europesays.com\/fr\/636713\/"},"modified":"2026-01-02T18:24:09","modified_gmt":"2026-01-02T18:24:09","slug":"ce-qui-pousse-les-medecins-liberaux-a-faire-greve-des-lundi","status":"publish","type":"post","link":"https:\/\/www.europesays.com\/fr\/636713\/","title":{"rendered":"ce qui pousse les m\u00e9decins lib\u00e9raux \u00e0 faire gr\u00e8ve d\u00e8s lundi"},"content":{"rendered":"<p>                    Par<br \/>\n        <strong><br \/>\n            <a href=\"https:\/\/actu.fr\/auteur\/magali-vogel\" title=\"Consulter tous les articles de Magali Vogel\" target=\"_blank\" rel=\"noopener\">Magali Vogel<\/a><br \/>\n                    <\/strong><\/p>\n<p>        Publi\u00e9 le<\/p>\n<p>            2 janv. 2026 \u00e0 17h39        <\/p>\n<p>Ils sont<strong> en col\u00e8re, d\u00e9sabus\u00e9s, parfois m\u00eame r\u00e9sign\u00e9s<\/strong>. Depuis le mois d\u2019ao\u00fbt 2025, les m\u00e9decins lib\u00e9raux alertent : si <strong>les mesures sanitaires pr\u00e9vues<\/strong> dans le PLFSS (projet de loi de financement de la s\u00e9curit\u00e9 sociale) 2026 ne sont pas revues, ils entreront <strong>en gr\u00e8ve<\/strong>. Un mouvement national, pr\u00e9vu du <strong>lundi 5<\/strong> au <strong>jeudi 15 janvier 2026<\/strong>, qui touchera <a href=\"https:\/\/actu.fr\/toulouse\/\" target=\"_blank\" rel=\"noopener\"><strong>Toulouse<\/strong> <\/a>comme l\u2019ensemble du territoire.<\/p>\n<p>Une grosse mobilisation \u00e0 pr\u00e9voir \u00e0 Toulouse<\/p>\n<p class=\" wall-content\">Le Budget de la S\u00e9cu ayant \u00e9t\u00e9 adopt\u00e9 mi-d\u00e9cembre, <strong>la mobilisation devient effective<\/strong> et<strong> ses cons\u00e9quences devraient se faire sentir <\/strong>pour les patients<strong>.<\/strong><\/p>\n<p class=\" wall-content\">\u00c0 partir du 5 janvier, <a href=\"https:\/\/actu.fr\/occitanie\/toulouse_31555\/greve-des-medecins-a-partir-du-5-janvier-il-faut-s-inquieter-de-ce-qu-il-va-se-passer-a-toulouse_63614669.html\" target=\"_blank\" rel=\"noopener\">de nombreux m\u00e9decins traitants fermeront leurs cabinets<\/a>, tandis que les chirurgiens poseront le bistouri, entra\u00eenant la paralysie de plusieurs services dans le priv\u00e9. \u00c0 Toulouse, des \u00e9tablissements comme<strong> les cliniques Rive Gauche, Croix du Sud <\/strong>ou <strong>Ambroise-Par\u00e9 <\/strong>pourraient fonctionner<strong> au ralenti<\/strong>. Les services d\u2019urgences du <strong>CHU<\/strong> continueront d\u2019assurer les <strong>urgences vitales<\/strong>, mais risquent d\u2019\u00eatre fortement <strong>sous tension<\/strong> en raison d\u2019un <strong>afflux massif<\/strong> de patients, malgr\u00e9 l\u2019absence de gr\u00e8ve au sein de leurs effectifs.<\/p>\n<p>Des mises sous objectifs inacceptables\u00a0<\/p>\n<p class=\" wall-content\">La majorit\u00e9 des praticiens d\u00e9nonce notamment<strong> la mise sous objectifs de leur activit\u00e9<\/strong>, ainsi que <strong>le d\u00e9remboursement de certains actes et soins<\/strong>. \u00c0 travers cette gr\u00e8ve, ils entendent <strong>d\u00e9fendre leur \u00e9thique, <\/strong>leur <strong>d\u00e9ontologie <\/strong>et, plus largement, la <strong>qualit\u00e9 de la prise en charge des patients<\/strong>.<\/p>\n<p class=\" wall-content\">Parmi les mesures contest\u00e9es, les m\u00e9decins traitants vont \u00eatre contr\u00f4l\u00e9s sur<strong> le nombre d\u2019arr\u00eats de travail<\/strong> prescrits par patient et s\u2019exposer \u00e0 des sanctions financi\u00e8res en cas de d\u00e9passement des quotas fix\u00e9s. Par ailleurs, les<strong> actes et m\u00e9dicaments prescrits<\/strong> par des m\u00e9decins de <strong>secteur 3, <\/strong>non conventionn\u00e9s, ne seraient<strong> plus rembours\u00e9s.<\/strong><\/p>\n<p>Vid\u00e9os : en ce moment sur ActuDouble peine pour les m\u00e9decins retrait\u00e9s<\/p>\n<p class=\" wall-content\">Le <strong>cumul emploi-retraite <\/strong>est \u00e9galement<strong> remis en cause<\/strong>. Cela signifie que les m\u00e9decins retrait\u00e9s peuvent continuer \u00e0 exercer, mais les revenus tir\u00e9s de leur activit\u00e9 seront d\u00e9sormais d\u00e9duits de leur pension. Une mesure qui touche particuli\u00e8rement les <strong>dermatologues<\/strong>. En Haute-Garonne, on compte environ 80 dermatologues en exercice, dont une majorit\u00e9 de retrait\u00e9s. Dans un contexte de <strong>d\u00e9sert m\u00e9dical<\/strong> d\u00e9j\u00e0 marqu\u00e9, la remise en cause du cumul emploi-retraite pourrait aggraver encore la p\u00e9nurie de soins dans cette sp\u00e9cialit\u00e9.<\/p>\n<p>Votre r\u00e9gion, votre actu !<\/p>\n<p>Recevez chaque jour les infos qui comptent pour vous.<\/p>\n<p>\t<a href=\"https:\/\/actu.fr\/newsletter\" class=\"ac-btn ac-btn--corner ac-btn--medium ac-btn--blue800\" target=\"_blank\" rel=\"noopener\">S&rsquo;incrire<\/a><br \/>\nUn exil pour ne pas \u00eatre r\u00e9quisitionn\u00e9s<\/p>\n<p class=\" wall-content\">Pour \u00e9chapper aux r\u00e9quisitions et frapper fort, une partie des m\u00e9decins lib\u00e9raux a choisi de s\u2019exiler temporairement en Belgique. \u00c0 ce stade, plus de<strong> 2 500 praticiens sont concern\u00e9s<\/strong>, avec un d\u00e9part pr\u00e9vu le 11 janvier et un retour annonc\u00e9 le 14 janvier au soir.<\/p>\n<p class=\" wall-content\">Faut-il alors s\u2019inqui\u00e9ter de l\u2019ampleur du mouvement \u00e0 Toulouse ? Les habitants pourront-ils encore consulter un m\u00e9decin ? \u00ab Le mouvement va \u00eatre \u00e9tonnamment <strong>tr\u00e8s suivi<\/strong> \u00bb, pr\u00e9vient <strong>Jean-Christophe Calmes<\/strong>, m\u00e9decin g\u00e9n\u00e9raliste et pr\u00e9sident de l\u2019URPS M\u00e9decins Lib\u00e9raux Occitanie. \u00ab Aujourd\u2019hui, on estime que <strong>30 \u00e0 50 %<\/strong> des m\u00e9decins g\u00e9n\u00e9ralistes pourraient \u00eatre en gr\u00e8ve dans la r\u00e9gion. \u00bb<\/p>\n<p>Une situation tendue \u00e0 Toulouse<\/p>\n<p class=\" wall-content\">La Ville rose pourrait \u00eatre particuli\u00e8rement touch\u00e9e, l\u2019offre de soins reposant largement sur le secteur priv\u00e9. \u00ab <strong>La fermeture de nombreux \u00e9tablissements priv\u00e9s pendant plusieurs jours <\/strong>va accentuer des difficult\u00e9s d\u00e9j\u00e0 existantes \u00bb, alerte <strong>J\u00e9r\u00f4me Marty<\/strong>. \u00ab Ces derniers temps, une partie de l\u2019activit\u00e9 des urgences publiques \u00e9tait report\u00e9e vers le priv\u00e9. D\u00e9but janvier, ce sera l\u2019inverse, et cela risque de saturer le syst\u00e8me. \u00bb<\/p>\n<p class=\" wall-content\">Du c\u00f4t\u00e9 du SAMU 31, ce vendredi, <strong>aucune directive<\/strong> sp\u00e9cifique n\u2019a encore \u00e9t\u00e9 re\u00e7ue par l\u2019ARS Occitanie pour faire face \u00e0 la gr\u00e8ve pr\u00e9vue \u00e0 partir de lundi. Le CHU de Toulouse continuera toutefois d\u2019assurer la prise en charge des urgences vitales. En cas de probl\u00e8me de sant\u00e9, il est recommand\u00e9 de <strong>contacter le 15,<\/strong> afin d\u2019\u00eatre orient\u00e9 vers la solution la plus adapt\u00e9e.<\/p>\n<p class=\" wall-content\">Personnalisez votre actualit\u00e9 en ajoutant vos villes et m\u00e9dias en favori avec <a href=\"https:\/\/moncompte.actu.fr\" title=\"D\u00e9couvez Mon Actu\" rel=\"nofollow noopener\" data-trk=\"{&quot;cta&quot;:{&quot;action&quot;:&quot;https:\\\/\\\/moncompte.actu.fr&quot;,&quot;category&quot;:&quot;mon compte&quot;,&quot;from&quot;:&quot;article footer&quot;,&quot;name&quot;:&quot;Mon actu&quot;,&quot;type&quot;:&quot;cta&quot;}}\" target=\"_blank\">Mon Actu<\/a>.<\/p>\n","protected":false},"excerpt":{"rendered":"Par Magali Vogel Publi\u00e9 le 2 janv. 2026 \u00e0 17h39 Ils sont en col\u00e8re, d\u00e9sabus\u00e9s, parfois m\u00eame r\u00e9sign\u00e9s.&hellip;\n","protected":false},"author":2,"featured_media":636714,"comment_status":"","ping_status":"","sticky":false,"template":"","format":"standard","meta":{"footnotes":""},"categories":[2816],"tags":[1111,11,1777,674,1011,27,2673,12,2680,25,71,104,2312],"class_list":{"0":"post-636713","1":"post","2":"type-post","3":"status-publish","4":"format-standard","5":"has-post-thumbnail","7":"category-toulouse","8":"tag-actu","9":"tag-actualites","10":"tag-eu","11":"tag-europe","12":"tag-fr","13":"tag-france","14":"tag-medecins","15":"tag-news","16":"tag-occitanie","17":"tag-republique-francaise","18":"tag-sante","19":"tag-societe","20":"tag-toulouse"},"share_on_mastodon":{"url":"https:\/\/pubeurope.com\/@fr\/115826908443930689","error":""},"_links":{"self":[{"href":"https:\/\/www.europesays.com\/fr\/wp-json\/wp\/v2\/posts\/636713","targetHints":{"allow":["GET"]}}],"collection":[{"href":"https:\/\/www.europesays.com\/fr\/wp-json\/wp\/v2\/posts"}],"about":[{"href":"https:\/\/www.europesays.com\/fr\/wp-json\/wp\/v2\/types\/post"}],"author":[{"embeddable":true,"href":"https:\/\/www.europesays.com\/fr\/wp-json\/wp\/v2\/users\/2"}],"replies":[{"embeddable":true,"href":"https:\/\/www.europesays.com\/fr\/wp-json\/wp\/v2\/comments?post=636713"}],"version-history":[{"count":0,"href":"https:\/\/www.europesays.com\/fr\/wp-json\/wp\/v2\/posts\/636713\/revisions"}],"wp:featuredmedia":[{"embeddable":true,"href":"https:\/\/www.europesays.com\/fr\/wp-json\/wp\/v2\/media\/636714"}],"wp:attachment":[{"href":"https:\/\/www.europesays.com\/fr\/wp-json\/wp\/v2\/media?parent=636713"}],"wp:term":[{"taxonomy":"category","embeddable":true,"href":"https:\/\/www.europesays.com\/fr\/wp-json\/wp\/v2\/categories?post=636713"},{"taxonomy":"post_tag","embeddable":true,"href":"https:\/\/www.europesays.com\/fr\/wp-json\/wp\/v2\/tags?post=636713"}],"curies":[{"name":"wp","href":"https:\/\/api.w.org\/{rel}","templated":true}]}}