{"id":636719,"date":"2026-01-02T18:27:15","date_gmt":"2026-01-02T18:27:15","guid":{"rendered":"https:\/\/www.europesays.com\/fr\/636719\/"},"modified":"2026-01-02T18:27:15","modified_gmt":"2026-01-02T18:27:15","slug":"un-retour-et-une-tres-bonne-nouvelle-avant-le-choc-contre-lille","status":"publish","type":"post","link":"https:\/\/www.europesays.com\/fr\/636719\/","title":{"rendered":"Un retour et une tr\u00e8s bonne nouvelle avant le choc contre Lille"},"content":{"rendered":"<p>                                            Publi\u00e9 le 02\/01\/2026 \u00e0 17h56<br \/>\n                                                                                3 minutes de lecture\n                                                                    <\/p>\n<p>F\u00e9ru de sport et plus particuli\u00e8rement de ballon rond depuis ma plus tendre enfance.<\/p>\n<p>                                            Lire la suite<\/p>\n<p>Le Stade Rennais aborde le choc contre le LOSC dans des conditions optimales, avec un groupe quasi complet qui constitue une <strong>excellente nouvelle<\/strong> pour l\u00a0\u00bbentra\u00eeneur Habib Beye. Cette situation favorable contraste avec les difficult\u00e9s d&rsquo;effectif que connaissent de nombreux clubs en cette p\u00e9riode hivernale. L&rsquo;absence de blessures majeures et le retour anticip\u00e9 de certains joueurs offrent au staff technique une <strong>libert\u00e9 de choix exceptionnelle<\/strong> pour cette rencontre cruciale programm\u00e9e samedi \u00e0 21h05. Cette profondeur d&rsquo;effectif retrouv\u00e9e arrive \u00e0 point nomm\u00e9 dans une p\u00e9riode charni\u00e8re de la saison, o\u00f9 chaque match rev\u00eat une importance capitale. La pr\u00e9paration de cette confrontation contre Lille s&rsquo;annonce donc sous les meilleurs auspices pour les Rouge et Noir, qui peuvent compter sur la quasi-totalit\u00e9 de leurs forces vives.<\/p>\n<p>                                <img decoding=\"async\" src=\"https:\/\/www.europesays.com\/fr\/wp-content\/uploads\/2025\/04\/1744123449_543_logo.png\" alt=\"Logo\"\/><\/p>\n<p>100\u20ac offerts sur ton 1er pari !<\/p>\n<p>                            <a href=\"https:\/\/www.score.fr\/redirection\/1\/\" class=\"headband-button\" target=\"_blank\" rel=\"noopener\">J&rsquo;en profite<\/a><\/p>\n<p>                                                                <img loading=\"lazy\" decoding=\"async\" src=\"https:\/\/www.europesays.com\/fr\/wp-content\/uploads\/2026\/01\/stade-rennais-un-retour-et-une-tres-bonne-nouvelle-avant-le-choc-contre-lille.jpg\" alt=\"Illustration : &quot;Stade Rennais : Un retour et une tr\u00e8s bonne nouvelle avant le choc contre Lille&quot;\" class=\"figure-img img-fluid\" width=\"780\" height=\"478\"\/><\/p>\n<p>                                    \u00a9 Site officiel du Stade Rennais                                <\/p>\n<p>Un effectif d\u00e9cim\u00e9 uniquement par la CAN<\/p>\n<p>La situation sanitaire du groupe rennais se r\u00e9v\u00e8le particuli\u00e8rement encourageante \u00e0 quelques heures de ce d\u00e9placement lillois. Seuls <strong>trois joueurs manquent \u00e0 l&rsquo;appel<\/strong>, tous retenus par leurs s\u00e9lections nationales pour la Coupe d&rsquo;Afrique des Nations : Fofana, A\u00eft-Boudlal et Nagida. Cette absence limit\u00e9e aux seuls internationaux africains t\u00e9moigne d&rsquo;une gestion exemplaire de l&rsquo;effectif et d&rsquo;une pr\u00e9paration physique r\u00e9ussie durant la tr\u00eave hivernale. L&rsquo;entra\u00eeneur dispose ainsi d&rsquo;un <strong>groupe presque au complet<\/strong>, situation id\u00e9ale pour faire face aux exigences d&rsquo;un calendrier dense. Cette stabilit\u00e9 de l&rsquo;effectif permet \u00e9galement de maintenir les automatismes d\u00e9velopp\u00e9s en premi\u00e8re partie de saison et d&rsquo;envisager sereinement les rotations n\u00e9cessaires. La <strong>profondeur d&rsquo;effectif pr\u00e9cieuse<\/strong> dont dispose d\u00e9sormais Habib Beye constitue un atout majeur pour naviguer dans cette p\u00e9riode d\u00e9licate de la saison.<\/p>\n<p>Frankowski montre l&rsquo;exemple par son engagement<\/p>\n<p>L&rsquo;attitude exemplaire de Przemys?aw Frankowski illustre parfaitement l&rsquo;\u00e9tat d&rsquo;esprit qui r\u00e8gne actuellement au sein du groupe rennais. Le milieu polonais a fait le choix de <strong>revenir \u00e0 l&rsquo;entra\u00eenement deux jours avant le reste du groupe<\/strong>, d\u00e9montrant une motivation et un professionnalisme remarquables. Cette anticipation de sa reprise t\u00e9moigne d&rsquo;une <strong>volont\u00e9 claire d&rsquo;\u00eatre op\u00e9rationnel imm\u00e9diatement<\/strong> et de ne pas perdre de temps dans sa remise en condition. Son investissement personnel ne passe pas inaper\u00e7u aupr\u00e8s du staff technique et pourrait rapidement \u00eatre r\u00e9compens\u00e9 par une titularisation face au LOSC. Cette d\u00e9marche volontaire du Polonais envoie un <strong>signal fort<\/strong> \u00e0 l&rsquo;ensemble du groupe et illustre l&rsquo;ambition collective qui anime l&rsquo;\u00e9quipe. Habib Beye dispose ainsi d&rsquo;un joueur aff\u00fbt\u00e9 et pr\u00eat \u00e0 apporter sa contribution d\u00e8s le premier match de cette reprise.<\/p>\n<p>Des perspectives encourageantes pour la suite<\/p>\n<p>Cette situation favorable s&rsquo;inscrit dans une dynamique positive pour le Stade Rennais, qui peut aborder cette reprise avec s\u00e9r\u00e9nit\u00e9 et ambition. L&rsquo;absence de <strong>p\u00e9pin majeur \u00e0 signaler<\/strong> permet au staff de se concentrer pleinement sur les aspects tactiques et techniques de la pr\u00e9paration. La concurrence saine qui s&rsquo;installe naturellement avec un effectif au complet ne peut que b\u00e9n\u00e9ficier au niveau g\u00e9n\u00e9ral de l&rsquo;\u00e9quipe. Cette <strong>libert\u00e9 dans les choix<\/strong> offerte \u00e0 l&rsquo;entra\u00eeneur constitue un luxe rare en cette p\u00e9riode de l&rsquo;ann\u00e9e, o\u00f9 les clubs doivent habituellement composer avec de nombreuses absences. L&rsquo;exemple donn\u00e9 par Frankowski pourrait \u00e9galement inspirer d&rsquo;autres joueurs et renforcer la coh\u00e9sion du groupe pour les \u00e9ch\u00e9ances \u00e0 venir.<\/p>\n<p><strong>Ce samedi 3 janvier, le Stade Rennais se d\u00e9place \u00e0 Lille pour lancer son ann\u00e9e 2026 en Ligue 1. \u00c0 cette occasion, profitez de 100\u20ac offerts pour votre premi\u00e8re inscription sur Parions Sport en Ligne. <\/strong><a href=\"https:\/\/www.score.fr\/redirection\/1\/\" target=\"_blank\" rel=\"noopener\"><strong>Les Rouge et Noir cr\u00e9ent la sensation dans le Nord ? Pariez sur une victoire du Stade Rennais face au LOSC sur le score de 0-1, 0-2 ou 0-3 vous rapporte jusqu\u2019\u00e0 620 \u20ac !<\/strong><\/a><\/p>\n<p><strong>Pour en profiter, c\u2019est tr\u00e8s simple :<\/strong><\/p>\n<p><strong>&#8211; Cr\u00e9ez votre compte joueur en seulement 2 \u00e9tapes <\/strong><a href=\"https:\/\/www.score.fr\/redirection\/1\/\" target=\"_blank\" rel=\"noopener\"><strong>ici<\/strong><\/a><\/p>\n<p><strong>&#8211; R\u00e9alisez votre 1er d\u00e9p\u00f4t puis placez votre 1er pari (Minimum 5\u20ac)<\/strong><\/p>\n<p><strong>&#8211; Une fois votre 1er d\u00e9p\u00f4t et votre 1er pari r\u00e9alis\u00e9s, l\u2019int\u00e9gralit\u00e9 du montant de ce 1er pari sera cr\u00e9dit\u00e9e sur votre compte joueur dans la limite de 100\u20ac maximum et sous la forme de cr\u00e9dits de jeu non retirables. Le cr\u00e9dit s\u2019effectuera alors en une seule \u00e9tape et sous 3 jours<\/strong><\/p>\n<p><strong>Jouer comporte des risques : endettement, d\u00e9pendance\u2026 Appelez le 09 74 75 13 13 (appel non surtax\u00e9)<\/strong><\/p>\n","protected":false},"excerpt":{"rendered":"Publi\u00e9 le 02\/01\/2026 \u00e0 17h56 3 minutes de lecture F\u00e9ru de sport et plus particuli\u00e8rement de ballon rond&hellip;\n","protected":false},"author":2,"featured_media":636720,"comment_status":"","ping_status":"","sticky":false,"template":"","format":"standard","meta":{"footnotes":""},"categories":[2815],"tags":[1111,11,1777,674,1011,27,811,1307,12,25],"class_list":{"0":"post-636719","1":"post","2":"type-post","3":"status-publish","4":"format-standard","5":"has-post-thumbnail","7":"category-lille","8":"tag-actu","9":"tag-actualites","10":"tag-eu","11":"tag-europe","12":"tag-fr","13":"tag-france","14":"tag-hauts-de-france","15":"tag-lille","16":"tag-news","17":"tag-republique-francaise"},"share_on_mastodon":{"url":"https:\/\/pubeurope.com\/@fr\/115826920352918889","error":""},"_links":{"self":[{"href":"https:\/\/www.europesays.com\/fr\/wp-json\/wp\/v2\/posts\/636719","targetHints":{"allow":["GET"]}}],"collection":[{"href":"https:\/\/www.europesays.com\/fr\/wp-json\/wp\/v2\/posts"}],"about":[{"href":"https:\/\/www.europesays.com\/fr\/wp-json\/wp\/v2\/types\/post"}],"author":[{"embeddable":true,"href":"https:\/\/www.europesays.com\/fr\/wp-json\/wp\/v2\/users\/2"}],"replies":[{"embeddable":true,"href":"https:\/\/www.europesays.com\/fr\/wp-json\/wp\/v2\/comments?post=636719"}],"version-history":[{"count":0,"href":"https:\/\/www.europesays.com\/fr\/wp-json\/wp\/v2\/posts\/636719\/revisions"}],"wp:featuredmedia":[{"embeddable":true,"href":"https:\/\/www.europesays.com\/fr\/wp-json\/wp\/v2\/media\/636720"}],"wp:attachment":[{"href":"https:\/\/www.europesays.com\/fr\/wp-json\/wp\/v2\/media?parent=636719"}],"wp:term":[{"taxonomy":"category","embeddable":true,"href":"https:\/\/www.europesays.com\/fr\/wp-json\/wp\/v2\/categories?post=636719"},{"taxonomy":"post_tag","embeddable":true,"href":"https:\/\/www.europesays.com\/fr\/wp-json\/wp\/v2\/tags?post=636719"}],"curies":[{"name":"wp","href":"https:\/\/api.w.org\/{rel}","templated":true}]}}