{"id":636721,"date":"2026-01-02T18:28:11","date_gmt":"2026-01-02T18:28:11","guid":{"rendered":"https:\/\/www.europesays.com\/fr\/636721\/"},"modified":"2026-01-02T18:28:11","modified_gmt":"2026-01-02T18:28:11","slug":"la-mairie-de-marseille-accusee-de-capturer-des-pigeons-elle-repond","status":"publish","type":"post","link":"https:\/\/www.europesays.com\/fr\/636721\/","title":{"rendered":"la mairie de Marseille accus\u00e9e de \u00ab\u00a0capturer\u00a0\u00bb des pigeons, elle r\u00e9pond"},"content":{"rendered":"<p>                    Par<br \/>\n        <strong><br \/>\n            <a href=\"https:\/\/actu.fr\/auteur\/fabien-binacchi\" title=\"Consulter tous les articles de Fabien Binacchi\" target=\"_blank\" rel=\"noopener\">Fabien Binacchi<\/a><br \/>\n                    <\/strong><\/p>\n<p>        Publi\u00e9 le<\/p>\n<p>            2 janv. 2026 \u00e0 18h07        <\/p>\n<p>La Mairie de <a href=\"https:\/\/actu.fr\/marseille\/\" target=\"_blank\" rel=\"noopener\">Marseille,<\/a> loin de l\u2019exemplarit\u00e9 affich\u00e9e sur <a href=\"https:\/\/actu.fr\/provence-alpes-cote-d-azur\/marseille_13055\/au-sujet-de-la-condition-animale-la-ville-de-marseille-a-parfois-ete-cruelle_63000030.html\" target=\"_blank\" rel=\"noopener\">la condition animale\u2009?<\/a> Apr\u00e8s avoir annonc\u00e9 l\u2019abandon, en 2023, de <strong>m\u00e9thodes controvers\u00e9s pour limiter les populations de pigeons, incluant st\u00e9rilisation chirurgicale et gazage,<\/strong> la deuxi\u00e8me ville de France continuerait \u00e0 en capturer, alerte Paz, <a href=\"https:\/\/actu.fr\/provence-alpes-cote-d-azur\/marseille_13055\/marseille-achats-impulsifs-abandons-une-association-sort-les-griffes-contre-cet-evenement_63011389.html\" target=\"_blank\" rel=\"noopener\">une association de d\u00e9fense des animaux.<\/a> \u00ab\u2009Scandaleux\u2009\u00bb, d\u00e9nonce-t-elle. La mairie r\u00e9pond.<\/p>\n<p>Risque d\u2019\u00ab\u2009ailes cass\u00e9es\u2009\u00bb et d\u2019\u00ab\u2009\u00e9puisement\u2009\u00bb<\/p>\n<p class=\" wall-content\">Malgr\u00e9 la cr\u00e9ation d\u2019une charte du bien-\u00eatre des animaux, en 2024, et la nomination d\u2019une d\u00e9l\u00e9gation sp\u00e9ciale qui \u00ab\u2009veille au respect [de leurs] droits\u2009\u00bb, la collectivit\u00e9 phoc\u00e9enne <strong>ne respecterait pas ses \u00ab\u2009engagements\u2009\u00bb<\/strong> concernant les pigeons.<\/p>\n<p class=\" wall-content\">\u00ab\u2009En avril\u00a02023, la mairie de Marseille avait affirm\u00e9 [\u2026] avoir cess\u00e9 de tuer les pigeons suite aux r\u00e9v\u00e9lations de Paz\u2009\u00bb \u00e0 l\u2019\u00e9poque, rappelle l\u2019association dans un communiqu\u00e9. Sauf que, selon des documents et m\u00eame des factures que la municipalit\u00e9 lui a transmis ces derniers jours, <strong>la municipalit\u00e9 \u00ab\u2009capture \u00e0 nouveau\u2009\u00bb ces volatiles.<\/strong><\/p>\n<p class=\" wall-content\">\u00ab\u2009Nous apprenons que la mairie commandite des interventions de captures par lance-filets et cages, indique Paz. Les captures en elles-m\u00eames sont violentes pour les pigeons. Avec des filets, certains pigeons sont bless\u00e9s (ailes cass\u00e9es). Avec les cages, certains meurent d\u2019\u00e9puisement dans les cages. <strong>Dans les cages, les pigeons sont parfois abandonn\u00e9s \u00e0 leur sort,<\/strong> sans eau ni nourriture ou abri pour les prot\u00e9ger des intemp\u00e9ries.\u2009\u00bb<\/p>\n<p>\u00ab\u2009Il n\u2019y a en aucun cas de maltraitance animale\u2009\u00bb<\/p>\n<p class=\" wall-content\">Dans la deuxi\u00e8me ville de France, leur pr\u00e9sence, en nombre, soul\u00e8verait de nombreuses probl\u00e9matiques. Sur son site Internet accessible au public, la municipalit\u00e9 souligne ainsi que \u00ab\u2009<strong>la surpopulation des pigeons en ville, estim\u00e9e \u00e0 80000,<\/strong> engendre des cons\u00e9quences n\u00e9fastes sur l\u2019environnement, telles que la d\u00e9gradation des infrastructures, des nuisances sonores, mais peut aussi provoquer des risques sanitaires.\u2009\u00bb<\/p>\n<p class=\" wall-content\">La mairie serait-elle donc revenue \u00e0 d\u2019anciennes m\u00e9thodes pour limiter les cons\u00e9quences de la pr\u00e9sence de ces oiseaux\u2009? Sollicit\u00e9e par actu Marseille, elle r\u00e9pond par la voix de Christine Juste, adjointe (Les \u00c9cologistes EELV) en charge de l\u2019environnement, mais aussi la biodiversit\u00e9 terrestre et de l\u2019animal dans la ville entre autres d\u00e9l\u00e9gations. Et c\u2019est <strong>un \u00ab\u2009non\u2009\u00bb ferme,<\/strong> contrairement \u00e0 des informations toujours disponibles en ligne.<\/p>\n<p>    <img   decoding=\"async\" loading=\"lazy\" src=\"https:\/\/www.europesays.com\/fr\/wp-content\/uploads\/2026\/01\/pigeons-marseille-site-960x640.jpg\" alt=\"pigeons marseille site\" width=\"960\" height=\"640\"\/><br \/>\n    Un extrait d\u2019une page Internet du site officiel de la Ville de Marseille fait toujours \u00e9tat de capture al\u00e9atoire de pigeons et de st\u00e9rilisations chirurgicales qui n\u2019ont plus court, selon la mairie. (\u00a9Capture d\u2019\u00e9cran marseille.fr)<\/p>\n<p>Votre r\u00e9gion, votre actu !<\/p>\n<p>Recevez chaque jour les infos qui comptent pour vous.<\/p>\n<p>\t<a href=\"https:\/\/actu.fr\/newsletter\" class=\"ac-btn ac-btn--corner ac-btn--medium ac-btn--blue800\" target=\"_blank\" rel=\"noopener\">S&rsquo;incrire<\/a><\/p>\n<p class=\" wall-content\">\u00ab\u2009Il y a deux ou trois ans, nous avons stopp\u00e9 toute euthanasie et st\u00e9rilisation chirurgicale, <strong>ces derni\u00e8res pouvant provoquer des crises cardiaques.<\/strong> Il n\u2019y a plus non plus de capture al\u00e9atoire de pigeons\u2009\u00bb, r\u00e9affirme l\u2019\u00e9lue aupr\u00e8s de notre r\u00e9daction.<\/p>\n<blockquote class=\"ac-article-quote wall-content\">\n<p>Les cages sont \u00e9ventuellement utilis\u00e9es pour \u00e9vacuer et rel\u00e2cher \u00e0 l&rsquo;air libre des oiseaux qui se seraient introduits dans des b\u00e2timents municipaux, \u00e9coles, mus\u00e9es ou autres, que nous avons besoin de ces cages. Elles ne sont pas utilis\u00e9es pour euthanasier ou st\u00e9riliser. Concernant les filets, en huit ans, ils n&rsquo;ont jamais \u00e9t\u00e9 utilis\u00e9s. Il n&rsquo;y a en aucun cas de maltraitance animale.<\/p>\n<p>    <strong>Christine Juste<\/strong>\n            <\/p><\/blockquote>\n<p>Des \u00ab\u2009pigeonniers contraceptifs\u2009\u00bb<\/p>\n<p class=\" wall-content\">La ville, qui lutte \u00e9galement contre le nourrissage sauvage, qui fait pulluler l\u2019esp\u00e8ce, dispose en effet de 9 de ces \u00ab\u2009pigeonniers contraceptifs\u2009\u00bb. Ils sont notamment install\u00e9s dans les parcs du 26e centenaire \u2013 Jean-Claude Gaudin (10e), Maison Blanche (9e), Bagatelle (8e), Colline Puget (7e), Chanot (8e), Mirabelle (11e) Bor\u00e9ly (8e) ou encore Pastr\u00e9 (8e).<\/p>\n<p>    <img   decoding=\"async\" loading=\"lazy\" src=\"https:\/\/www.europesays.com\/fr\/wp-content\/uploads\/2026\/01\/pigeonnier-contraceptif-marseille-960x640.jpg\" alt=\"Neuf pigeonniers contraceptifs sont install\u00e9s dans des parcs municipaux\" width=\"960\" height=\"640\"\/><br \/>\n    Neuf \u00ab\u2009pigeonniers contraceptifs\u2009\u00bb sont install\u00e9s dans des parcs municipaux (\u00a9Ville de Marseille)<\/p>\n<p class=\" wall-content\">\u00ab\u2009Ces cabanes, compos\u00e9es chacune de cent cases nichoirs, peuvent accueillir <strong>100 couples de pigeons<\/strong>\u2009\u00bb, pr\u00e9cise la Ville. \u00ab\u2009Ils nidifient et y d\u00e9posent leurs \u0153ufs. Et nous en st\u00e9rilisons un sur trois en les secouant ou en les couvrant d\u2019huile. Ce qui permet de limiter les populations sans maltraitance\u2009\u00bb, vante encore Christine Juste.<\/p>\n<p class=\" wall-content\">Les cages de capture peuvent \u00e9galement \u00eatre utilis\u00e9es pour installer certains bin\u00f4mes dans ces pigeonniers, reconna\u00eet l\u2019adjointe. Un moyen de motiver d\u2019autres animaux \u00e0 investir aussi les lieux. Un proc\u00e9d\u00e9 <strong>\u00ab\u2009superflu et stressant pour les oiseaux\u2009\u00bb,<\/strong> d\u00e9nonce Paz.<\/p>\n<p class=\" wall-content\">Personnalisez votre actualit\u00e9 en ajoutant vos villes et m\u00e9dias en favori avec <a href=\"https:\/\/moncompte.actu.fr\" title=\"D\u00e9couvez Mon Actu\" rel=\"nofollow noopener\" data-trk=\"{&quot;cta&quot;:{&quot;action&quot;:&quot;https:\\\/\\\/moncompte.actu.fr&quot;,&quot;category&quot;:&quot;mon compte&quot;,&quot;from&quot;:&quot;article footer&quot;,&quot;name&quot;:&quot;Mon actu&quot;,&quot;type&quot;:&quot;cta&quot;}}\" target=\"_blank\">Mon Actu<\/a>.<\/p>\n","protected":false},"excerpt":{"rendered":"Par Fabien Binacchi Publi\u00e9 le 2 janv. 2026 \u00e0 18h07 La Mairie de Marseille, loin de l\u2019exemplarit\u00e9 affich\u00e9e&hellip;\n","protected":false},"author":2,"featured_media":636722,"comment_status":"","ping_status":"","sticky":false,"template":"","format":"standard","meta":{"footnotes":""},"categories":[2814],"tags":[1111,11,1867,1130,1777,674,1011,27,6795,884,12,52,882,25],"class_list":{"0":"post-636721","1":"post","2":"type-post","3":"status-publish","4":"format-standard","5":"has-post-thumbnail","7":"category-marseille","8":"tag-actu","9":"tag-actualites","10":"tag-animaux","11":"tag-biodiversite","12":"tag-eu","13":"tag-europe","14":"tag-fr","15":"tag-france","16":"tag-maltraitance-animale","17":"tag-marseille","18":"tag-news","19":"tag-planete","20":"tag-provence-alpes-cote-dazur","21":"tag-republique-francaise"},"share_on_mastodon":{"url":"https:\/\/pubeurope.com\/@fr\/115826924220722970","error":""},"_links":{"self":[{"href":"https:\/\/www.europesays.com\/fr\/wp-json\/wp\/v2\/posts\/636721","targetHints":{"allow":["GET"]}}],"collection":[{"href":"https:\/\/www.europesays.com\/fr\/wp-json\/wp\/v2\/posts"}],"about":[{"href":"https:\/\/www.europesays.com\/fr\/wp-json\/wp\/v2\/types\/post"}],"author":[{"embeddable":true,"href":"https:\/\/www.europesays.com\/fr\/wp-json\/wp\/v2\/users\/2"}],"replies":[{"embeddable":true,"href":"https:\/\/www.europesays.com\/fr\/wp-json\/wp\/v2\/comments?post=636721"}],"version-history":[{"count":0,"href":"https:\/\/www.europesays.com\/fr\/wp-json\/wp\/v2\/posts\/636721\/revisions"}],"wp:featuredmedia":[{"embeddable":true,"href":"https:\/\/www.europesays.com\/fr\/wp-json\/wp\/v2\/media\/636722"}],"wp:attachment":[{"href":"https:\/\/www.europesays.com\/fr\/wp-json\/wp\/v2\/media?parent=636721"}],"wp:term":[{"taxonomy":"category","embeddable":true,"href":"https:\/\/www.europesays.com\/fr\/wp-json\/wp\/v2\/categories?post=636721"},{"taxonomy":"post_tag","embeddable":true,"href":"https:\/\/www.europesays.com\/fr\/wp-json\/wp\/v2\/tags?post=636721"}],"curies":[{"name":"wp","href":"https:\/\/api.w.org\/{rel}","templated":true}]}}