{"id":636723,"date":"2026-01-02T18:29:15","date_gmt":"2026-01-02T18:29:15","guid":{"rendered":"https:\/\/www.europesays.com\/fr\/636723\/"},"modified":"2026-01-02T18:29:15","modified_gmt":"2026-01-02T18:29:15","slug":"le-festival-international-de-cinema-a-marseille-une-sensibilisation-au-cinema-au-long-cours-avec-des-actions-toute-lannee","status":"publish","type":"post","link":"https:\/\/www.europesays.com\/fr\/636723\/","title":{"rendered":"Le Festival international de cin\u00e9ma \u00e0 Marseille, une sensibilisation au cin\u00e9ma au long cours avec des actions toute l&rsquo;ann\u00e9e"},"content":{"rendered":"<p>\u00ab\u00a0Le FID n\u2019est pas qu\u2019un festival\u00a0\u00bb, souligne sa directrice Tsveta Dobreva. Depuis qu\u2019elle a pris la succession de Jean-Pierre Rehm en 2022, celle qui a travaill\u00e9 pour la Capitale europ\u00e9enne de la culture de la Ruhr et le Goethe Institut de Paris puis Marseille s\u2019est pr\u00e9cis\u00e9ment attel\u00e9e \u00e0 d\u00e9velopper localement un festival \u00ab\u00a0reconnu pour son exigence artistique et sa dimension internationale\u00a0\u00bb. \u00ab\u00a0Cet engagement local \u00e0 l\u2019ann\u00e9e, pour le public et pour les films, c\u2019est ce qui manquait au FID\u00a0\u00bb, dit-elle.<\/p>\n<p>Cette ann\u00e9e, plusieurs reprises du FID 2025 sont programm\u00e9es \u00e0 l\u2019\u00e9tranger\u00a0: pendant une semaine en mars, 20 films seront pr\u00e9sent\u00e9s \u00e0 Buenos Aires en pr\u00e9sence des \u00e9quipes du festival et des cin\u00e9astes, et d\u2019autres rendez-vous de ce type sont pr\u00e9vus \u00e0 Barcelone, Madrid\u2026 et en octobre \u00e0 Alger. \u00ab\u00a0Le FID officie l\u00e0 comme un distributeur alternatif\u00a0\u00bb, poursuit-elle, au service d\u2019un cin\u00e9ma contemporain en manque de visibilit\u00e9, courageux et cr\u00e9atif. Dans le m\u00eame esprit de soutien \u00e0 la cr\u00e9ation, l\u2019expansion FID Lab est une plateforme de coproduction qui, en\u00a02025, a accompagn\u00e9 11 projets de films (sur 400 re\u00e7us) de cin\u00e9astes \u00e9mergents. Sans oublier FID Campus, r\u00e9sidence de cr\u00e9ation \u00e0 destination d\u2019\u00e9tudia&#8230;<\/p>\n","protected":false},"excerpt":{"rendered":"\u00ab\u00a0Le FID n\u2019est pas qu\u2019un festival\u00a0\u00bb, souligne sa directrice Tsveta Dobreva. Depuis qu\u2019elle a pris la succession de&hellip;\n","protected":false},"author":2,"featured_media":636724,"comment_status":"","ping_status":"","sticky":false,"template":"","format":"standard","meta":{"footnotes":""},"categories":[2814],"tags":[5734,1111,11,650,251,1777,674,849,1011,27,14,884,12,882,25,13512,96],"class_list":{"0":"post-636723","1":"post","2":"type-post","3":"status-publish","4":"format-standard","5":"has-post-thumbnail","7":"category-marseille","8":"tag-5734","9":"tag-actu","10":"tag-actualites","11":"tag-cinema","12":"tag-culture","13":"tag-eu","14":"tag-europe","15":"tag-festival","16":"tag-fr","17":"tag-france","18":"tag-international","19":"tag-marseille","20":"tag-news","21":"tag-provence-alpes-cote-dazur","22":"tag-republique-francaise","23":"tag-sensibilisation","24":"tag-une"},"share_on_mastodon":{"url":"https:\/\/pubeurope.com\/@fr\/115826928143444040","error":""},"_links":{"self":[{"href":"https:\/\/www.europesays.com\/fr\/wp-json\/wp\/v2\/posts\/636723","targetHints":{"allow":["GET"]}}],"collection":[{"href":"https:\/\/www.europesays.com\/fr\/wp-json\/wp\/v2\/posts"}],"about":[{"href":"https:\/\/www.europesays.com\/fr\/wp-json\/wp\/v2\/types\/post"}],"author":[{"embeddable":true,"href":"https:\/\/www.europesays.com\/fr\/wp-json\/wp\/v2\/users\/2"}],"replies":[{"embeddable":true,"href":"https:\/\/www.europesays.com\/fr\/wp-json\/wp\/v2\/comments?post=636723"}],"version-history":[{"count":0,"href":"https:\/\/www.europesays.com\/fr\/wp-json\/wp\/v2\/posts\/636723\/revisions"}],"wp:featuredmedia":[{"embeddable":true,"href":"https:\/\/www.europesays.com\/fr\/wp-json\/wp\/v2\/media\/636724"}],"wp:attachment":[{"href":"https:\/\/www.europesays.com\/fr\/wp-json\/wp\/v2\/media?parent=636723"}],"wp:term":[{"taxonomy":"category","embeddable":true,"href":"https:\/\/www.europesays.com\/fr\/wp-json\/wp\/v2\/categories?post=636723"},{"taxonomy":"post_tag","embeddable":true,"href":"https:\/\/www.europesays.com\/fr\/wp-json\/wp\/v2\/tags?post=636723"}],"curies":[{"name":"wp","href":"https:\/\/api.w.org\/{rel}","templated":true}]}}