{"id":636738,"date":"2026-01-02T18:38:14","date_gmt":"2026-01-02T18:38:14","guid":{"rendered":"https:\/\/www.europesays.com\/fr\/636738\/"},"modified":"2026-01-02T18:38:14","modified_gmt":"2026-01-02T18:38:14","slug":"les-jeux-toujours-sans-la-russie","status":"publish","type":"post","link":"https:\/\/www.europesays.com\/fr\/636738\/","title":{"rendered":"Les Jeux toujours sans la Russie"},"content":{"rendered":"<p><strong>Questionn\u00e9e sur une \u00e9ventuelle<br \/>\nparticipation de la Russie aux Jeux Olympiques de Milan-Cortina en<br \/>\n2026 en cas d\u2019accord de paix avec l\u2019Ukraine, Kirsty Coventry,<br \/>\npr\u00e9sidente du CIO, a maintenu la position de son instance. Les<br \/>\nathl\u00e8tes concern\u00e9s participeront sous banni\u00e8re neutre et \u00e0 titre<br \/>\nindividuel.<\/strong><\/p>\n<p>Dans un peu plus d\u2019un mois, les meilleurs athl\u00e8tes de tous les<br \/>\npays se donneront rendez-vous en Italie, plus pr\u00e9cis\u00e9ment \u00e0 Milan<br \/>\net en V\u00e9n\u00e9tie du c\u00f4t\u00e9 de Cortina pour les Jeux Olympiques d\u2019hiver<br \/>\n(6 au 22 f\u00e9vrier), deux ans apr\u00e8s ceux d\u2019\u00e9t\u00e9 organis\u00e9s \u00e0 Paris et<br \/>\ndans d\u2019autres villes de France. Et comme c\u2019\u00e9tait de rigueur dans<br \/>\nl\u2019Hexagone il y a un an et demi, la Russie et la Bi\u00e9lorussie ne<br \/>\nseront pas autoris\u00e9es \u00e0 y participer.<\/p>\n<p>Comme c\u2019est le cas dans bon nombre de sports d\u00e9sormais, les<br \/>\nathl\u00e8tes russes et bi\u00e9lorusses peuvent concourir dans leur<br \/>\ndiscipline mais sous banni\u00e8re neutre, sans drapeau ni hymne<br \/>\nnational. Cette d\u00e9cision est le r\u00e9sultat de l\u2019invasion de l\u2019Ukraine<br \/>\nen f\u00e9vrier 2022.<\/p>\n<p>Aucun changement<br \/>\npr\u00e9vu<\/p>\n<p>Ces derniers jours voire semaines, des discussions ont \u00e9t\u00e9<br \/>\nmen\u00e9es pour tenter d\u2019ent\u00e9riner le conflit, pour le moment sans<br \/>\nr\u00e9sultat probant. Quoi qu\u2019il en soit, m\u00eame en cas d\u2019accord de paix<br \/>\nentre la Russie et l\u2019Ukraine, les sanctions sportives cit\u00e9es plus<br \/>\nhaut ne seraient pas abandonn\u00e9es.<\/p>\n<p>C\u2019est en tout cas ce qu\u2019a indiqu\u00e9 Kirsty Coventry, pr\u00e9sidente du<br \/>\nComit\u00e9 International Olympique (CIO). Au journal la Corriere della<br \/>\nSera, celle qui a succ\u00e9d\u00e9 \u00e0 Thomas Bach a \u00e9voqu\u00e9 cette question : \u00ab<br \/>\n\u00c0 ce stade, cela ne changerait rien \u00e0 la d\u00e9cision d\u00e9j\u00e0 prise : les<br \/>\nathl\u00e8tes neutres participeront \u00e0 titre individuel. \u00bb<\/p>\n","protected":false},"excerpt":{"rendered":"Questionn\u00e9e sur une \u00e9ventuelle participation de la Russie aux Jeux Olympiques de Milan-Cortina en 2026 en cas d\u2019accord&hellip;\n","protected":false},"author":2,"featured_media":636739,"comment_status":"","ping_status":"","sticky":false,"template":"","format":"standard","meta":{"footnotes":""},"categories":[1591],"tags":[11,1887,12,1885,1886,132,57681],"class_list":{"0":"post-636738","1":"post","2":"type-post","3":"status-publish","4":"format-standard","5":"has-post-thumbnail","7":"category-russie","8":"tag-actualites","9":"tag-federation-de-russie","10":"tag-news","11":"tag-russia","12":"tag-russian-federation","13":"tag-russie","14":"tag-sport365-fr"},"share_on_mastodon":{"url":"https:\/\/pubeurope.com\/@fr\/115826963467039833","error":""},"_links":{"self":[{"href":"https:\/\/www.europesays.com\/fr\/wp-json\/wp\/v2\/posts\/636738","targetHints":{"allow":["GET"]}}],"collection":[{"href":"https:\/\/www.europesays.com\/fr\/wp-json\/wp\/v2\/posts"}],"about":[{"href":"https:\/\/www.europesays.com\/fr\/wp-json\/wp\/v2\/types\/post"}],"author":[{"embeddable":true,"href":"https:\/\/www.europesays.com\/fr\/wp-json\/wp\/v2\/users\/2"}],"replies":[{"embeddable":true,"href":"https:\/\/www.europesays.com\/fr\/wp-json\/wp\/v2\/comments?post=636738"}],"version-history":[{"count":0,"href":"https:\/\/www.europesays.com\/fr\/wp-json\/wp\/v2\/posts\/636738\/revisions"}],"wp:featuredmedia":[{"embeddable":true,"href":"https:\/\/www.europesays.com\/fr\/wp-json\/wp\/v2\/media\/636739"}],"wp:attachment":[{"href":"https:\/\/www.europesays.com\/fr\/wp-json\/wp\/v2\/media?parent=636738"}],"wp:term":[{"taxonomy":"category","embeddable":true,"href":"https:\/\/www.europesays.com\/fr\/wp-json\/wp\/v2\/categories?post=636738"},{"taxonomy":"post_tag","embeddable":true,"href":"https:\/\/www.europesays.com\/fr\/wp-json\/wp\/v2\/tags?post=636738"}],"curies":[{"name":"wp","href":"https:\/\/api.w.org\/{rel}","templated":true}]}}