{"id":636750,"date":"2026-01-02T18:45:10","date_gmt":"2026-01-02T18:45:10","guid":{"rendered":"https:\/\/www.europesays.com\/fr\/636750\/"},"modified":"2026-01-02T18:45:10","modified_gmt":"2026-01-02T18:45:10","slug":"lexode-des-jeunes-generations-mine-de-nombreux-pays-deurope-accents-deurope","status":"publish","type":"post","link":"https:\/\/www.europesays.com\/fr\/636750\/","title":{"rendered":"L&rsquo;exode des jeunes g\u00e9n\u00e9rations mine de nombreux pays d&rsquo;Europe &#8211; Accents d&rsquo;Europe"},"content":{"rendered":"<p>\n                                                Beaucoup de pays\u00a0du\u00a0continent europ\u00e9en sont frapp\u00e9s par l&rsquo;exode de leur jeunesse. C&rsquo;est vrai y compris au sein de l&rsquo;Union europ\u00e9enne, mais la situation est encore plus critique dans les pays voisins. En particulier dans les Balkans.                    <\/p>\n<p>[Cette \u00e9mission est une rediffusion de nos programmes]<\/p>\n<p> <strong>Des jeunes en qu\u00eate d&rsquo;une vie meilleure<\/strong> <\/p>\n<p>\u00c0 Trebinje, petite ville\u00a0du\u00a0sud de la\u00a0<strong><a href=\"https:\/\/www.rfi.fr\/fr\/tag\/bosnie-herz\u00e9govine\/\" target=\"_self\" rel=\"noopener\">Bosnie-Herz\u00e9govine<\/a><\/strong>, le marasme \u00e9conomique et le client\u00e9lisme mafieux ont eu raison de l&rsquo;espoir de la jeune g\u00e9n\u00e9ration. Lors de l&rsquo;\u00e9lection pr\u00e9sidentielle de fin novembre 2025, les jeunes de cette commune de Republika serbska, tenue par le parti\u00a0du\u00a0nationaliste pro-russe Dodik, ont d\u00e9sert\u00e9 les bureaux de vote, et\u00a0ils n&rsquo;aspirent qu&rsquo;\u00e0 quitter le pays.\u00a0Reportage de\u00a0<strong><a href=\"https:\/\/www.rfi.fr\/fr\/auteur\/louis-seiller\/\" target=\"_self\" rel=\"noopener\">Louis Seiller<\/a><\/strong>.<\/p>\n<p>En\u00a0<strong><a href=\"https:\/\/www.rfi.fr\/fr\/tag\/italie\/\" target=\"_self\" rel=\"noopener\">Italie<\/a><\/strong>, cela fait plus de trente ans que les responsables politiques parlent de \u00abfuite des cerveaux\u00bb pour qualifier l&rsquo;exode des jeunes.\u00a0Car m\u00eame dans la troisi\u00e8me \u00e9conomie de l&rsquo;UE, ils sont tr\u00e8s nombreux \u00e0 partir. Mais l&rsquo;expression ne rend pas pleinement compte\u00a0du\u00a0ph\u00e9nom\u00e8ne, qui touche tous les profils de jeunes, et toutes les r\u00e9gions\u00a0du\u00a0pays. Les explications de\u00a0<strong><a href=\"https:\/\/www.rfi.fr\/fr\/auteur\/c\u00e9cile-debarge\/\" target=\"_self\" rel=\"noopener\">C\u00e9cile Debarge<\/a><\/strong><\/p>\n<p> <strong>La chronique musique de Vincent Th\u00e9val : Mum,\u00a0Mild at heart<\/strong> <strong>Pour pr\u00e9server l&rsquo;<a href=\"https:\/\/www.rfi.fr\/fr\/tag\/environnement\/\" target=\"_self\" rel=\"noopener\">environnement<\/a>, humains et\u00a0<a href=\"https:\/\/www.rfi.fr\/fr\/tag\/faune\/\" target=\"_self\" rel=\"noopener\">animaux<\/a>\u00a0travaillent parfois de concert<\/strong> <\/p>\n<p>C&rsquo;est le cas au\u00a0<strong><a href=\"https:\/\/www.rfi.fr\/fr\/tag\/royaume-uni\/\" target=\"_self\" rel=\"noopener\">Royaume-Uni<\/a><\/strong>, dans la New Forest.\u00a0Une for\u00eat communale pas vraiment nouvelle : elle a \u00e9t\u00e9 cr\u00e9\u00e9e au XIe\u00a0si\u00e8cle par Guillaume le Conqu\u00e9rant pour servir de terrain de chasse. Mais ce territoire de plus de 500 km2 est aussi un immense lieu de p\u00e2turage pour les fermiers locaux. Appel\u00e9s les Commoners, ces fermiers doivent adh\u00e9rer \u00e0 des traditions tr\u00e8s anciennes qui ont des atouts ind\u00e9niables pour lutter contre la d\u00e9gradation des \u00e9cosyst\u00e8mes.\u00a0<strong>Reportage de Marie Billon<\/strong>.<\/p>\n","protected":false},"excerpt":{"rendered":"Beaucoup de pays\u00a0du\u00a0continent europ\u00e9en sont frapp\u00e9s par l&rsquo;exode de leur jeunesse. C&rsquo;est vrai y compris au sein de&hellip;\n","protected":false},"author":2,"featured_media":636751,"comment_status":"","ping_status":"","sticky":false,"template":"","format":"standard","meta":{"footnotes":""},"categories":[1586],"tags":[2361,11,13308,436,1777,674,1779,1011,27,452,4075,12,25,473,1778,364],"class_list":{"0":"post-636750","1":"post","2":"type-post","3":"status-publish","4":"format-standard","5":"has-post-thumbnail","7":"category-europe","8":"tag-accents-deurope","9":"tag-actualites","10":"tag-bosnie-herzegovine","11":"tag-environnement","12":"tag-eu","13":"tag-europe","14":"tag-european-union","15":"tag-fr","16":"tag-france","17":"tag-italie","18":"tag-jeunesse","19":"tag-news","20":"tag-republique-francaise","21":"tag-royaume-uni","22":"tag-ue","23":"tag-union-europeenne"},"share_on_mastodon":{"url":"https:\/\/pubeurope.com\/@fr\/115826991003502811","error":""},"_links":{"self":[{"href":"https:\/\/www.europesays.com\/fr\/wp-json\/wp\/v2\/posts\/636750","targetHints":{"allow":["GET"]}}],"collection":[{"href":"https:\/\/www.europesays.com\/fr\/wp-json\/wp\/v2\/posts"}],"about":[{"href":"https:\/\/www.europesays.com\/fr\/wp-json\/wp\/v2\/types\/post"}],"author":[{"embeddable":true,"href":"https:\/\/www.europesays.com\/fr\/wp-json\/wp\/v2\/users\/2"}],"replies":[{"embeddable":true,"href":"https:\/\/www.europesays.com\/fr\/wp-json\/wp\/v2\/comments?post=636750"}],"version-history":[{"count":0,"href":"https:\/\/www.europesays.com\/fr\/wp-json\/wp\/v2\/posts\/636750\/revisions"}],"wp:featuredmedia":[{"embeddable":true,"href":"https:\/\/www.europesays.com\/fr\/wp-json\/wp\/v2\/media\/636751"}],"wp:attachment":[{"href":"https:\/\/www.europesays.com\/fr\/wp-json\/wp\/v2\/media?parent=636750"}],"wp:term":[{"taxonomy":"category","embeddable":true,"href":"https:\/\/www.europesays.com\/fr\/wp-json\/wp\/v2\/categories?post=636750"},{"taxonomy":"post_tag","embeddable":true,"href":"https:\/\/www.europesays.com\/fr\/wp-json\/wp\/v2\/tags?post=636750"}],"curies":[{"name":"wp","href":"https:\/\/api.w.org\/{rel}","templated":true}]}}