{"id":636756,"date":"2026-01-02T18:48:10","date_gmt":"2026-01-02T18:48:10","guid":{"rendered":"https:\/\/www.europesays.com\/fr\/636756\/"},"modified":"2026-01-02T18:48:10","modified_gmt":"2026-01-02T18:48:10","slug":"trois-agenais-sur-les-rings-des-championnats-de-france-premium-et-espoirs","status":"publish","type":"post","link":"https:\/\/www.europesays.com\/fr\/636756\/","title":{"rendered":"trois Agenais sur les rings des championnats de France Premium et Espoirs"},"content":{"rendered":"<p>Camille Cuesta-Bru, quant \u00e0 elle, rencontrait Alexias Jarrand, de Savate Vercors Altitude, une tireuse d\u00e9j\u00e0 exp\u00e9riment\u00e9e. Les deux protagonistes se sont rendu coup pour coup et ont assur\u00e9 un combat technique et engag\u00e9. L\u2019Agenaise a construit sa victoire face \u00e0 une adversaire qui n\u2019a rien l\u00e2ch\u00e9. Camille rencontrera une championne de France et du monde en titre le 10\u00a0janvier, \u00e0 Dieppe.<\/p>\n<p>Le dernier \u00e0 monter sur le ring \u00e9tait Jeff Rimasson. Il a rencontr\u00e9 Matt\u00e9o Legrand, du club G-Fight, vice-champion de France cadet 2025, champion de l\u2019Essonne et d\u2019\u00cele-de-France en combat. L\u00e0 aussi, les deux tireurs se sont engag\u00e9s \u00e0 fond et se sont rendu coup pour coup. L\u2019Agenais a fini par prendre l\u2019avantage et \u00e0 l\u2019emporter. Jeff boxera en demi-finale \u00e0 Calais, le 17\u00a0janvier.<\/p>\n","protected":false},"excerpt":{"rendered":"Camille Cuesta-Bru, quant \u00e0 elle, rencontrait Alexias Jarrand, de Savate Vercors Altitude, une tireuse d\u00e9j\u00e0 exp\u00e9riment\u00e9e. Les deux&hellip;\n","protected":false},"author":2,"featured_media":636757,"comment_status":"","ping_status":"","sticky":false,"template":"","format":"standard","meta":{"footnotes":""},"categories":[4],"tags":[11,1011,27,12,25],"class_list":{"0":"post-636756","1":"post","2":"type-post","3":"status-publish","4":"format-standard","5":"has-post-thumbnail","7":"category-france","8":"tag-actualites","9":"tag-fr","10":"tag-france","11":"tag-news","12":"tag-republique-francaise"},"share_on_mastodon":{"url":"https:\/\/pubeurope.com\/@fr\/115827002865529663","error":""},"_links":{"self":[{"href":"https:\/\/www.europesays.com\/fr\/wp-json\/wp\/v2\/posts\/636756","targetHints":{"allow":["GET"]}}],"collection":[{"href":"https:\/\/www.europesays.com\/fr\/wp-json\/wp\/v2\/posts"}],"about":[{"href":"https:\/\/www.europesays.com\/fr\/wp-json\/wp\/v2\/types\/post"}],"author":[{"embeddable":true,"href":"https:\/\/www.europesays.com\/fr\/wp-json\/wp\/v2\/users\/2"}],"replies":[{"embeddable":true,"href":"https:\/\/www.europesays.com\/fr\/wp-json\/wp\/v2\/comments?post=636756"}],"version-history":[{"count":0,"href":"https:\/\/www.europesays.com\/fr\/wp-json\/wp\/v2\/posts\/636756\/revisions"}],"wp:featuredmedia":[{"embeddable":true,"href":"https:\/\/www.europesays.com\/fr\/wp-json\/wp\/v2\/media\/636757"}],"wp:attachment":[{"href":"https:\/\/www.europesays.com\/fr\/wp-json\/wp\/v2\/media?parent=636756"}],"wp:term":[{"taxonomy":"category","embeddable":true,"href":"https:\/\/www.europesays.com\/fr\/wp-json\/wp\/v2\/categories?post=636756"},{"taxonomy":"post_tag","embeddable":true,"href":"https:\/\/www.europesays.com\/fr\/wp-json\/wp\/v2\/tags?post=636756"}],"curies":[{"name":"wp","href":"https:\/\/api.w.org\/{rel}","templated":true}]}}