{"id":636758,"date":"2026-01-02T18:49:11","date_gmt":"2026-01-02T18:49:11","guid":{"rendered":"https:\/\/www.europesays.com\/fr\/636758\/"},"modified":"2026-01-02T18:49:11","modified_gmt":"2026-01-02T18:49:11","slug":"rory-mcilroy-ouvre-la-porte-a-un-retour-des-livers-sur-le-pga-tour","status":"publish","type":"post","link":"https:\/\/www.europesays.com\/fr\/636758\/","title":{"rendered":"Rory McIlroy ouvre la porte \u00e0 un retour des LIVers sur le PGA Tour"},"content":{"rendered":"<p>\t\t\t\t\t\t<img width=\"770\" height=\"556\" src=\"https:\/\/www.europesays.com\/fr\/wp-content\/uploads\/2026\/01\/rorypodcast-e1767367719600-770x556.png\" class=\"img-responsive wp-post-image\" alt=\"\" decoding=\"async\" fetchpriority=\"high\"  \/>\t\t\t\t\t<\/p>\n<p>\t\t\t\t\t\t Partager cet article <\/p>\n<p class=\"screen-reader-text juiz_sps_maybe_hidden_text\">Partager la publication \u00ab\u00a0Rory McIlroy ouvre la porte \u00e0 un retour des LIVers sur le PGA Tour\u00a0\u00bb<\/p>\n<p><strong>Invit\u00e9 de marque d\u2019un c\u00e9l\u00e8bre podcast r\u00e9unissant des l\u00e9gendes du football anglais, Rory McIlroy s\u2019est r\u00e9cemment exprim\u00e9 \u00e0 propos d\u2019un possible retour des joueurs exil\u00e9s sur le LIV Golf, se montrant plut\u00f4t ouvert \u00e0 ce cas de figure pour certains joueurs.<\/strong><\/p>\n<p>Avant m\u00eame qu\u2019il ne soit d\u00e9sign\u00e9 <a href=\"https:\/\/www.golfplanete.com\/actualites\/rory-mcilroy-et-lequipe-europeenne-sacres-sportifs-de-lannee-par-la-bbc\/\" target=\"_blank\" rel=\"noopener\">personnalit\u00e9 de l\u2019ann\u00e9e par la <strong>BBC<\/strong><\/a>, ou encore m\u00eame que <a href=\"https:\/\/www.golfplanete.com\/actualites\/coup-de-tonnerre-brooks-koepka-quitte-le-liv-golf\/\" target=\"_blank\" rel=\"noopener\"><strong>Brooks Koepka<\/strong> n\u2019ait annonc\u00e9 son d\u00e9part du LIV Golf,<\/a> la d\u00e9claration de <strong>Rory McIlroy<\/strong> aurait d\u00e9j\u00e0 pu commencer \u00e0 faire bouger les lignes.<\/p>\n<p>Enregistr\u00e9 le 18 d\u00e9cembre dernier, mais diffus\u00e9 ce mardi sur les diff\u00e9rentes plateformes de streaming, le podcast \u00ab\u00a0The Overlap\u00a0\u00bb des l\u00e9gendes du football <strong>Roy Keane<\/strong>,<strong> Gary Neville<\/strong> ou encore <strong>Ian Wright\u00a0<\/strong>mettait en sc\u00e8ne Rory McIlroy pour son tout nouvel \u00e9pisode.<\/p>\n<p>Le Nord-Irlandais a pris le temps de revenir sur sa saison, sa victoire au <strong>Masters<\/strong> bien s\u00fbr, ramenant pour l\u2019occasion un drapeau sign\u00e9 \u00e0 toute l\u2019\u00e9quipe, mais aussi sur la <strong>Ryder Cup<\/strong> \u00e0 New York et son ambiance hostile.<\/p>\n<blockquote data-service=\"twitter\" data-category=\"marketing\" data-placeholder-image=\"https:\/\/www.golfplanete.com\/wp-content\/plugins\/complianz-gdpr-premium\/assets\/images\/placeholders\/twitter-minimal.jpg\" class=\"cmplz-placeholder-element twitter-tweet\"><p>&#13;<\/p>\n<p dir=\"ltr\" lang=\"en\">\u00ab\u00a0I think it\u2019s a disgrace!\u00a0\u00bb \ud83d\ude24<\/p>\n<p>Roy credits <a href=\"https:\/\/twitter.com\/McIlroyRory?ref_src=twsrc%5Etfw\" target=\"_blank\" rel=\"noopener\">@McIlroyRory<\/a> and Team Europe for how they dealt with fan behaviour at the Ryder Cup \ud83d\udc4f <a href=\"https:\/\/t.co\/MyRvE55rwc\">pic.twitter.com\/MyRvE55rwc<\/a><\/p>\n<p>&#13;<br \/>\n&#13;<br \/>\n\u2014 The Overlap (@WeAreTheOverlap) <a href=\"https:\/\/twitter.com\/WeAreTheOverlap\/status\/2007029265066311813?ref_src=twsrc%5Etfw\" target=\"_blank\" rel=\"noopener\">January 2, 2026<\/a><\/p><\/blockquote>\n<p>&#13;<br \/>\nMais ce qui a surtout retenu l\u2019attention particuli\u00e8re des amateurs de golf et de son actualit\u00e9 croustillante, sont les d\u00e9clarations du vainqueur du Grand Chelem personnel, concernant les joueurs du <strong>LIV Golf<\/strong>.<\/p>\n<p>Rory donne son feu vert<\/p>\n<p>Interrog\u00e9 sur un potentiel retour des dissidents, Rory McIlroy s\u2019est dit pr\u00eat \u00e0 accueillir \u00e0 nouveau les golfeurs du LIV, y compris <strong>Bryson DeChambeau<\/strong>, sur le <strong>PGA Tour<\/strong> sans leur infliger de sanctions suppl\u00e9mentaires :<\/p>\n<p>\u00ab Je pense qu\u2019ils ont d\u00e9j\u00e0 pay\u00e9 le prix fort. Ils ont gagn\u00e9 de l\u2019argent, mais ils ont pay\u00e9 le prix fort en termes de r\u00e9putation et certaines autres choses qu\u2019ils ont perdues en partant l\u00e0-bas. \u00bb<\/p>\n<p>Avant de poursuivre en ouvrant la porte \u00e0 un retour de l\u2019un de ses grands rivaux actuels : \u00ab Si le retour de Bryson DeChambeau et d\u2019autres joueurs renfor\u00e7ait le circuit dans son ensemble, je serais d\u2019accord. Mais je ne suis pas le seul \u00e0 penser ainsi, et je reconnais que tout le monde n\u2019est pas de mon avis. Ce serait au groupe collectif des membres du PGA Tour de prendre cette d\u00e9cision. \u00bb<\/p>\n<p>\u00ab Pour que le golf reste attractif, je pense qu\u2019il faudrait que les meilleurs joueurs jouent ensemble plus souvent. Ils ont d\u00e9pens\u00e9 des milliards pour le LIV\u2026 Si le LIV ne parvient pas \u00e0 susciter l\u2019enthousiasme et qu\u2019ils ont d\u00e9pens\u00e9 autant d\u2019argent dans cette entreprise sans obtenir de retour sur investissement, je ne sais pas combien de temps cela pourra tenir. \u00bb<\/p>\n<p>Alors simple prise de position personnelle ou vraie avanc\u00e9e vers une r\u00e9solution dans ce conflit sans fin ? En tout cas, le boss a donn\u00e9 son avis.<\/p>\n<p>Photo : @TheOverlap<\/p>\n<p>\t\t\t<script async src=\"https:\/\/platform.twitter.com\/widgets.js\" charset=\"utf-8\"><\/script><\/p>\n","protected":false},"excerpt":{"rendered":"Partager cet article Partager la publication \u00ab\u00a0Rory McIlroy ouvre la porte \u00e0 un retour des LIVers sur le&hellip;\n","protected":false},"author":2,"featured_media":636759,"comment_status":"","ping_status":"","sticky":false,"template":"","format":"standard","meta":{"footnotes":""},"categories":[1418],"tags":[1011,27,1472,60],"class_list":{"0":"post-636758","1":"post","2":"type-post","3":"status-publish","4":"format-standard","5":"has-post-thumbnail","7":"category-golf","8":"tag-fr","9":"tag-france","10":"tag-golf","11":"tag-sports"},"share_on_mastodon":{"url":"https:\/\/pubeurope.com\/@fr\/115827006747830140","error":""},"_links":{"self":[{"href":"https:\/\/www.europesays.com\/fr\/wp-json\/wp\/v2\/posts\/636758","targetHints":{"allow":["GET"]}}],"collection":[{"href":"https:\/\/www.europesays.com\/fr\/wp-json\/wp\/v2\/posts"}],"about":[{"href":"https:\/\/www.europesays.com\/fr\/wp-json\/wp\/v2\/types\/post"}],"author":[{"embeddable":true,"href":"https:\/\/www.europesays.com\/fr\/wp-json\/wp\/v2\/users\/2"}],"replies":[{"embeddable":true,"href":"https:\/\/www.europesays.com\/fr\/wp-json\/wp\/v2\/comments?post=636758"}],"version-history":[{"count":0,"href":"https:\/\/www.europesays.com\/fr\/wp-json\/wp\/v2\/posts\/636758\/revisions"}],"wp:featuredmedia":[{"embeddable":true,"href":"https:\/\/www.europesays.com\/fr\/wp-json\/wp\/v2\/media\/636759"}],"wp:attachment":[{"href":"https:\/\/www.europesays.com\/fr\/wp-json\/wp\/v2\/media?parent=636758"}],"wp:term":[{"taxonomy":"category","embeddable":true,"href":"https:\/\/www.europesays.com\/fr\/wp-json\/wp\/v2\/categories?post=636758"},{"taxonomy":"post_tag","embeddable":true,"href":"https:\/\/www.europesays.com\/fr\/wp-json\/wp\/v2\/tags?post=636758"}],"curies":[{"name":"wp","href":"https:\/\/api.w.org\/{rel}","templated":true}]}}