{"id":636782,"date":"2026-01-02T19:07:12","date_gmt":"2026-01-02T19:07:12","guid":{"rendered":"https:\/\/www.europesays.com\/fr\/636782\/"},"modified":"2026-01-02T19:07:12","modified_gmt":"2026-01-02T19:07:12","slug":"ce-purificateur-dair-ikea-combat-lhumidite-et-les-rhumes","status":"publish","type":"post","link":"https:\/\/www.europesays.com\/fr\/636782\/","title":{"rendered":"Ce purificateur d&rsquo;air IKEA combat l&rsquo;humidit\u00e9 et les rhumes"},"content":{"rendered":"<p class=\"p1\">L\u00a0\u00bbann\u00e9e 2024 touche bient\u00f4t \u00e0 sa fin. Apr\u00e8s un \u00e9t\u00e9 en<br \/>\ndemi-teinte, nous entrons dans un automne marqu\u00e9 par la pluie et le<br \/>\nvent. Ce changement de saison ne se limite pas \u00e0 une simple<br \/>\nrotation dans nos garde-robes : il peut aussi avoir des<br \/>\ncons\u00e9quences s\u00e9rieuses \u00e0 l\u2019int\u00e9rieur de nos maisons. Le froid et<br \/>\nl&rsquo;humidit\u00e9 que nous ressentons \u00e0 l&rsquo;ext\u00e9rieur s&rsquo;invitent entre nos<br \/>\nmurs, et les effets sont rapidement visibles. Dans les pi\u00e8ces mal<br \/>\nisol\u00e9es, l&rsquo;humidit\u00e9 s&rsquo;infiltre, favorisant l&rsquo;apparition de<br \/>\nmoisissures qui endommagent les murs. En parall\u00e8le, la chute des<br \/>\ntemp\u00e9ratures met \u00e0 rude \u00e9preuve notre syst\u00e8me de chauffage,<br \/>\ncontraint de tourner \u00e0 plein r\u00e9gime. Mais l&rsquo;impact ne s&rsquo;arr\u00eate pas<br \/>\n\u00e0 l\u2019\u00e9tat de notre logement : la sant\u00e9 des occupants peut \u00e9galement<br \/>\nen p\u00e2tir. Face \u00e0 ces d\u00e9fis, IKEA a con\u00e7u un objet capable de faire<br \/>\ntoute la diff\u00e9rence pour am\u00e9liorer le confort et la qualit\u00e9 de vie<br \/>\ndans votre maison.<\/p>\n<p>IKEA : un nouveau gadget pour purifier la<br \/>\nmaison<\/p>\n<p class=\"p1\">Il y a quelques semaines, nous faisions un tour<br \/>\nd\u2019horizon des objets <strong>d\u00e9co<\/strong> embl\u00e9matiques qui, au<br \/>\nfil <a href=\"https:\/\/www.lejournaldelamaison.fr\/le-journal-de-la-maison\/noel\/on-a-decouvert-en-avant-premiere-a-quoi-ressemblera-le-noel-chez-ikea-et-on-adore-deja-493340.html\" target=\"_blank\" rel=\"noopener\"><br \/>\ndes collections IKEA,<\/a> ont marqu\u00e9 l\u2019histoire de l&rsquo;enseigne. Et<br \/>\nautant vous le dire tout de suite : l\u2019objet que nous allons vous<br \/>\nd\u00e9voiler pourrait bien rejoindre ce cercle <strong>de pi\u00e8ces<br \/>\ncultes<\/strong> dans les ann\u00e9es \u00e0 venir. Con\u00e7u par le talentueux<br \/>\n<strong>designer David Wahl,<\/strong> qui collabore avec IKEA<br \/>\ndepuis plusieurs d\u00e9cennies, cet objet se distingue par son<br \/>\n<strong>ing\u00e9niosit\u00e9<\/strong>.<\/p>\n<p class=\"p1\">Mais alors, quel nouvelle pi\u00e8ce remarquable a-t-il<br \/>\nsign\u00e9 derni\u00e8rement ? Il s&rsquo;agit d&rsquo;un <strong>accessoire<\/strong> qui<br \/>\npourrait consid\u00e9rablement am\u00e9liorer votre quotidien, notamment lors<br \/>\ndes journ\u00e9es pluvieuses. Son nom : <strong>UPP\u00c5TVIND<\/strong>,<br \/>\n<a href=\"https:\/\/www.lejournaldelamaison.fr\/le-journal-de-la-maison\/actus-deco\/ikea-purificateur-air-ultra-deco-rentree-342855.html\" target=\"_blank\" rel=\"noopener\"><br \/>\nun purificateur d&rsquo;air<\/a> compact, propos\u00e9 au prix ultra abordable<br \/>\n<strong>de 29,99 euros.<\/strong> Un incontournable pour assainir<br \/>\nvotre int\u00e9rieur en toute simplicit\u00e9 !<\/p>\n<p>Le purificateur d&rsquo;air IKEA, pratique et d\u00e9co<\/p>\n<p class=\"p1\">Pourquoi vous recommande-t-on ce <strong>nouveau<br \/>\ngadget<\/strong> vendu chez IKEA ? Tout simplement parce qu\u2019un<br \/>\n<strong>purificateur d\u2019air<\/strong> aide \u00e0 \u00e9liminer les particules<br \/>\nnocives, le pollen et \u00e0 <a href=\"https:\/\/www.lejournaldelamaison.fr\/le-journal-de-la-maison\/piece-par-piece\/salle-de-bain-le-journal-de-la-maison\/stop-mauvaises-odeurs-salle-bain-produit-chat-497941.html\" target=\"_blank\" rel=\"noopener\"><br \/>\nr\u00e9duire l\u2019humidit\u00e9 dans vos pi\u00e8ces.<\/a> R\u00e9sultat : vous respirez un<br \/>\nair plus sain et \u00eates moins expos\u00e9 aux <strong>rhumes<\/strong> et<br \/>\nautres virus typiques de l&rsquo;hiver.<\/p>\n<p class=\"p1\"><strong>Le mod\u00e8le UPP\u00c5TVIND<\/strong> se distingue par<br \/>\nson format <strong>compact<\/strong> et ses nombreuses<br \/>\nfonctionnalit\u00e9s pratiques. Avec des dimensions de 8 x 12,5 x 22,5<br \/>\ncm, il est facile \u00e0 placer n&rsquo;importe o\u00f9, que ce soit dans <a href=\"https:\/\/www.lejournaldelamaison.fr\/le-journal-de-la-maison\/nouveautes\/produits\/spa-maison-nouveaute-lidl-15-euros-493771.html\" target=\"_blank\" rel=\"noopener\"><br \/>\nla salle de bain,<\/a> ou dans le salon. Il propose <strong>trois<br \/>\nvitesses de ventilation<\/strong> ajustables, permettant de<br \/>\ns&rsquo;adapter \u00e0 vos besoins, tout en offrant diff\u00e9rents niveaux sonores<br \/>\npour un confort optimal.<\/p>\n<blockquote class=\"instagram-media\" style=\"background: #ffffff;border: 0;margin: 1px;width: 100%;padding: 0;max-width: 500px;\" data-instgrm-permalink=\"https:\/\/www.instagram.com\/reel\/C_-8pdtA9bf\/\" data-instgrm-version=\"14\"\/><p>\n<a href=\"https:\/\/www.lejournaldelamaison.fr\/wp-content\/uploads\/sites\/8\/2024\/10\/bye-bye-humidite-et-rhumes-a-gogo-avec-ce-nouveau-gadget-ikea-qui-purifie-lair-de-la-maison-pour-seulement-29e-.jpg\" target=\"_blank\" rel=\"noopener\"><br \/>\n<img loading=\"lazy\" decoding=\"async\" aria-describedby=\"caption-attachment-496850\" itemprop=\"thumbnailUrl\" class=\"wp-image-496850 img-responsive size-pinterest_original_image pinit-here\" src=\"https:\/\/www.europesays.com\/fr\/wp-content\/uploads\/2026\/01\/bye-bye-humidite-et-rhumes-a-gogo-avec-ce-nouveau-gadget-ikea-qui-purifie-lair-de-la-maison-pour-seu.jpeg\" alt=\"Bye-bye humidit\u00e9 et rhumes \u00e0 gogo avec ce nouveau gadget IKEA qui purifie l'air de la maison (pour seulement 29\u20ac)\" width=\"736\" height=\"736\" data-pin-media=\"https:\/\/www.europesays.com\/fr\/wp-content\/uploads\/2026\/01\/bye-bye-humidite-et-rhumes-a-gogo-avec-ce-nouveau-gadget-ikea-qui-purifie-lair-de-la-maison-pour-seu.jpeg\"\/><\/a><br \/>\n\u00a9 IKEA<\/p>\n<p id=\"caption-attachment-496850\" class=\"wp-caption-text\">\nPurificateur d&rsquo;air, IKEA, <a href=\"https:\/\/www.ikea.com\/fr\/fr\/p\/uppatvind-purificateur-dair-10498221\/?gad_source=1&amp;gclid=CjwKCAjwpbi4BhByEiwAMC8JnWbr7706h_MsdRju8WqwmqVgEV2qw20cZT-4HSJTX4xYTGvxYMfKgBoC8fEQAvD_BwE&amp;gclsrc=aw.ds\" target=\"_blank\" rel=\"nofollow noopener\">29 euros<\/a><\/p>\n<p>Les avis des utilisateurs de ce<br \/>\nnouveau gadget IKEA sont tr\u00e8s positifs<\/p>\n<p class=\"p1\">La mise en vente de ce <a href=\"https:\/\/www.lejournaldelamaison.fr\/le-journal-de-la-maison\/piece-par-piece\/chambre\/plantes-depolluante-a-adopter-chambre-mieux-dormir-368492.html\" target=\"_blank\" rel=\"noopener\"><br \/>\npurificateur d\u2019air<\/a> IKEA est r\u00e9cente mais remporte d\u00e9j\u00e0 tous les<br \/>\nsuffrages des consommateurs. Et pour cause\u2026 Apr\u00e8s l\u2019avoir test\u00e9<br \/>\npendant plusieurs jours, ces derniers ont pu \u00e9mettre un avis, et<br \/>\ncelui-ci est plus que positif. Ce produit imagin\u00e9 par le designer<br \/>\nstar du g\u00e9ant su\u00e9dois est not\u00e9 <strong>4,6 \u00e9toiles sur<br \/>\n5<\/strong>.<\/p>\n<p class=\"p1\">Ce purificateur d\u2019air a d\u00e9j\u00e0 \u00e9t\u00e9 achet\u00e9 par des<br \/>\ndizaines de clients. Son plus ? Cet objet pr\u00e9sente une apparence<br \/>\ntr\u00e8s design, similaire \u00e0 une enceinte de musique. On adore ! Et eux<br \/>\naussi \u00e0 en croire les commentaires laiss\u00e9s. En plus d\u2019\u00eatre canon,<br \/>\ncet \u00e9l\u00e9ment est tr\u00e8s efficace. \u00ab\u00a0Tr\u00e8s bon produit.\u00a0\u00bb,<br \/>\n\u00ab\u00a0Je cherchais \u00e0 supprimer les odeurs d&rsquo;une tapisserie pos\u00e9e<br \/>\nil y a 3 mois dans une petite chambre. Impossible en a\u00e9rant<br \/>\nplusieurs heures par jour&#8230; Apr\u00e8s seulement 2 jours d&rsquo;utilisation<br \/>\n(2 h \u00e0 puissance maximum chaque jour), l&rsquo;odeur a totalement disparu<br \/>\n! 30 euros bien investis !\u00a0\u00bb, \u00ab\u00a0Tr\u00e8s bon article assez<br \/>\nsilencieux et discret\u00a0\u00bb, peut-on lire.<\/p>\n<p><script async src=\"\/\/www.instagram.com\/embed.js\"><\/script><\/p>\n","protected":false},"excerpt":{"rendered":"L\u00a0\u00bbann\u00e9e 2024 touche bient\u00f4t \u00e0 sa fin. Apr\u00e8s un \u00e9t\u00e9 en demi-teinte, nous entrons dans un automne marqu\u00e9&hellip;\n","protected":false},"author":2,"featured_media":636783,"comment_status":"","ping_status":"","sticky":false,"template":"","format":"standard","meta":{"footnotes":""},"categories":[7],"tags":[15539,13041,74403,17488,1805,23544,36905,1011,27,727,714,4743,16456,151,2142,4565,74402,74404,3583,74401,43,40,41,39,42,44,29533],"class_list":{"0":"post-636782","1":"post","2":"type-post","3":"status-publish","4":"format-standard","5":"has-post-thumbnail","7":"category-sciences-et-technologies","8":"tag-15539","9":"tag-a","10":"tag-adoptez","11":"tag-ce","12":"tag-de","13":"tag-e","14":"tag-fini","15":"tag-fr","16":"tag-france","17":"tag-gadget","18":"tag-ikea","19":"tag-la","20":"tag-lair","21":"tag-les","22":"tag-maison","23":"tag-nouveau","24":"tag-persistent","25":"tag-purifie","26":"tag-qui","27":"tag-rhumes","28":"tag-science","29":"tag-science-and-technology","30":"tag-sciences","31":"tag-sciences-et-technologies","32":"tag-technologies","33":"tag-technology","34":"tag-vite"},"share_on_mastodon":{"url":"https:\/\/pubeurope.com\/@fr\/115827077629432842","error":""},"_links":{"self":[{"href":"https:\/\/www.europesays.com\/fr\/wp-json\/wp\/v2\/posts\/636782","targetHints":{"allow":["GET"]}}],"collection":[{"href":"https:\/\/www.europesays.com\/fr\/wp-json\/wp\/v2\/posts"}],"about":[{"href":"https:\/\/www.europesays.com\/fr\/wp-json\/wp\/v2\/types\/post"}],"author":[{"embeddable":true,"href":"https:\/\/www.europesays.com\/fr\/wp-json\/wp\/v2\/users\/2"}],"replies":[{"embeddable":true,"href":"https:\/\/www.europesays.com\/fr\/wp-json\/wp\/v2\/comments?post=636782"}],"version-history":[{"count":0,"href":"https:\/\/www.europesays.com\/fr\/wp-json\/wp\/v2\/posts\/636782\/revisions"}],"wp:featuredmedia":[{"embeddable":true,"href":"https:\/\/www.europesays.com\/fr\/wp-json\/wp\/v2\/media\/636783"}],"wp:attachment":[{"href":"https:\/\/www.europesays.com\/fr\/wp-json\/wp\/v2\/media?parent=636782"}],"wp:term":[{"taxonomy":"category","embeddable":true,"href":"https:\/\/www.europesays.com\/fr\/wp-json\/wp\/v2\/categories?post=636782"},{"taxonomy":"post_tag","embeddable":true,"href":"https:\/\/www.europesays.com\/fr\/wp-json\/wp\/v2\/tags?post=636782"}],"curies":[{"name":"wp","href":"https:\/\/api.w.org\/{rel}","templated":true}]}}