{"id":636786,"date":"2026-01-02T19:09:11","date_gmt":"2026-01-02T19:09:11","guid":{"rendered":"https:\/\/www.europesays.com\/fr\/636786\/"},"modified":"2026-01-02T19:09:11","modified_gmt":"2026-01-02T19:09:11","slug":"en-iran-la-vague-de-manifestations-se-repand-et-prend-une-tournure-politique","status":"publish","type":"post","link":"https:\/\/www.europesays.com\/fr\/636786\/","title":{"rendered":"en Iran, la vague de manifestations se r\u00e9pand et prend une tournure politique"},"content":{"rendered":"<p>\n    <strong>REPORTAGE<\/strong> &#8211; Ulc\u00e9r\u00e9s par l\u2019augmentation des prix et la r\u00e9pression du r\u00e9gime des Mollahs, les Iraniens ont gagn\u00e9 la rue et les universit\u00e9s. Un mouvement in\u00e9dit o\u00f9 revendications politiques et \u00e9conomiques se rejoignent dans un seul objectif\u00a0: en finir avec la R\u00e9publique islamique.<\/p>\n<p class=\"fig-paragraph\">C\u2019est une vague qui enfle et s\u2019\u00e9tend progressivement \u00e0 tout le pays. Depuis dimanche 28\u00a0d\u00e9cembre,\u00a0<a href=\"http:\/\/www.lefigaro.fr\/international\/les-gens-sont-a-bout-l-iran-face-a-une-nouvelle-vague-de-manifestations-20251230\" data-fig-type=\"Article\" data-gtm-custom-categorie=\"navigation\" data-gtm-custom-action=\"crossclick\" data-gtm-custom-label=\"Contextuel\" data-gtm-event=\"customEventSPE\" data-fig-domain=\"LEFIGARO\" target=\"_blank\" rel=\"noopener\">les manifestations antir\u00e9gime se multiplient \u00e0 travers l\u2019Iran<\/a>, d\u00e9non\u00e7ant sa corruption et son incapacit\u00e9 \u00e0 offrir \u00e0 la population autre chose que la r\u00e9pression.<\/p>\n<p class=\"fig-paragraph\">Partie du plus grand march\u00e9 de t\u00e9l\u00e9phones portables de T\u00e9h\u00e9ran, \u00e0 l\u2019arr\u00eat pour d\u00e9noncer l\u2019hyperinflation, la col\u00e8re s\u2019est vite propag\u00e9e au Bazar et dans les quartiers de Vanak, Manouchehri ou encore Lalezar, consid\u00e9r\u00e9s comme le c\u0153ur battant de T\u00e9h\u00e9ran. Ce jour-l\u00e0, les commer\u00e7ants, bijoutiers et agents de change baissent les uns apr\u00e8s les autres leurs rideaux de fer pour protester contre\u00a0<a href=\"http:\/\/www.lefigaro.fr\/conjoncture\/nucleaire-iranien-la-monnaie-nationale-a-son-plus-bas-historique-face-au-dollar-apres-le-retour-des-sanctions-20250928\" data-fig-type=\"NewsFlash\" data-gtm-custom-categorie=\"navigation\" data-gtm-custom-action=\"crossclick\" data-gtm-custom-label=\"Contextuel\" data-gtm-event=\"customEventSPE\" data-fig-domain=\"LEFIGARO\" target=\"_blank\" rel=\"noopener\">l\u2019effondrement du rial, la monnaie locale<\/a>. Mais l\u2019\u00e9tincelle embrase vite les rues, faisant basculer la grogne contre l\u2019asphyxie \u00e9conomique en un nouveau mouvement de contestation politique. \u00ab\u00a0Mort \u00e0 Khamenei\u00a0\u00bb (guide supr\u00eame iranien), \u00ab\u00a0A bas le dictateur\u00a0!\u00a0\u00bb, \u00ab\u00a0Iranien\u00a0! Crie haut et fort pour tes droits\u00a0!\u00a0\u00bb, s\u2019\u00e9poumonent\u2026<\/p>\n<p class=\"fig-premium-paywall__infos\">\n        Cet article est r\u00e9serv\u00e9 aux abonn\u00e9s.        Il vous reste 91% \u00e0 d\u00e9couvrir.\n    <\/p>\n<p>                <img  data- alt=\"Le Figaro\" class=\"fig-img--complete fig-img\"\/><\/p>\n<p class=\"fig-premium-paywall__title\">Vous avez envie de lire la suite ?<\/p>\n<p class=\"fig-premium-paywall__subtitle\">D\u00e9bloquez tous les articles imm\u00e9diatement.<\/p>\n<p class=\"fig-premium-paywall__connect\">\n                D\u00e9j\u00e0 abonn\u00e9\u00a0?                <a class=\"fig-premium-paywall__connect-link\" href=\"https:\/\/connect.lefigaro.fr\/login?client=horizon_web&amp;type=main&amp;redirect_uri=https%3A%2F%2Fwww.lefigaro.fr%2Finternational%2Fmort-a-khamenei-longue-vie-au-chah-en-iran-la-vague-de-manifestations-se-repand-et-prend-une-tournure-politique-20260102\" data-js-gtm=\"{&quot;customCategorie&quot;: &quot;conversion&quot;, &quot;customAction&quot;: &quot;before_Landing_Connexion_paywall_auto&quot;, &quot;customLabel&quot;: &quot;bGVmaWdhcm8uZnJfXzFmMGU3YzA1LWE2NWUtNjA5Mi1iZjM1LTMxMTA5YTBlODQ1NF9fQXJ0aWNsZQ==_\u00abMort \u00e0 Khamenei\u00a0!\u00bb, \u00abLongue vie au chah\u00a0!\u00bb\u00a0: en Iran, la vague de manifestations se r\u00e9pand et prend une tournure politique_742&quot;, &quot;customIDSPE&quot;: &quot;bGVmaWdhcm8uZnJfXzFmMGU3YzA1LWE2NWUtNjA5Mi1iZjM1LTMxMTA5YTBlODQ1NF9fQXJ0aWNsZQ==&quot;, &quot;event&quot;: &quot;customEventSPE&quot;}\" target=\"_blank\" rel=\"noopener\"><br \/>\n                    Connectez-vous<br \/>\n                <\/a>\n            <\/p>\n","protected":false},"excerpt":{"rendered":"REPORTAGE &#8211; Ulc\u00e9r\u00e9s par l\u2019augmentation des prix et la r\u00e9pression du r\u00e9gime des Mollahs, les Iraniens ont gagn\u00e9&hellip;\n","protected":false},"author":2,"featured_media":636787,"comment_status":"","ping_status":"","sticky":false,"template":"","format":"standard","meta":{"footnotes":""},"categories":[5],"tags":[11,1011,27,14,3019,1272,12,28],"class_list":{"0":"post-636786","1":"post","2":"type-post","3":"status-publish","4":"format-standard","5":"has-post-thumbnail","7":"category-international","8":"tag-actualites","9":"tag-fr","10":"tag-france","11":"tag-international","12":"tag-iran","13":"tag-manifestations","14":"tag-news","15":"tag-world"},"share_on_mastodon":{"url":"https:\/\/pubeurope.com\/@fr\/115827085448073731","error":""},"_links":{"self":[{"href":"https:\/\/www.europesays.com\/fr\/wp-json\/wp\/v2\/posts\/636786","targetHints":{"allow":["GET"]}}],"collection":[{"href":"https:\/\/www.europesays.com\/fr\/wp-json\/wp\/v2\/posts"}],"about":[{"href":"https:\/\/www.europesays.com\/fr\/wp-json\/wp\/v2\/types\/post"}],"author":[{"embeddable":true,"href":"https:\/\/www.europesays.com\/fr\/wp-json\/wp\/v2\/users\/2"}],"replies":[{"embeddable":true,"href":"https:\/\/www.europesays.com\/fr\/wp-json\/wp\/v2\/comments?post=636786"}],"version-history":[{"count":0,"href":"https:\/\/www.europesays.com\/fr\/wp-json\/wp\/v2\/posts\/636786\/revisions"}],"wp:featuredmedia":[{"embeddable":true,"href":"https:\/\/www.europesays.com\/fr\/wp-json\/wp\/v2\/media\/636787"}],"wp:attachment":[{"href":"https:\/\/www.europesays.com\/fr\/wp-json\/wp\/v2\/media?parent=636786"}],"wp:term":[{"taxonomy":"category","embeddable":true,"href":"https:\/\/www.europesays.com\/fr\/wp-json\/wp\/v2\/categories?post=636786"},{"taxonomy":"post_tag","embeddable":true,"href":"https:\/\/www.europesays.com\/fr\/wp-json\/wp\/v2\/tags?post=636786"}],"curies":[{"name":"wp","href":"https:\/\/api.w.org\/{rel}","templated":true}]}}