{"id":636798,"date":"2026-01-02T19:17:10","date_gmt":"2026-01-02T19:17:10","guid":{"rendered":"https:\/\/www.europesays.com\/fr\/636798\/"},"modified":"2026-01-02T19:17:10","modified_gmt":"2026-01-02T19:17:10","slug":"une-entreprise-du-btp-jugee-apres-un-grave-accident-sur-un-chantier-a-ollioules","status":"publish","type":"post","link":"https:\/\/www.europesays.com\/fr\/636798\/","title":{"rendered":"Une entreprise du BTP jug\u00e9e apr\u00e8s un grave accident sur un chantier \u00e0 Ollioules"},"content":{"rendered":"<p class=\"fs-5 \">\u00ab\u00a0Entre collines bois\u00e9es et M\u00e9diterran\u00e9e, le Parc Saint Roch vous invite \u00e0 profiter du charme d\u2019un village proven\u00e7al\u00a0\u00bb, promettent les plaquettes de promotion immobili\u00e8re. Le juge Philippe Plantard situe plus prosa\u00efquement cette vaste copropri\u00e9t\u00e9 \u00ab\u00a0en bas d\u2019Ollioules, pas tr\u00e8s loin de la bretelle de l\u2019autoroute A50\u00a0\u00bb.<\/p>\n<p class=\"fs-5 \">Le chantier de construction de cet ensemble immobilier comprenant six b\u00e2timents et quatorze villas a \u00e9t\u00e9 marqu\u00e9 par un grave accident du travail, le 8\u00a0juin 2022, qui a valu \u00e0 l\u2019une des entreprises du BTP intervenantes et \u00e0 son dirigeant d\u2019\u00eatre jug\u00e9s par le tribunal correctionnel de Toulon pour \u00ab\u00a0blessure involontaire\u00a0\u00bb.<\/p>\n<p class=\"fs-5 \">Une paroi m\u00e9tallique de 800\u202fkg est tomb\u00e9e sur le pied d\u2019un ouvrier \u00e2g\u00e9 de 40\u202fans. \u00a0\u00ab Les m\u00e9decins ont tout de suite vu qu\u2019il n\u2019y avait pas d\u2019autre issue que de l\u2019amputer au tiers moyen de la jambe droite \u00bb, rel\u00e8ve Philippe Plantard lors de l\u2019audience qu\u2019il a pr\u00e9sid\u00e9e mi-d\u00e9cembre. Le d\u00e9lib\u00e9r\u00e9 sera rendu le 19\u00a0janvier 2026.<\/p>\n<p>                                                                                Une amende de 20.000\u00a0euros requise<\/p>\n<p class=\"fs-5 \">Le procureur Eric Moretti a requis une amende de 20\u202f000\u202feuros \u00e0 l\u2019encontre de l\u2019entreprise pour avoir, du point de vue du parquet, fait preuve de n\u00e9gligence. Son patron pourrait en revanche \u00e9chapper \u00e0 une condamnation \u00e0 la faveur d\u2019une subd\u00e9l\u00e9gation de pouvoir en mati\u00e8re de s\u00e9curit\u00e9. Ce transfert de responsabilit\u00e9 vers un subalterne n\u2019avait pas \u00e9t\u00e9 pris en compte lors de l\u2019enqu\u00eate.<\/p>\n<p class=\"fs-5 \">Le 8\u00a0juin 2022, deux ouvriers de chantier ont entrepris de sangler une \u00ab\u00a0banche de coffrage\u00a0\u00bb \u2013 la fameuse paroi m\u00e9tallique de 800\u202fkg \u2013 pour la d\u00e9placer \u00e0 l\u2019aide d\u2019un chariot \u00e9l\u00e9vateur. L\u2019une des deux sangles a c\u00e9d\u00e9 et c\u2019est ainsi que le pied droit de la victime a \u00e9t\u00e9 \u00ab\u00a0quasiment sectionn\u00e9\u00a0\u00bb.<\/p>\n<p class=\"fs-5 \">\u00c0 l\u2019audience, les d\u00e9bats se sont concentr\u00e9s sur les conditions d\u2019utilisation de l\u2019engin de travaux et sur l\u2019\u00e9tat de la sangle. Le Code du travail pr\u00e9voit plusieurs obligations en mati\u00e8re de s\u00e9curit\u00e9\u00a0: \u00e9quipements appropri\u00e9s, maintenance, formation, etc.<\/p>\n<p>                                                                                Des irr\u00e9gularit\u00e9s constat\u00e9es<\/p>\n<p class=\"fs-5 \">D\u2019abord, le chef de chantier qui conduisait le chariot \u00e9l\u00e9vateur n\u2019\u00e9tait pas titulaire du certificat d\u2019aptitude \u00e0 la conduite en s\u00e9curit\u00e9 (Caces) requis pour man\u0153uvrer ce v\u00e9hicule. \u00ab\u00a0Personne ne lui a donn\u00e9 l\u2019ordre de le faire\u00a0\u00bb, se d\u00e9fend son employeur.<\/p>\n<p class=\"fs-5 \">Ensuite, il a \u00e9t\u00e9 \u00e9tabli que ce chariot ne devait pas \u00eatre utilis\u00e9 pour soulever et d\u00e9placer des banches de coffrage. \u00ab\u00a0Normalement, pour manipuler ces [pi\u00e8ces], on proc\u00e8de avec une grue\u00a0\u00bb, rapporte Philippe Plantard. Mais la grue du chantier \u00e9tait en panne&#8230;<\/p>\n<p class=\"fs-5 \">\u00ab\u00a0\u00a0Le [chariot \u00e9l\u00e9vateur] \u00e9tait l\u00e0 pour faire d\u2019autres travaux\u00a0: d\u00e9chargement,\u00a0etc. Il n\u2019\u00e9tait pas \u00e9quip\u00e9 pour \u00eatre utilis\u00e9 comme outil de levage\u00a0\u00bb, abonde le dirigeant de la soci\u00e9t\u00e9 \u00e9voquant \u00ab\u00a0une initiative [du chef de chantier] sans aucune instruction\u00a0\u00bb.<\/p>\n<p>                                                                                Un enjeu \u00e9conomique<\/p>\n<p class=\"fs-5 \">Quant \u00e0 l\u2019\u00e9tat de la sangle, \u00ab\u00a0il appartient \u00e0 l\u2019utilisateur d\u2019y veiller\u00a0\u00bb, botte-t-il encore en touche. Selon les \u00e9l\u00e9ments de l\u2019enqu\u00eate, la gaine ext\u00e9rieure de cet \u00e9quipement pr\u00e9sentait des marques d\u2019usure et de d\u00e9chirement.<\/p>\n<p class=\"fs-5 \">\u00ab\u00a0L\u2019utilisateur de la sangle, c\u2019est la soci\u00e9t\u00e9. Dans ce jeu des responsabilit\u00e9s, on a beau jeu de se d\u00e9douaner\u00a0\u00bb, peste M\u1d49\u202fGiraud, aux int\u00e9r\u00eats de l\u2019int\u00e9rimaire mutil\u00e9. L\u2019entreprise aurait d\u00fb mettre en place des proc\u00e9dures de contr\u00f4le interne, estime le procureur.<\/p>\n<p class=\"fs-5 \">La d\u00e9fense a plaid\u00e9 la relaxe et, \u00e0 titre subsidiaire, la non-inscription au casier judiciaire d\u2019une \u00e9ventuelle condamnation afin de ne pas ob\u00e9rer les chances de l\u2019entreprise quand elle se porte candidate \u00e0 des march\u00e9s publics. \u00ab\u00a0Son entreprise c\u2019est [plus de 50\u202fans] d\u2019activit\u00e9, c\u2019est des milliers de chantiers et z\u00e9ro condamnation p\u00e9nale\u00a0\u00bb, fait valoir M\u1d49\u202f\u00c9lodie Pellequer.<\/p>\n","protected":false},"excerpt":{"rendered":"\u00ab\u00a0Entre collines bois\u00e9es et M\u00e9diterran\u00e9e, le Parc Saint Roch vous invite \u00e0 profiter du charme d\u2019un village proven\u00e7al\u00a0\u00bb,&hellip;\n","protected":false},"author":2,"featured_media":636799,"comment_status":"","ping_status":"","sticky":false,"template":"","format":"standard","meta":{"footnotes":""},"categories":[9619],"tags":[1111,11,1777,674,1011,27,12,882,25,2310],"class_list":{"0":"post-636798","1":"post","2":"type-post","3":"status-publish","4":"format-standard","5":"has-post-thumbnail","7":"category-toulon","8":"tag-actu","9":"tag-actualites","10":"tag-eu","11":"tag-europe","12":"tag-fr","13":"tag-france","14":"tag-news","15":"tag-provence-alpes-cote-dazur","16":"tag-republique-francaise","17":"tag-toulon"},"share_on_mastodon":{"url":"https:\/\/pubeurope.com\/@fr\/115827116996445145","error":""},"_links":{"self":[{"href":"https:\/\/www.europesays.com\/fr\/wp-json\/wp\/v2\/posts\/636798","targetHints":{"allow":["GET"]}}],"collection":[{"href":"https:\/\/www.europesays.com\/fr\/wp-json\/wp\/v2\/posts"}],"about":[{"href":"https:\/\/www.europesays.com\/fr\/wp-json\/wp\/v2\/types\/post"}],"author":[{"embeddable":true,"href":"https:\/\/www.europesays.com\/fr\/wp-json\/wp\/v2\/users\/2"}],"replies":[{"embeddable":true,"href":"https:\/\/www.europesays.com\/fr\/wp-json\/wp\/v2\/comments?post=636798"}],"version-history":[{"count":0,"href":"https:\/\/www.europesays.com\/fr\/wp-json\/wp\/v2\/posts\/636798\/revisions"}],"wp:featuredmedia":[{"embeddable":true,"href":"https:\/\/www.europesays.com\/fr\/wp-json\/wp\/v2\/media\/636799"}],"wp:attachment":[{"href":"https:\/\/www.europesays.com\/fr\/wp-json\/wp\/v2\/media?parent=636798"}],"wp:term":[{"taxonomy":"category","embeddable":true,"href":"https:\/\/www.europesays.com\/fr\/wp-json\/wp\/v2\/categories?post=636798"},{"taxonomy":"post_tag","embeddable":true,"href":"https:\/\/www.europesays.com\/fr\/wp-json\/wp\/v2\/tags?post=636798"}],"curies":[{"name":"wp","href":"https:\/\/api.w.org\/{rel}","templated":true}]}}