{"id":636800,"date":"2026-01-02T19:18:26","date_gmt":"2026-01-02T19:18:26","guid":{"rendered":"https:\/\/www.europesays.com\/fr\/636800\/"},"modified":"2026-01-02T19:18:26","modified_gmt":"2026-01-02T19:18:26","slug":"toulon-exposition-reflets-de-mer-architecture-de-lumiere-denise-gay","status":"publish","type":"post","link":"https:\/\/www.europesays.com\/fr\/636800\/","title":{"rendered":"TOULON : Exposition &#8211; \u00ab Reflets de mer, architecture de lumi\u00e8re \u00bb Denise GAY"},"content":{"rendered":"<p><b>L\u2019exposition que propose la Mairie d\u2019Honneur en ce d\u00e9but d\u2019ann\u00e9e sera consacr\u00e9e \u00e0 l\u2019artiste peintre Denise Gay, n\u00e9e en Alg\u00e9rie et install\u00e9e \u00e0 Toulon depuis de nombreuses ann\u00e9es.<\/b><\/p>\n<p style=\"font-weight: 400;\">Le travail de Denise Gay s\u2019inscrit dans une pratique de la peinture \u00e0 l\u2019huile, privil\u00e9giant tr\u00e8s t\u00f4t l\u2019usage du couteau. Form\u00e9e dans des ateliers de pratique collective, elle explore d\u2019abord l\u2019aquarelle et le pastel avant de s\u2019orienter vers une \u00e9criture picturale plus affirm\u00e9e, marqu\u00e9e par la mati\u00e8re et la couleur. Ses premi\u00e8res \u0153uvres figuratives repr\u00e9sentent des paysages de Provence, des sc\u00e8nes de rues, des ports m\u00e9diterran\u00e9ens et leurs pointus.<\/p>\n<p><img decoding=\"async\" src=\"https:\/\/www.europesays.com\/fr\/wp-content\/uploads\/2026\/01\/Denise-gay-b.png\"\/><\/p>\n<p style=\"font-weight: 400;\">Au fil des ann\u00e9es, son travail \u00e9volue vers une expression plus libre, o\u00f9 l\u2019abstraction occupe une place croissante. Cette orientation lui permet de d\u00e9velopper une peinture plus spontan\u00e9e, dans laquelle la gestuelle et la mati\u00e8re deviennent des vecteurs essentiels de l\u2019\u00e9motion et du processus cr\u00e9atif. Soucieuse d\u2019approfondir sa technique, Denise Gay a suivi un stage \u00e0 l\u2019Acad\u00e9mie de peinture du Moulin de Perrot aupr\u00e8s de Christian Jequel, figure reconnue de la peinture au couteau en France. Cette formation a contribu\u00e9 \u00e0 structurer une d\u00e9marche picturale fond\u00e9e sur la recherche de la lumi\u00e8re, des contrastes et des couleurs chaudes, caract\u00e9ristiques des paysages du sud.<\/p>\n<p style=\"font-weight: 400;\">Son travail a \u00e9t\u00e9 distingu\u00e9 \u00e0 de nombreuses reprises lors de salons et concours nationaux et internationaux. Elle a notamment re\u00e7u des m\u00e9dailles d\u2019argent et de vermeil de la Soci\u00e9t\u00e9 Arts, Sciences et Lettres de Paris, l\u2019Aigle d\u2019Or au Salon international de Nice, la Toile d\u2019Or de la F\u00e9d\u00e9ration Culturelle Fran\u00e7aise, ainsi que plusieurs premiers prix. Elle est \u00e9galement ambassadrice du Var pour l\u2019Institut des Arts Contemporains.<\/p>\n<p style=\"font-weight: 400;\"><strong>A NOTER\u2026<\/strong><\/p>\n<p style=\"font-weight: 400;\"><strong>Exposition \u00ab Reflets de mer, architecture de lumi\u00e8re \u00bb<\/strong><\/p>\n<p style=\"font-weight: 400;\"><strong>Vernissage le mercredi 7 janvier \u00e0 12h<\/strong><\/p>\n<p style=\"font-weight: 400;\"><strong>Exposition du 7 au 29 janvier 2026.<\/strong><\/p>\n<p style=\"font-weight: 400;\"><strong>Mairie d\u2019Honneur<\/strong><\/p>\n<p style=\"font-weight: 400;\"><strong>Carr\u00e9 du port, quai Cronstadt<\/strong><\/p>\n<p style=\"font-weight: 400;\"><strong>Du lundi au vendredi de 9h \u00e0 16h30.<\/strong><\/p>\n<p style=\"font-weight: 400;\"><strong>Entr\u00e9e libre. Infos : 04 94 36 37 25.<\/strong><\/p>\n","protected":false},"excerpt":{"rendered":"L\u2019exposition que propose la Mairie d\u2019Honneur en ce d\u00e9but d\u2019ann\u00e9e sera consacr\u00e9e \u00e0 l\u2019artiste peintre Denise Gay, n\u00e9e&hellip;\n","protected":false},"author":2,"featured_media":636801,"comment_status":"","ping_status":"","sticky":false,"template":"","format":"standard","meta":{"footnotes":""},"categories":[9619],"tags":[1111,11,1777,674,1011,27,12,882,25,2310],"class_list":{"0":"post-636800","1":"post","2":"type-post","3":"status-publish","4":"format-standard","5":"has-post-thumbnail","7":"category-toulon","8":"tag-actu","9":"tag-actualites","10":"tag-eu","11":"tag-europe","12":"tag-fr","13":"tag-france","14":"tag-news","15":"tag-provence-alpes-cote-dazur","16":"tag-republique-francaise","17":"tag-toulon"},"share_on_mastodon":{"url":"https:\/\/pubeurope.com\/@fr\/115827120893590689","error":""},"_links":{"self":[{"href":"https:\/\/www.europesays.com\/fr\/wp-json\/wp\/v2\/posts\/636800","targetHints":{"allow":["GET"]}}],"collection":[{"href":"https:\/\/www.europesays.com\/fr\/wp-json\/wp\/v2\/posts"}],"about":[{"href":"https:\/\/www.europesays.com\/fr\/wp-json\/wp\/v2\/types\/post"}],"author":[{"embeddable":true,"href":"https:\/\/www.europesays.com\/fr\/wp-json\/wp\/v2\/users\/2"}],"replies":[{"embeddable":true,"href":"https:\/\/www.europesays.com\/fr\/wp-json\/wp\/v2\/comments?post=636800"}],"version-history":[{"count":0,"href":"https:\/\/www.europesays.com\/fr\/wp-json\/wp\/v2\/posts\/636800\/revisions"}],"wp:featuredmedia":[{"embeddable":true,"href":"https:\/\/www.europesays.com\/fr\/wp-json\/wp\/v2\/media\/636801"}],"wp:attachment":[{"href":"https:\/\/www.europesays.com\/fr\/wp-json\/wp\/v2\/media?parent=636800"}],"wp:term":[{"taxonomy":"category","embeddable":true,"href":"https:\/\/www.europesays.com\/fr\/wp-json\/wp\/v2\/categories?post=636800"},{"taxonomy":"post_tag","embeddable":true,"href":"https:\/\/www.europesays.com\/fr\/wp-json\/wp\/v2\/tags?post=636800"}],"curies":[{"name":"wp","href":"https:\/\/api.w.org\/{rel}","templated":true}]}}