{"id":636806,"date":"2026-01-02T19:21:10","date_gmt":"2026-01-02T19:21:10","guid":{"rendered":"https:\/\/www.europesays.com\/fr\/636806\/"},"modified":"2026-01-02T19:21:10","modified_gmt":"2026-01-02T19:21:10","slug":"attention-a-la-date-limite-pour-sinscrire-sur-les-listes-electorales","status":"publish","type":"post","link":"https:\/\/www.europesays.com\/fr\/636806\/","title":{"rendered":"attention \u00e0 la date limite pour s&rsquo;inscrire sur les listes \u00e9lectorales"},"content":{"rendered":"<p melodystyle=\"texte\" data-end=\"840\">Pour pouvoir voter lors des \u00e9lections municipales de mars 2026, il est indispensable d&rsquo;\u00eatre inscrit sur les listes \u00e9lectorales. En Seine-Maritime, comme partout en France, la <b data-end=\"768\">date limite d&rsquo;inscription est fix\u00e9e au mercredi 4 f\u00e9vrier 2026 inclus<\/b> pour une d\u00e9marche r\u00e9alis\u00e9e <b data-end=\"808\">en ligne<\/b>, via le site service-public.fr.<\/p>\n<p melodystyle=\"texte\" data-end=\"1056\">Pour une inscription <b data-end=\"892\">en mairie ou par courrier<\/b>, le d\u00e9lai est l\u00e9g\u00e8rement plus long puisque les \u00e9lecteurs ont jusqu&rsquo;au <b data-end=\"991\">vendredi 6 f\u00e9vrier 2026 inclus<\/b> pour effectuer leur demande aupr\u00e8s de leur commune de r\u00e9sidence.<\/p>\n<p melodystyle=\"texte\" data-end=\"1275\">Pass\u00e9 ces dates, il ne sera plus possible de voter, sauf dans certains cas tr\u00e8s particuliers, comme une acquisition r\u00e9cente de la nationalit\u00e9 fran\u00e7aise ou un changement de domicile li\u00e9 \u00e0 une situation professionnelle.<\/p>\n","protected":false},"excerpt":{"rendered":"Pour pouvoir voter lors des \u00e9lections municipales de mars 2026, il est indispensable d&rsquo;\u00eatre inscrit sur les listes&hellip;\n","protected":false},"author":2,"featured_media":636807,"comment_status":"","ping_status":"","sticky":false,"template":"","format":"standard","meta":{"footnotes":""},"categories":[9587],"tags":[1111,11,1777,674,1011,27,12,5161,25,9590],"class_list":{"0":"post-636806","1":"post","2":"type-post","3":"status-publish","4":"format-standard","5":"has-post-thumbnail","7":"category-rouen","8":"tag-actu","9":"tag-actualites","10":"tag-eu","11":"tag-europe","12":"tag-fr","13":"tag-france","14":"tag-news","15":"tag-normandie","16":"tag-republique-francaise","17":"tag-rouen"},"share_on_mastodon":{"url":"https:\/\/pubeurope.com\/@fr\/115827132617174254","error":""},"_links":{"self":[{"href":"https:\/\/www.europesays.com\/fr\/wp-json\/wp\/v2\/posts\/636806","targetHints":{"allow":["GET"]}}],"collection":[{"href":"https:\/\/www.europesays.com\/fr\/wp-json\/wp\/v2\/posts"}],"about":[{"href":"https:\/\/www.europesays.com\/fr\/wp-json\/wp\/v2\/types\/post"}],"author":[{"embeddable":true,"href":"https:\/\/www.europesays.com\/fr\/wp-json\/wp\/v2\/users\/2"}],"replies":[{"embeddable":true,"href":"https:\/\/www.europesays.com\/fr\/wp-json\/wp\/v2\/comments?post=636806"}],"version-history":[{"count":0,"href":"https:\/\/www.europesays.com\/fr\/wp-json\/wp\/v2\/posts\/636806\/revisions"}],"wp:featuredmedia":[{"embeddable":true,"href":"https:\/\/www.europesays.com\/fr\/wp-json\/wp\/v2\/media\/636807"}],"wp:attachment":[{"href":"https:\/\/www.europesays.com\/fr\/wp-json\/wp\/v2\/media?parent=636806"}],"wp:term":[{"taxonomy":"category","embeddable":true,"href":"https:\/\/www.europesays.com\/fr\/wp-json\/wp\/v2\/categories?post=636806"},{"taxonomy":"post_tag","embeddable":true,"href":"https:\/\/www.europesays.com\/fr\/wp-json\/wp\/v2\/tags?post=636806"}],"curies":[{"name":"wp","href":"https:\/\/api.w.org\/{rel}","templated":true}]}}