{"id":636808,"date":"2026-01-02T19:22:11","date_gmt":"2026-01-02T19:22:11","guid":{"rendered":"https:\/\/www.europesays.com\/fr\/636808\/"},"modified":"2026-01-02T19:22:11","modified_gmt":"2026-01-02T19:22:11","slug":"un-footballeur-du-quevilly-rouen-metropole-figure-parmi-les-rescapes-de-lincendie","status":"publish","type":"post","link":"https:\/\/www.europesays.com\/fr\/636808\/","title":{"rendered":"un footballeur du Quevilly Rouen M\u00e9tropole figure parmi les rescap\u00e9s de l\u2019incendie"},"content":{"rendered":"<p class=\"article__intro\">Selon une information de Paris-Normandie, qui nous a \u00e9t\u00e9 confirm\u00e9e, un footballeur du Quevilly Rouen M\u00e9tropole (QRM) a \u00e9t\u00e9 bless\u00e9 lors de l&rsquo;incendie d&rsquo;un bar dans la station suisse de Crans-Montana.<\/p>\n<p>\n      L\u2019actu des r\u00e9gions\n    <\/p>\n<p>\n      Chaque jour, un tour d\u2019horizon des principales infos de toutes les r\u00e9gions.\n    <\/p>\n<p>    France T\u00e9l\u00e9visions utilise votre adresse e-mail afin de vous envoyer la newsletter \u00ab\u00a0L\u2019actu des r\u00e9gions\u00a0\u00bb. Vous pouvez vous d\u00e9sinscrire \u00e0 tout moment via le lien en bas de cette newsletter. <a target=\"_blank\" href=\"https:\/\/www.francetelevisions.fr\/groupe\/confidentialite\/politique-de-confidentialite\/politique-de-confidentialite-de-france-televisions-6503\" rel=\"noopener\">Notre politique de confidentialit\u00e9<\/a><\/p>\n<p>Hugo Hare, un footballeur du Quevilly Rouen M\u00e9tropole (QRM) a \u00e9t\u00e9 bless\u00e9 lors de l&rsquo;incendie qui a ravag\u00e9 un bar de la station suisse Crans-Montana durant le r\u00e9veillon du Nouvel an. <\/p>\n<p>Pour rappel, une quarantaine de personnes sont d\u00e9c\u00e9d\u00e9es et 119 autres ont \u00e9t\u00e9 bless\u00e9s. <\/p>\n<p>Cette information a \u00e9t\u00e9 r\u00e9v\u00e9l\u00e9e par nos confr\u00e8res de <a href=\"https:\/\/www.paris-normandie.fr\/id686338\/article\/2026-01-02\/incendie-de-crans-montana-un-jeune-joueur-de-qrm-figure-parmi-les-blesses\" target=\"_blank\" rel=\"noopener noreferrer nofollow\" data-tooltip-url=\"https:\/\/www.paris-normandie.fr\/id686338\/article\/2026-01-02\/incendie-de-crans-montana-un-jeune-joueur-de-qrm-figure-parmi-les-blesses\">Paris-Normandie.<\/a> Selon nos propres sources, le jeune homme a \u00e9t\u00e9 br\u00fbl\u00e9 au deuxi\u00e8me degr\u00e9 sur les mains et au visage.<\/p>\n<p>Hugo Hare est actuellement membre de l\u2019\u00e9quipe B de Quevilly-Rouen M\u00e9tropole, qui \u00e9volue en R\u00e9gional 1.<\/p>\n<p>Contact\u00e9, le club de QRM n\u2019a pas souhait\u00e9 s\u2019exprimer pour le moment.<\/p>\n<p>113 des 119 bless\u00e9s ont pu \u00eatre \u00ab\u00a0formellement\u00a0\u00bb identifi\u00e9s, a annonc\u00e9 le chef de la police cantonale, Fr\u00e9d\u00e9ric Gisler, au cours d&rsquo;une conf\u00e9rence de presse \u00e0 Sion, la capitale r\u00e9gionale. \u00ab\u00a0Pour six autres, les d\u00e9marches d&rsquo;identification formelle et d\u00e9finitive sont toujours en cours.\u00a0\u00bb<\/p>\n<p>Selon lui, parmi les personnes identifi\u00e9es figurent 71 Suisses, 14 Fran\u00e7ais, 11 Italiens, quatre Serbes, mais aussi un Bosniaque, un Belge, un Luxembourgeois, un Polonais et un Portugais. <\/p>\n<p>Pour 14 autres bless\u00e9s &#8211; dont les six pas encore identifi\u00e9s -, la nationalit\u00e9 n&rsquo;a pas encore \u00e9t\u00e9 \u00e9tablie.<\/p>\n<p>Au vu des premiers \u00e9l\u00e9ments de l&rsquo;enqu\u00eate, \u00ab\u00a0tout laisse \u00e0 penser que le feu est parti des bougies incandescentes ou des feux de bengale qui ont \u00e9t\u00e9 mises sur les bouteilles de champagne\u00a0\u00bb, a annonc\u00e9 la procureure g\u00e9n\u00e9rale du canton du Valais, B\u00e9atrice Pilloud. \u00ab\u00a0Et tout a \u00e9t\u00e9 approch\u00e9 de trop pr\u00e8s du plafond\u00a0\u00bb.<\/p>\n<p>\u00ab\u00a0C&rsquo;est une hypoth\u00e8se qui est privil\u00e9gi\u00e9e et qui tend \u00e0 se confirmer\u00a0\u00bb, a-t-elle ajout\u00e9. Le visionnage de nombreuses vid\u00e9os par les enqu\u00eateurs tend \u00e0 accr\u00e9diter les affirmations de nombreux t\u00e9moins.<\/p>\n<p>Ce drame n&rsquo;est pas sans rappeler <a href=\"https:\/\/france3-regions.franceinfo.fr\/normandie\/seine-maritime\/rouen\/temoignage-incendie-du-cuba-libre-a-rouen-9-ans-apres-rien-n-a-change-deplore-le-pere-d-une-victime-3197841.html\" target=\"_blank\" rel=\"noopener noreferrer nofollow\" data-tooltip-url=\"https:\/\/france3-regions.franceinfo.fr\/normandie\/seine-maritime\/rouen\/temoignage-incendie-du-cuba-libre-a-rouen-9-ans-apres-rien-n-a-change-deplore-le-pere-d-une-victime-3197841.html\">le dramatique incendie du bar Cuba Libre \u00e0 Rouen<\/a>, qui avait co\u00fbt\u00e9 la vie \u00e0 14 jeunes en ao\u00fbt 2016.<\/p><\/p>\n","protected":false},"excerpt":{"rendered":"Selon une information de Paris-Normandie, qui nous a \u00e9t\u00e9 confirm\u00e9e, un footballeur du Quevilly Rouen M\u00e9tropole (QRM) a&hellip;\n","protected":false},"author":2,"featured_media":636809,"comment_status":"","ping_status":"","sticky":false,"template":"","format":"standard","meta":{"footnotes":""},"categories":[9587],"tags":[1111,11,1777,674,1011,27,12,5161,25,9590],"class_list":{"0":"post-636808","1":"post","2":"type-post","3":"status-publish","4":"format-standard","5":"has-post-thumbnail","7":"category-rouen","8":"tag-actu","9":"tag-actualites","10":"tag-eu","11":"tag-europe","12":"tag-fr","13":"tag-france","14":"tag-news","15":"tag-normandie","16":"tag-republique-francaise","17":"tag-rouen"},"share_on_mastodon":{"url":"https:\/\/pubeurope.com\/@fr\/115827136613229570","error":""},"_links":{"self":[{"href":"https:\/\/www.europesays.com\/fr\/wp-json\/wp\/v2\/posts\/636808","targetHints":{"allow":["GET"]}}],"collection":[{"href":"https:\/\/www.europesays.com\/fr\/wp-json\/wp\/v2\/posts"}],"about":[{"href":"https:\/\/www.europesays.com\/fr\/wp-json\/wp\/v2\/types\/post"}],"author":[{"embeddable":true,"href":"https:\/\/www.europesays.com\/fr\/wp-json\/wp\/v2\/users\/2"}],"replies":[{"embeddable":true,"href":"https:\/\/www.europesays.com\/fr\/wp-json\/wp\/v2\/comments?post=636808"}],"version-history":[{"count":0,"href":"https:\/\/www.europesays.com\/fr\/wp-json\/wp\/v2\/posts\/636808\/revisions"}],"wp:featuredmedia":[{"embeddable":true,"href":"https:\/\/www.europesays.com\/fr\/wp-json\/wp\/v2\/media\/636809"}],"wp:attachment":[{"href":"https:\/\/www.europesays.com\/fr\/wp-json\/wp\/v2\/media?parent=636808"}],"wp:term":[{"taxonomy":"category","embeddable":true,"href":"https:\/\/www.europesays.com\/fr\/wp-json\/wp\/v2\/categories?post=636808"},{"taxonomy":"post_tag","embeddable":true,"href":"https:\/\/www.europesays.com\/fr\/wp-json\/wp\/v2\/tags?post=636808"}],"curies":[{"name":"wp","href":"https:\/\/api.w.org\/{rel}","templated":true}]}}