{"id":63681,"date":"2025-04-30T06:20:07","date_gmt":"2025-04-30T06:20:07","guid":{"rendered":"https:\/\/www.europesays.com\/fr\/63681\/"},"modified":"2025-04-30T06:20:07","modified_gmt":"2025-04-30T06:20:07","slug":"suzuki-france-trois-ans-de-plus-avec-la-ffbb","status":"publish","type":"post","link":"https:\/\/www.europesays.com\/fr\/63681\/","title":{"rendered":"Suzuki France trois ans de plus avec la FFBB"},"content":{"rendered":"<p>\u00a0Suzuki France est le fournisseur officiel de la F\u00e9d\u00e9ration Fran\u00e7aise de BasketBall et des Equipes de France depuis 6 ann\u00e9es. Lors des trois prochaines ann\u00e9es, Suzuki France sera \u00e0 nouveau pr\u00e9sent lors des finales de la Coupe de France et accompagnera les \u00c9quipes de France f\u00e9minine et masculine pour leurs matchs internationaux en mettant \u00e0 disposition des organisateurs une flotte de v\u00e9hicules. En 2024 pas moins de 90 v\u00e9hicules ont \u00e9t\u00e9 mis \u00e0 disposition sur les diff\u00e9rentes comp\u00e9titions organis\u00e9es par la FFBB. Suzuki France est \u00e9galement partenaire de la Superleague 3X3 FFBB, qui se d\u00e9roulera cette ann\u00e9e du 25 mai au 13 juillet dans 18 villes.<\/p>\n<blockquote><p>\u00a0St\u00e9phane Magnin, directeur de l\u2019activit\u00e9 Automobile de Suzuki France, a d\u00e9clar\u00e9\u00a0:\u00a0\u00ab\u00a0Je me r\u00e9jouis du renouvellement de notre partenariat avec la FFBB qui t\u00e9moigne de notre engagement dans la dur\u00e9e aux c\u00f4t\u00e9s de ce sport dont nous partageons les valeurs et l\u2019enracinement profond en France. Le basket, qui est le deuxi\u00e8me sport collectif le plus pratiqu\u00e9 en France et le premier sport collectif f\u00e9minin, met comme Suzuki l\u2019humain au c\u0153ur de toutes ses actions. Je remercie la FFBB pour sa confiance, et nous aurons \u00e0 c\u0153ur, avec la participation active de notre r\u00e9seau de concessionnaires, de poursuivre avec enthousiasme notre engagement aux c\u00f4t\u00e9s du basketball fran\u00e7ais.\u00a0\u00bb<\/p><\/blockquote>\n<blockquote><p>\u00a0Jean-Pierre Hunckler, pr\u00e9sident de la FFBB :\u00a0\u00ab Je suis tr\u00e8s heureux du renouvellement de nos accords avec Suzuki France qui est, depuis 2019, Fournisseur Officiel de la f\u00e9d\u00e9ration, de l\u2019Equipe de France et de notre Superleague 3X3. Ce partenariat renforc\u00e9 est une belle preuve de la r\u00e9ussite de notre collaboration fond\u00e9e sur la confiance et des valeurs communes d\u2019engagement, de performance et d\u2019accessibilit\u00e9. Ensemble nous continuons \u00e0 tracer une route ambitieuse pour le basketball fran\u00e7ais. \u00bb<\/p><\/blockquote>\n","protected":false},"excerpt":{"rendered":"\u00a0Suzuki France est le fournisseur officiel de la F\u00e9d\u00e9ration Fran\u00e7aise de BasketBall et des Equipes de France depuis&hellip;\n","protected":false},"author":2,"featured_media":63682,"comment_status":"","ping_status":"","sticky":false,"template":"","format":"standard","meta":{"footnotes":""},"categories":[1414],"tags":[1465,1464,1011,27,60],"class_list":{"0":"post-63681","1":"post","2":"type-post","3":"status-publish","4":"format-standard","5":"has-post-thumbnail","7":"category-basket","8":"tag-basket","9":"tag-basketball","10":"tag-fr","11":"tag-france","12":"tag-sports"},"share_on_mastodon":{"url":"https:\/\/pubeurope.com\/@fr\/114425470930772396","error":""},"_links":{"self":[{"href":"https:\/\/www.europesays.com\/fr\/wp-json\/wp\/v2\/posts\/63681","targetHints":{"allow":["GET"]}}],"collection":[{"href":"https:\/\/www.europesays.com\/fr\/wp-json\/wp\/v2\/posts"}],"about":[{"href":"https:\/\/www.europesays.com\/fr\/wp-json\/wp\/v2\/types\/post"}],"author":[{"embeddable":true,"href":"https:\/\/www.europesays.com\/fr\/wp-json\/wp\/v2\/users\/2"}],"replies":[{"embeddable":true,"href":"https:\/\/www.europesays.com\/fr\/wp-json\/wp\/v2\/comments?post=63681"}],"version-history":[{"count":0,"href":"https:\/\/www.europesays.com\/fr\/wp-json\/wp\/v2\/posts\/63681\/revisions"}],"wp:featuredmedia":[{"embeddable":true,"href":"https:\/\/www.europesays.com\/fr\/wp-json\/wp\/v2\/media\/63682"}],"wp:attachment":[{"href":"https:\/\/www.europesays.com\/fr\/wp-json\/wp\/v2\/media?parent=63681"}],"wp:term":[{"taxonomy":"category","embeddable":true,"href":"https:\/\/www.europesays.com\/fr\/wp-json\/wp\/v2\/categories?post=63681"},{"taxonomy":"post_tag","embeddable":true,"href":"https:\/\/www.europesays.com\/fr\/wp-json\/wp\/v2\/tags?post=63681"}],"curies":[{"name":"wp","href":"https:\/\/api.w.org\/{rel}","templated":true}]}}