{"id":636810,"date":"2026-01-02T19:23:10","date_gmt":"2026-01-02T19:23:10","guid":{"rendered":"https:\/\/www.europesays.com\/fr\/636810\/"},"modified":"2026-01-02T19:23:10","modified_gmt":"2026-01-02T19:23:10","slug":"deux-nouveaux-soutiens-horizons-et-place-publique-pour-cardinal","status":"publish","type":"post","link":"https:\/\/www.europesays.com\/fr\/636810\/","title":{"rendered":"deux nouveaux soutiens Horizons et Place publique pour Cardinal"},"content":{"rendered":"<p>Pierre-\u00c9douard Cardinal, candidat issu de la soci\u00e9t\u00e9 civile aux \u00e9lections municipales \u00e0 Grenoble, compte deux nouveaux soutiens.\u00a0Pour sa liste \u00ab\u00a0Grenoble, la belle ambition\u00a0!\u00a0\u00bb, il peut d\u00e9sormais compter sur Bruno Thomas et Jean Caune. Le premier, adh\u00e9rent d\u2019Horizons, est un ancien pilote de l\u2019\u00e9quipe de France de bobsleigh, qui a particip\u00e9 aux JO de 2002. Il dirige aujourd\u2019hui\u00a0la piste olympique de bobsleigh de La\u00a0Plagne et a particip\u00e9 \u00e0 l\u2019organisation de grands\u00a0\u00e9v\u00e9nements sportifs comme le Tour de France et le rallye Dakar. Il est accessoirement l\u2019\u00e9poux d\u2019<a href=\"https:\/\/www.ledauphine.com\/p\/emilie-chalas\" target=\"_blank\" rel=\"noopener\">\u00c9milie Chalas<\/a> (\u00e9lue d\u2019opposition Renaissance au conseil municipal de Grenoble), selon un communiqu\u00e9 de presse du collectif.<\/p>\n<p>Un\u00a0ancien \u00e9lu local grenoblois<\/p>\n<p>Le second est un\u00a0universitaire sp\u00e9cialiste des politiques culturelles et ancien \u00e9lu local grenoblois.\u00a0Il est \u00e9galement adh\u00e9rent de Place publique.<\/p>\n<p>C\u2019est la deuxi\u00e8me fois en dix jours que des membres d\u2019Horizons et Place publique se rallient \u00e0 Pierre-\u00c9douard Cardinal, par ailleurs directeur g\u00e9n\u00e9ral de la Sem Minatec. <a href=\"https:\/\/www.ledauphine.com\/elections\/2025\/12\/22\/isere-grenoble-pierre-edouard-cardinal-affiche-des-soutiens-horizons-et-place-publique\" target=\"_blank\" rel=\"noopener\">D\u00e9j\u00e0, avant No\u00ebl, Fabrice Vandenabeele et Lionel Picollet l\u2019avaient\u00a0rejoint,<\/a> alors qu\u2019une liste \u00ab\u00a0Horizons\u00a0\u00bb, men\u00e9e par <a href=\"https:\/\/www.ledauphine.com\/p\/herve-gerbi\" target=\"_blank\" rel=\"noopener\">Herv\u00e9 Gerbi<\/a>, est en lice, et que Place publique est l\u2019une des formations qui composent la liste \u00ab\u00a0Grenoble capitale citoyenne\u00a0\u00bb, incarn\u00e9e par Romain Gentil.<\/p>\n","protected":false},"excerpt":{"rendered":"Pierre-\u00c9douard Cardinal, candidat issu de la soci\u00e9t\u00e9 civile aux \u00e9lections municipales \u00e0 Grenoble, compte deux nouveaux soutiens.\u00a0Pour sa&hellip;\n","protected":false},"author":2,"featured_media":636811,"comment_status":"","ping_status":"","sticky":false,"template":"","format":"standard","meta":{"footnotes":""},"categories":[9566],"tags":[1111,11,2430,112,4188,1777,674,1011,27,2731,2732,3540,108,12,316,25],"class_list":{"0":"post-636810","1":"post","2":"type-post","3":"status-publish","4":"format-standard","5":"has-post-thumbnail","7":"category-grenoble","8":"tag-actu","9":"tag-actualites","10":"tag-auvergne-rhone-alpes","11":"tag-edition-grenoble-agglomeration","12":"tag-elections-municipales","13":"tag-eu","14":"tag-europe","15":"tag-fr","16":"tag-france","17":"tag-grenoble","18":"tag-grenoble-bassin","19":"tag-horizons","20":"tag-isere","21":"tag-news","22":"tag-politique","23":"tag-republique-francaise"},"share_on_mastodon":{"url":"https:\/\/pubeurope.com\/@fr\/115827140454399570","error":""},"_links":{"self":[{"href":"https:\/\/www.europesays.com\/fr\/wp-json\/wp\/v2\/posts\/636810","targetHints":{"allow":["GET"]}}],"collection":[{"href":"https:\/\/www.europesays.com\/fr\/wp-json\/wp\/v2\/posts"}],"about":[{"href":"https:\/\/www.europesays.com\/fr\/wp-json\/wp\/v2\/types\/post"}],"author":[{"embeddable":true,"href":"https:\/\/www.europesays.com\/fr\/wp-json\/wp\/v2\/users\/2"}],"replies":[{"embeddable":true,"href":"https:\/\/www.europesays.com\/fr\/wp-json\/wp\/v2\/comments?post=636810"}],"version-history":[{"count":0,"href":"https:\/\/www.europesays.com\/fr\/wp-json\/wp\/v2\/posts\/636810\/revisions"}],"wp:featuredmedia":[{"embeddable":true,"href":"https:\/\/www.europesays.com\/fr\/wp-json\/wp\/v2\/media\/636811"}],"wp:attachment":[{"href":"https:\/\/www.europesays.com\/fr\/wp-json\/wp\/v2\/media?parent=636810"}],"wp:term":[{"taxonomy":"category","embeddable":true,"href":"https:\/\/www.europesays.com\/fr\/wp-json\/wp\/v2\/categories?post=636810"},{"taxonomy":"post_tag","embeddable":true,"href":"https:\/\/www.europesays.com\/fr\/wp-json\/wp\/v2\/tags?post=636810"}],"curies":[{"name":"wp","href":"https:\/\/api.w.org\/{rel}","templated":true}]}}