{"id":636812,"date":"2026-01-02T19:24:15","date_gmt":"2026-01-02T19:24:15","guid":{"rendered":"https:\/\/www.europesays.com\/fr\/636812\/"},"modified":"2026-01-02T19:24:15","modified_gmt":"2026-01-02T19:24:15","slug":"victoire-imperative-contre-grenoble-pour-croire-au-maintien","status":"publish","type":"post","link":"https:\/\/www.europesays.com\/fr\/636812\/","title":{"rendered":"victoire imp\u00e9rative contre Grenoble pour croire au maintien"},"content":{"rendered":"<p>On veut bien d\u00e9marrer cette saison&#8230; heu, cette ann\u00e9e\u00a0!\u00a0\u00bb. Sacr\u00e9 lapsus de la part de Johny Placide en conf\u00e9rence de presse d&rsquo;avant-match. Mais le portier est loin d&rsquo;avoir tort, au contraire m\u00eame, il a d&rsquo;une certaine mani\u00e8re, lapsus volontaire ou non, enti\u00e8rement raison. Ce samedi 3\u00a0janvier 2026 doit \u00eatre le d\u00e9but d&rsquo;un nouveau cycle, d&rsquo;une nouvelle s\u00e9quence, d&rsquo;un nouveau Sporting.<\/p>\n<p>Ducrocq et Ariss suspendus<\/p>\n<p>Il reste encore 17 journ\u00e9es \u00e0 disputer pour esp\u00e9rer arracher son maintien en Ligue 2. 51 points en jeu et il en faudrait 27 voire, 30 pour se maintenir avec l&rsquo;esprit tranquille. Soit neuf ou dix victoires sur la phase retour, un rythme de champion, sans troph\u00e9e au bout, mais une d\u00e9livrance, un soulagement\u00a0: celui de rester en Ligue 2 la saison prochaine. Avec seulement 8 points au compteur, le SCB part de loin, de tr\u00e8s loin, mais pas encore de trop loin. Seulement, il n&rsquo;y a plus de temps \u00e0 perdre et si les r\u00e9cents matches sous la houlette de R\u00e9ginald Ray ont laiss\u00e9 entrevoir du mieux, il manque tout de m\u00eame l&rsquo;essentiel, la victoire et les points.<\/p>\n<p>\u00ab\u00a0On doit maintenir cet esprit collectif d\u00e9montr\u00e9 en championnat et en coupe. Mais il faut r\u00e9enclencher \u00e0 domicile d\u00e8s aujourd&rsquo;hui, on &#8230;<\/p>\n","protected":false},"excerpt":{"rendered":"On veut bien d\u00e9marrer cette saison&#8230; heu, cette ann\u00e9e\u00a0!\u00a0\u00bb. Sacr\u00e9 lapsus de la part de Johny Placide en&hellip;\n","protected":false},"author":2,"featured_media":636813,"comment_status":"","ping_status":"","sticky":false,"template":"","format":"standard","meta":{"footnotes":""},"categories":[9566],"tags":[5734,1111,11,2430,5621,1444,58662,1777,674,1011,27,2731,74405,12,471,25,60,1264],"class_list":{"0":"post-636812","1":"post","2":"type-post","3":"status-publish","4":"format-standard","5":"has-post-thumbnail","7":"category-grenoble","8":"tag-5734","9":"tag-actu","10":"tag-actualites","11":"tag-auvergne-rhone-alpes","12":"tag-bastia","13":"tag-contre","14":"tag-croire","15":"tag-eu","16":"tag-europe","17":"tag-fr","18":"tag-france","19":"tag-grenoble","20":"tag-imperative","21":"tag-news","22":"tag-pour","23":"tag-republique-francaise","24":"tag-sports","25":"tag-victoire"},"share_on_mastodon":{"url":"https:\/\/pubeurope.com\/@fr\/115827145186854481","error":""},"_links":{"self":[{"href":"https:\/\/www.europesays.com\/fr\/wp-json\/wp\/v2\/posts\/636812","targetHints":{"allow":["GET"]}}],"collection":[{"href":"https:\/\/www.europesays.com\/fr\/wp-json\/wp\/v2\/posts"}],"about":[{"href":"https:\/\/www.europesays.com\/fr\/wp-json\/wp\/v2\/types\/post"}],"author":[{"embeddable":true,"href":"https:\/\/www.europesays.com\/fr\/wp-json\/wp\/v2\/users\/2"}],"replies":[{"embeddable":true,"href":"https:\/\/www.europesays.com\/fr\/wp-json\/wp\/v2\/comments?post=636812"}],"version-history":[{"count":0,"href":"https:\/\/www.europesays.com\/fr\/wp-json\/wp\/v2\/posts\/636812\/revisions"}],"wp:featuredmedia":[{"embeddable":true,"href":"https:\/\/www.europesays.com\/fr\/wp-json\/wp\/v2\/media\/636813"}],"wp:attachment":[{"href":"https:\/\/www.europesays.com\/fr\/wp-json\/wp\/v2\/media?parent=636812"}],"wp:term":[{"taxonomy":"category","embeddable":true,"href":"https:\/\/www.europesays.com\/fr\/wp-json\/wp\/v2\/categories?post=636812"},{"taxonomy":"post_tag","embeddable":true,"href":"https:\/\/www.europesays.com\/fr\/wp-json\/wp\/v2\/tags?post=636812"}],"curies":[{"name":"wp","href":"https:\/\/api.w.org\/{rel}","templated":true}]}}