{"id":636822,"date":"2026-01-02T19:29:12","date_gmt":"2026-01-02T19:29:12","guid":{"rendered":"https:\/\/www.europesays.com\/fr\/636822\/"},"modified":"2026-01-02T19:29:12","modified_gmt":"2026-01-02T19:29:12","slug":"comment-circuler-et-stationner-pour-eviter-la-galere-dimanche-4-janvier-a-nice","status":"publish","type":"post","link":"https:\/\/www.europesays.com\/fr\/636822\/","title":{"rendered":"comment circuler et stationner pour \u00e9viter la gal\u00e8re, dimanche 4 janvier \u00e0 Nice"},"content":{"rendered":"<p class=\"fs-5 \">15 000 coureurs sont attendus sur le bitume du bord de mer, dimanche 4 janvier 2026, \u00e0 l\u2019occasion de la 26e \u00e9dition de la Prom\u2019 Classic.<\/p>\n<p class=\"fs-5 \">Un peloton qui s\u2019\u00e9lancera \u00e0 9 heures et devrait s\u2019\u00e9brouer jusqu\u2019aux alentours de 11 h 30.<\/p>\n<p class=\"fs-5 \">Mais les restrictions de circulation et de stationnement, elles, commenceront avant.<\/p>\n<p class=\"fs-5 \">Voici tout ce qu\u2019il faut savoir pour anticiper vos d\u00e9placements.<\/p>\n<p>        <img src=\"https:\/\/www.europesays.com\/fr\/wp-content\/uploads\/2026\/01\/6ff2c4c_upload-1-nj2k2vnflo3c-semi-marathon.jpg\"   loading=\"lazy\" decoding=\"async\" alt=\"Le semi-marathon  de Nice sur la Promenade des Anglais le 27 avril 2025. \" class=\"img-fluid position-absolute w-100 object-fit-cover rounded-2\" width=\"600\" height=\"400\"\/><\/p>\n<p>                                                                                <strong>La promenade des Anglais sanctuaris\u00e9e<\/strong><\/p>\n<p class=\"fs-5 \">Le c\u0153ur de l\u2019\u00e9v\u00e9nement se situant sur le bord de mer, la promenade des Anglais sera l\u2019axe le plus impact\u00e9 :<\/p>\n<p class=\"fs-5 \">&#8211; C\u00f4t\u00e9 mer (chauss\u00e9e sud), fermeture compl\u00e8te de l\u2019avenue des Grenouill\u00e8res jusqu\u2019\u00e0 l\u2019avenue Max Gallo, globalement entre 6 h et 13 h.<\/p>\n<p class=\"fs-5 \">&#8211; C\u00f4t\u00e9 ville (chauss\u00e9e nord), fermeture entre l\u2019avenue Max Gallo et le boulevard Gambetta de 4 h \u00e0 14 h, et jusqu\u2019\u00e0 l\u2019avenue des Grenouill\u00e8res de 6 h \u00e0 13 h.<\/p>\n<p class=\"fs-5 \">&#8211; Pistes cyclables \u00e9galement ferm\u00e9es sur la Prom\u2019 (entre le tunnel du Congr\u00e8s et la place du 8-Mai-45) ainsi que sur l\u2019avenue de Verdun, de 4 h \u00e0 14 h.<\/p>\n<p>                                                                                L\u2019acc\u00e8s au Vieux-Nice restreint<\/p>\n<p class=\"fs-5 \">Pour acc\u00e9der \u00e0 la vieille-ville autrement qu\u2019\u00e0 pied entre 4 et 14 h, une seule entr\u00e9e (descente Crotti) et deux sorties (descente Auguste-Escoffier et rue des Ponchettes) restent ouvertes.<\/p>\n<p>                                                                                Stationnement : attention \u00e0 la mise en fourri\u00e8re<\/p>\n<p class=\"fs-5 \">Le stationnement est strictement interdit (sous peine d\u2019enl\u00e8vement) sur l\u2019ensemble du parcours et des zones de logistique d\u00e8s 20 heures samedi 3 janvier et jusqu\u2019\u00e0 14 heures dimanche 4 janvier 2026. Sont notamment concern\u00e9es : la totalit\u00e9 de la promenade des Anglais et du quai des \u00c9tats-Unis, les avenues de Verdun et Max-Gallo et les rues ceignant le jardin Albert-Ier.<\/p>\n<p>                                                                                Acc\u00e8s aux parkings perturb\u00e9s<\/p>\n<p class=\"fs-5 \">Si la plupart des parcs auto restent accessibles, quatre parkings majeurs subiront des restrictions dimanche 4 janvier :<\/p>\n<p class=\"fs-5 \">&#8211; Sulzer : acc\u00e8s interdit, sortie possible uniquement entre 4 et 7 h puis apr\u00e8s 10 h.<\/p>\n<p class=\"fs-5 \">&#8211; Ruhl M\u00e9ridien : acc\u00e8s ferm\u00e9 de 7 h 30 \u00e0 9 h.<\/p>\n<p class=\"fs-5 \">&#8211; Plaza : entr\u00e9e et sortie ferm\u00e9es de 7 h 30 \u00e0 9 h.<\/p>\n<p class=\"fs-5 \">&#8211; Mass\u00e9na : sortie impossible entre 7 h 30 et 9 h.<\/p>\n<p>                                                                                Nos conseils pour circuler<\/p>\n<p class=\"fs-5 \">&#8211; Pour traverser la ville ou rejoindre le centre, privil\u00e9giez les transports en commun, \u00e0 commencer par les trois lignes de tramway. \u00c0 noter que trois lignes de bus (8+, 12+ et 98) cens\u00e9es passer par le bord de mer sont d\u00e9vi\u00e9es.<\/p>\n<p class=\"fs-5 \">&#8211; Si vous devez absolument prendre votre v\u00e9hicule, privil\u00e9giez l\u2019A8 ou la voie Mathis pour les trajets Est-Ouest.<\/p>\n<p class=\"fs-5 \">Commer\u00e7ants et restaurateurs restent ouverts durant l\u2019\u00e9v\u00e9nement. Pour toute question relative aux d\u00e9placements des riverains dans le p\u00e9rim\u00e8tre, un num\u00e9ro est \u00e0 votre disposition : 04.97.13.55.88.<\/p>\n","protected":false},"excerpt":{"rendered":"15 000 coureurs sont attendus sur le bitume du bord de mer, dimanche 4 janvier 2026, \u00e0 l\u2019occasion&hellip;\n","protected":false},"author":2,"featured_media":636823,"comment_status":"","ping_status":"","sticky":false,"template":"","format":"standard","meta":{"footnotes":""},"categories":[2819],"tags":[1111,11,1777,674,1011,27,12,2401,882,25],"class_list":{"0":"post-636822","1":"post","2":"type-post","3":"status-publish","4":"format-standard","5":"has-post-thumbnail","7":"category-nice","8":"tag-actu","9":"tag-actualites","10":"tag-eu","11":"tag-europe","12":"tag-fr","13":"tag-france","14":"tag-news","15":"tag-nice","16":"tag-provence-alpes-cote-dazur","17":"tag-republique-francaise"},"share_on_mastodon":{"url":"https:\/\/pubeurope.com\/@fr\/115827164126067287","error":""},"_links":{"self":[{"href":"https:\/\/www.europesays.com\/fr\/wp-json\/wp\/v2\/posts\/636822","targetHints":{"allow":["GET"]}}],"collection":[{"href":"https:\/\/www.europesays.com\/fr\/wp-json\/wp\/v2\/posts"}],"about":[{"href":"https:\/\/www.europesays.com\/fr\/wp-json\/wp\/v2\/types\/post"}],"author":[{"embeddable":true,"href":"https:\/\/www.europesays.com\/fr\/wp-json\/wp\/v2\/users\/2"}],"replies":[{"embeddable":true,"href":"https:\/\/www.europesays.com\/fr\/wp-json\/wp\/v2\/comments?post=636822"}],"version-history":[{"count":0,"href":"https:\/\/www.europesays.com\/fr\/wp-json\/wp\/v2\/posts\/636822\/revisions"}],"wp:featuredmedia":[{"embeddable":true,"href":"https:\/\/www.europesays.com\/fr\/wp-json\/wp\/v2\/media\/636823"}],"wp:attachment":[{"href":"https:\/\/www.europesays.com\/fr\/wp-json\/wp\/v2\/media?parent=636822"}],"wp:term":[{"taxonomy":"category","embeddable":true,"href":"https:\/\/www.europesays.com\/fr\/wp-json\/wp\/v2\/categories?post=636822"},{"taxonomy":"post_tag","embeddable":true,"href":"https:\/\/www.europesays.com\/fr\/wp-json\/wp\/v2\/tags?post=636822"}],"curies":[{"name":"wp","href":"https:\/\/api.w.org\/{rel}","templated":true}]}}