{"id":636824,"date":"2026-01-02T19:30:12","date_gmt":"2026-01-02T19:30:12","guid":{"rendered":"https:\/\/www.europesays.com\/fr\/636824\/"},"modified":"2026-01-02T19:30:12","modified_gmt":"2026-01-02T19:30:12","slug":"elye-wahi-explique-les-raisons-de-son-arrivee","status":"publish","type":"post","link":"https:\/\/www.europesays.com\/fr\/636824\/","title":{"rendered":"Elye Wahi explique les raisons de son arriv\u00e9e"},"content":{"rendered":"<p>En difficult\u00e9 du c\u00f4t\u00e9 de l\u2019Eintracht Francfort avec un but et trois passes d\u00e9cisives en 14 matches, <a href=\"https:\/\/www.footmercato.net\/joueur\/sepe-elye-wahi\/\" target=\"_blank\" rel=\"noopener\">Elye Wahi<\/a> (22 ans) va tenter de se relancer avec l\u2019OGC Nice. Apr\u00e8s des passages mitig\u00e9s \u00e0 Lens et Marseille, l\u2019ex-attaquant de Montpellier tentera de se relancer <a href=\"https:\/\/www.footmercato.net\/a6457804958416168209-nice-rapatrie-elye-wahi-en-ligue-1\" target=\"_blank\" rel=\"noopener\">lors de ce pr\u00eat de six mois avec les Aiglons<\/a>. Un choix d\u00e9j\u00e0 voulu par Franck Haise, aujourd\u2019hui remerci\u00e9 et remplac\u00e9 par Claude Puel. Le buteur de 22 ans a tenu \u00e0 expliquer son choix de carri\u00e8re, dans un club en pleine reconstruction. <\/p>\n<p>            La suite apr\u00e8s cette publicit\u00e9<\/p>\n<p>\u00abNice a besoin de se relancer et moi aussi. J\u2019avais commenc\u00e9 \u00e0 parler avec Florian Maurice et le coach Franck Haise. Les discussions ont ensuite continu\u00e9 avec Claude Puel et je suis l\u00e0 aujourd\u2019hui. On a parl\u00e9 football et c\u2019est ce qui m\u2019a convaincu. Je tenais \u00e0 remercier le club pour leur accueil, je n\u2019avais jamais re\u00e7u cela auparavant. Je suis pr\u00eat \u00e0 tout donner aujourd\u2019hui\u00bb, a d\u2019abord expliqu\u00e9 le Fran\u00e7ais de 22 ans, qui a reconnu que les derniers mois de sa carri\u00e8re n\u2019ont pas \u00e9t\u00e9 au top. <\/p>\n<p>            La suite apr\u00e8s cette publicit\u00e9<\/p>\n<p>        Elye Wahi a une revanche \u00e0 prendre<\/p>\n<p>\u00abLes deux derni\u00e8res saisons ont \u00e9t\u00e9 compliqu\u00e9es, je suis plus revanchard que jamais. Surtout avec <a href=\"https:\/\/www.footmercato.net\/club\/ogc-nice\/\" target=\"_blank\" rel=\"noopener\">Nice<\/a>, on se doit de remettre le club \u00e0 sa place. Le contexte ne m\u2019effraie pas, j\u2019ai connu cette situation avec Montpellier, cela ne me fait pas peur. Je veux montrer que je peux \u00eatre performant\u00bb, a ajout\u00e9 Elye Wahi, qui devrait d\u00e9j\u00e0 \u00eatre dans le groupe pour la r\u00e9ception <a href=\"https:\/\/www.footmercato.net\/live\/6466074387990483580-nice-vs-strasbourg\" target=\"_blank\" rel=\"noopener\">de Strasbourg, ce samedi (19 heures)<\/a>. \u00abElye Wahi ne d\u00e9butera pas mais il sera dans le groupe. C\u2019est bien de l\u2019avoir avec nous. J\u2019esp\u00e8re que ce sera un deal gagnant-gagnant pour nous\u00bb, avait d\u00e9j\u00e0 confirm\u00e9 Puel, plus t\u00f4t ce vendredi.<\/p>\n<p>Et le choix Wahi a logiquement \u00e9t\u00e9 valid\u00e9 par Florian Maurice et la nouvelle direction azur\u00e9enne, d\u00e9sireuse d\u2019attirer de nouveaux noms cet hiver, en plus du nouveau buteur. \u00abOn a envie de se renforcer, on voulait un joueur qui connait la <a href=\"https:\/\/www.footmercato.net\/france\/ligue-1\/\" target=\"_blank\" rel=\"noopener\">Ligue 1<\/a>. On voulait ce type de joueur. On essaiera d\u2019\u00eatre le plus performant, en d\u00e9fense centrale, au milieu, on est en r\u00e9flexion aussi pour un autre \u00e9l\u00e9ment offensif. Il faut \u00eatre performant sur ce mercato, on avance dans le bon sens\u00bb, a reconnu le directeur sportif ni\u00e7ois. Pour rappel, l\u2019OGC Nice n\u2019a plus gagn\u00e9 en Ligue 1 depuis le 29 octobre, contre Lille.<\/p>\n<p>\n    Pub. le 02\/01\/2026 18:49<br \/>\n            &#8211; MAJ le 02\/01\/2026 20:22\n    <\/p>\n","protected":false},"excerpt":{"rendered":"En difficult\u00e9 du c\u00f4t\u00e9 de l\u2019Eintracht Francfort avec un but et trois passes d\u00e9cisives en 14 matches, Elye&hellip;\n","protected":false},"author":2,"featured_media":616088,"comment_status":"","ping_status":"","sticky":false,"template":"","format":"standard","meta":{"footnotes":""},"categories":[2819],"tags":[1111,11,1777,674,1011,27,12,2401,882,25],"class_list":{"0":"post-636824","1":"post","2":"type-post","3":"status-publish","4":"format-standard","5":"has-post-thumbnail","7":"category-nice","8":"tag-actu","9":"tag-actualites","10":"tag-eu","11":"tag-europe","12":"tag-fr","13":"tag-france","14":"tag-news","15":"tag-nice","16":"tag-provence-alpes-cote-dazur","17":"tag-republique-francaise"},"share_on_mastodon":{"url":"https:\/\/pubeurope.com\/@fr\/115827167866461677","error":""},"_links":{"self":[{"href":"https:\/\/www.europesays.com\/fr\/wp-json\/wp\/v2\/posts\/636824","targetHints":{"allow":["GET"]}}],"collection":[{"href":"https:\/\/www.europesays.com\/fr\/wp-json\/wp\/v2\/posts"}],"about":[{"href":"https:\/\/www.europesays.com\/fr\/wp-json\/wp\/v2\/types\/post"}],"author":[{"embeddable":true,"href":"https:\/\/www.europesays.com\/fr\/wp-json\/wp\/v2\/users\/2"}],"replies":[{"embeddable":true,"href":"https:\/\/www.europesays.com\/fr\/wp-json\/wp\/v2\/comments?post=636824"}],"version-history":[{"count":0,"href":"https:\/\/www.europesays.com\/fr\/wp-json\/wp\/v2\/posts\/636824\/revisions"}],"wp:featuredmedia":[{"embeddable":true,"href":"https:\/\/www.europesays.com\/fr\/wp-json\/wp\/v2\/media\/616088"}],"wp:attachment":[{"href":"https:\/\/www.europesays.com\/fr\/wp-json\/wp\/v2\/media?parent=636824"}],"wp:term":[{"taxonomy":"category","embeddable":true,"href":"https:\/\/www.europesays.com\/fr\/wp-json\/wp\/v2\/categories?post=636824"},{"taxonomy":"post_tag","embeddable":true,"href":"https:\/\/www.europesays.com\/fr\/wp-json\/wp\/v2\/tags?post=636824"}],"curies":[{"name":"wp","href":"https:\/\/api.w.org\/{rel}","templated":true}]}}