{"id":636825,"date":"2026-01-02T19:32:51","date_gmt":"2026-01-02T19:32:51","guid":{"rendered":"https:\/\/www.europesays.com\/fr\/636825\/"},"modified":"2026-01-02T19:32:51","modified_gmt":"2026-01-02T19:32:51","slug":"pour-fuir-les-incendies-du-reveillon-a-nantes-des-habitants-sorganisent-pour-garer-leur","status":"publish","type":"post","link":"https:\/\/www.europesays.com\/fr\/636825\/","title":{"rendered":"Pour fuir les incendies du r\u00e9veillon \u00e0 Nantes, des habitants s\u2019organisent pour garer leur"},"content":{"rendered":"<tr wp_automatic_readability=\"3.9225806451613\">\n<td valign=\"middle\" align=\"center\" class=\"col-logo\">\n    <img decoding=\"async\" src=\"https:\/\/www.europesays.com\/fr\/wp-content\/uploads\/2025\/04\/presse-ocean.gif\" alt=\"logo Presse-Oc\u00e9an\" height=\"66\"\/><\/p>\n<\/td>\n<td class=\"col-titre\">\n\t\t\tMercredi 31 d\u00e9cembre 2025 14:10<br \/>\n\t\t\t<a class=\"icon-bulle sizeL count\" href=\"#ancreAvis\"><br \/>\n\t&#8230;<br \/>\n<\/a><\/td>\n<\/tr>\n<p>\t\t<a class=\"mavillebox2 elmt-photo\" href=\"https:\/\/maville.com\/photosmvi\/2025\/12\/31\/P35666782D7129104G.jpg\" title=\" Chaque ann\u00e9e, des voitures br\u00fblent en ce soir de r\u00e9veillon.  \u00a9  Photo archives Presse Oc\u00e9an-J.-M. Cornuaille  \" rel=\"galerie_actu noopener\" target=\"_blank\"><br \/>\n\t<img decoding=\"async\" src=\"https:\/\/www.europesays.com\/fr\/wp-content\/uploads\/2026\/01\/P35666782D7129104G_crop_640-330_.jpg\" alt=\"photo  chaque ann\u00e9e, des voitures br\u00fblent en ce soir de r\u00e9veillon.  \u00a9  photo archives presse oc\u00e9an-j.-m. cornuaille \"\/><br \/>\n\t1<br \/>\n<\/a><\/p>\n<p class=\"elmt-legende\"> Chaque ann\u00e9e, des voitures br\u00fblent en ce soir de r\u00e9veillon.  \u00a9  Photo archives Presse Oc\u00e9an-J.-M. Cornuaille  <\/p>\n<p>\t\tChaque ann\u00e9e, plusieurs dizaines de voitures br\u00fblent \u00e0 Nantes, tout particuli\u00e8rement dans les cit\u00e9s. Pour \u00e9viter de retrouver leur auto calcin\u00e9e, beaucoup d\u2019habitants essaient de les stationner loin des tours et des risques d\u2019incendies.<\/p>\n<p><b>Cet article est r\u00e9serv\u00e9 aux abonn\u00e9s<\/b><\/p>\n<p>Pour un acc\u00e8s imm\u00e9diat, abonnez-vous<\/p>\n<p><b>1\u00e8re semaine offerte<\/b><\/p>\n<p>\t\t Anne-H\u00e9l\u00e8ne Dorison \u00a0\u00a0<br \/>\n\t\tPresse-Oc\u00e9an<\/p>\n<p>Retrouvez d&rsquo;autres actus sur les communes de :<\/p>\n<p>\t\t&#13;<\/p>\n","protected":false},"excerpt":{"rendered":"Mercredi 31 d\u00e9cembre 2025 14:10 &#8230; 1 Chaque ann\u00e9e, des voitures br\u00fblent en ce soir de r\u00e9veillon. \u00a9&hellip;\n","protected":false},"author":2,"featured_media":636826,"comment_status":"","ping_status":"","sticky":false,"template":"","format":"standard","meta":{"footnotes":""},"categories":[2818],"tags":[1111,11,1777,674,1011,27,21029,31064,4021,5383,11276,766,12,64331,2636,25,69048,3272,4752],"class_list":{"0":"post-636825","1":"post","2":"type-post","3":"status-publish","4":"format-standard","5":"has-post-thumbnail","7":"category-nantes","8":"tag-actu","9":"tag-actualites","10":"tag-eu","11":"tag-europe","12":"tag-fr","13":"tag-france","14":"tag-fuir","15":"tag-garer","16":"tag-habitants","17":"tag-incendies","18":"tag-loin","19":"tag-nantes","20":"tag-news","21":"tag-organisent","22":"tag-pays-de-la-loire","23":"tag-republique-francaise","24":"tag-reveillon","25":"tag-saint-nazaire","26":"tag-voiture"},"share_on_mastodon":{"url":"https:\/\/pubeurope.com\/@fr\/115827179834741455","error":""},"_links":{"self":[{"href":"https:\/\/www.europesays.com\/fr\/wp-json\/wp\/v2\/posts\/636825","targetHints":{"allow":["GET"]}}],"collection":[{"href":"https:\/\/www.europesays.com\/fr\/wp-json\/wp\/v2\/posts"}],"about":[{"href":"https:\/\/www.europesays.com\/fr\/wp-json\/wp\/v2\/types\/post"}],"author":[{"embeddable":true,"href":"https:\/\/www.europesays.com\/fr\/wp-json\/wp\/v2\/users\/2"}],"replies":[{"embeddable":true,"href":"https:\/\/www.europesays.com\/fr\/wp-json\/wp\/v2\/comments?post=636825"}],"version-history":[{"count":0,"href":"https:\/\/www.europesays.com\/fr\/wp-json\/wp\/v2\/posts\/636825\/revisions"}],"wp:featuredmedia":[{"embeddable":true,"href":"https:\/\/www.europesays.com\/fr\/wp-json\/wp\/v2\/media\/636826"}],"wp:attachment":[{"href":"https:\/\/www.europesays.com\/fr\/wp-json\/wp\/v2\/media?parent=636825"}],"wp:term":[{"taxonomy":"category","embeddable":true,"href":"https:\/\/www.europesays.com\/fr\/wp-json\/wp\/v2\/categories?post=636825"},{"taxonomy":"post_tag","embeddable":true,"href":"https:\/\/www.europesays.com\/fr\/wp-json\/wp\/v2\/tags?post=636825"}],"curies":[{"name":"wp","href":"https:\/\/api.w.org\/{rel}","templated":true}]}}