{"id":636827,"date":"2026-01-02T19:33:20","date_gmt":"2026-01-02T19:33:20","guid":{"rendered":"https:\/\/www.europesays.com\/fr\/636827\/"},"modified":"2026-01-02T19:33:20","modified_gmt":"2026-01-02T19:33:20","slug":"des-hopitaux-francais-dont-le-chu-de-nantes-vont-accueillir-des-blesses","status":"publish","type":"post","link":"https:\/\/www.europesays.com\/fr\/636827\/","title":{"rendered":"des h\u00f4pitaux fran\u00e7ais, dont le CHU de Nantes, vont accueillir des bless\u00e9s"},"content":{"rendered":"\n<p style=\"text-align: justify;\">Pr\u00e8s de <a href=\"https:\/\/www.alouette.fr\/incendie-mortel-suisse-drame-victimes-infos\" rel=\"noopener\" target=\"_blank\">48h apr\u00e8s le drame<\/a>, la <strong>Suisse<\/strong> en manque de lit pour accueillir les grands br\u00fbl\u00e9s <strong>a fait appel \u00e0 l\u2019Union Europ\u00e9enne.<\/strong><\/p>\n<p style=\"text-align: justify;\">\u00a0<\/p>\n<p>Le CHU de Nantes va accueillir des bless\u00e9s<\/p>\n<p style=\"text-align: justify;\"><strong>La France annonce mettre 19 lits \u00e0 sa disposition<\/strong> et indique qu\u2019elle aura <strong>accueilli d\u2019ici ce vendredi soir, 11 personnes dans ses h\u00f4pitaux. <\/strong><\/p>\n<p style=\"text-align: justify;\"><strong>Parmi les h\u00f4pitaux fran\u00e7ais, Lyon, Metz,<\/strong> des h\u00f4pitaux de <strong>r\u00e9gion parisienne <\/strong>mais aussi, <strong>le CHU de Nantes.<\/strong> C\u2019est le ministre des Affaires \u00e9trang\u00e8res Jean-No\u00ebl Barrot qui l\u2019a annonc\u00e9 ce vendredi sur son r\u00e9seau social X.<\/p>\n<p style=\"text-align: justify;\">Sur les 119 bless\u00e9s, <strong>113 ont pu \u00eatre \u00ab\u00a0formellement\u00a0\u00bb identifi\u00e9s<\/strong> selon le chef de la police cantonale, lors d\u2019une conf\u00e9rence de presse.<\/p>\n<p> 14 Fran\u00e7ais bless\u00e9s et 8 Fran\u00e7ais toujours pas localis\u00e9s<\/p>\n<p style=\"text-align: justify;\">Parmi ces 119 bless\u00e9s, <strong>14 sont Fran\u00e7ais.<\/strong> Il y a aussi 71 Suisses ou encore 11 Italiens. <strong>8 Fran\u00e7ais n\u2019ont toujours pas \u00e9t\u00e9 localis\u00e9s. <\/strong><\/p>\n<p style=\"text-align: justify;\"><strong>Pour les personnes toujours \u00e0 la recherche d\u2019information concernant un proche sur place, <\/strong>elles peuvent joindre <strong>les \u00e9quipes du Centre de crise et de soutien du minist\u00e8re des Affaires \u00e9trang\u00e8res sont joignables au 01 53 59 11 10<\/strong> pr\u00e9cise encore le ministre des Affaires \u00e9trang\u00e8res.<\/p>\n<p style=\"text-align: justify;\">\u00a0<\/p>\n<p>Le feu est parti de bougies-\u00e9tincelles<\/p>\n<p style=\"text-align: justify;\">Une <strong>enqu\u00eate <\/strong>est <strong>ouverte pour \u00e9claircir les circonstances du drame <\/strong>tandis que <strong>l\u2019origine du sinistre ne semble plus faire de doute. <\/strong><\/p>\n<p style=\"text-align: justify;\">Au vu des premiers \u00e9l\u00e9ments de l&rsquo;enqu\u00eate, <strong>\u00ab\u00a0tout laisse \u00e0 penser que le feu est parti des bougies incandescentes (&#8230;) qui ont \u00e9t\u00e9 mises sur les bouteilles de champagne\u00a0\u00bb<\/strong>, a annonc\u00e9 la procureure g\u00e9n\u00e9rale du canton du Valais. \u00ab\u00a0C&rsquo;est une <strong>hypoth\u00e8se qui est privil\u00e9gi\u00e9e et qui tend \u00e0 se confirmer<\/strong>\u00ab\u00a0, a-t-elle ajout\u00e9.<\/p>\n<p style=\"text-align: justify;\"><strong>Les deux propri\u00e9taires du bar, un couple de Fran\u00e7ais, ont \u00e9t\u00e9 entendus \u00ab\u00a0\u00e0 titre de personnes appel\u00e9es \u00e0 donner des renseignements\u00a0\u00bb<\/strong> et qu&rsquo;<strong>aucune responsabilit\u00e9 n&rsquo;avait \u00e9t\u00e9 \u00e9tablie \u00e0 <\/strong>ce stade pr\u00e9cise encore la procureure.<\/p>\n","protected":false},"excerpt":{"rendered":"Pr\u00e8s de 48h apr\u00e8s le drame, la Suisse en manque de lit pour accueillir les grands br\u00fbl\u00e9s a&hellip;\n","protected":false},"author":2,"featured_media":636828,"comment_status":"","ping_status":"","sticky":false,"template":"","format":"standard","meta":{"footnotes":""},"categories":[2818],"tags":[1111,11,9732,4901,54170,37851,43885,3983,74407,1777,674,1011,3844,27,74406,1310,766,12,21491,2636,25,67008,3067],"class_list":{"0":"post-636827","1":"post","2":"type-post","3":"status-publish","4":"format-standard","5":"has-post-thumbnail","7":"category-nantes","8":"tag-actu","9":"tag-actualites","10":"tag-bar","11":"tag-blesses","12":"tag-bougies","13":"tag-chu-nantes","14":"tag-crans-montana","15":"tag-deces","16":"tag-etincelles","17":"tag-eu","18":"tag-europe","19":"tag-fr","20":"tag-francais","21":"tag-france","22":"tag-hopitaux-francais","23":"tag-incendie","24":"tag-nantes","25":"tag-news","26":"tag-origine","27":"tag-pays-de-la-loire","28":"tag-republique-francaise","29":"tag-station-de-ski","30":"tag-suisse"},"share_on_mastodon":{"url":"https:\/\/pubeurope.com\/@fr\/115827179940964199","error":""},"_links":{"self":[{"href":"https:\/\/www.europesays.com\/fr\/wp-json\/wp\/v2\/posts\/636827","targetHints":{"allow":["GET"]}}],"collection":[{"href":"https:\/\/www.europesays.com\/fr\/wp-json\/wp\/v2\/posts"}],"about":[{"href":"https:\/\/www.europesays.com\/fr\/wp-json\/wp\/v2\/types\/post"}],"author":[{"embeddable":true,"href":"https:\/\/www.europesays.com\/fr\/wp-json\/wp\/v2\/users\/2"}],"replies":[{"embeddable":true,"href":"https:\/\/www.europesays.com\/fr\/wp-json\/wp\/v2\/comments?post=636827"}],"version-history":[{"count":0,"href":"https:\/\/www.europesays.com\/fr\/wp-json\/wp\/v2\/posts\/636827\/revisions"}],"wp:featuredmedia":[{"embeddable":true,"href":"https:\/\/www.europesays.com\/fr\/wp-json\/wp\/v2\/media\/636828"}],"wp:attachment":[{"href":"https:\/\/www.europesays.com\/fr\/wp-json\/wp\/v2\/media?parent=636827"}],"wp:term":[{"taxonomy":"category","embeddable":true,"href":"https:\/\/www.europesays.com\/fr\/wp-json\/wp\/v2\/categories?post=636827"},{"taxonomy":"post_tag","embeddable":true,"href":"https:\/\/www.europesays.com\/fr\/wp-json\/wp\/v2\/tags?post=636827"}],"curies":[{"name":"wp","href":"https:\/\/api.w.org\/{rel}","templated":true}]}}