{"id":636833,"date":"2026-01-02T19:36:15","date_gmt":"2026-01-02T19:36:15","guid":{"rendered":"https:\/\/www.europesays.com\/fr\/636833\/"},"modified":"2026-01-02T19:36:15","modified_gmt":"2026-01-02T19:36:15","slug":"deux-marques-toulousaines-sassocient-pour-creer-un-t-shirt-tendance-responsable-et-authentique","status":"publish","type":"post","link":"https:\/\/www.europesays.com\/fr\/636833\/","title":{"rendered":"Deux marques toulousaines s\u2019associent pour cr\u00e9er un t-shirt tendance, responsable et authentique"},"content":{"rendered":"<p>C\u2019est une collaboration qui sent bon l\u2019ultra\u00a0local\u00a0! Le m\u00e9dia Oh l\u00e0 l\u00e0 Toulouse s\u2019associe \u00e0 Maison Carrillo, fabricant toulousain de v\u00eatements, pour donner naissance \u00e0 <strong>un t-shirt pens\u00e9, confectionn\u00e9 et brod\u00e9 dans la Ville rose<\/strong>. Un v\u00eatement en coton bio tr\u00e8s\u00a0simple en apparence, mais porteur de valeurs fortes et d\u00e9fini comme une valeur s\u00fbre.<\/p>\n<p>\u00a0<\/p>\n<p>Le jour o\u00f9\u2026<\/p>\n<p>\u00ab\u00a0Cela faisait longtemps que je voulais cr\u00e9er un v\u00eatement qui arbore fi\u00e8rement notre oie blanche, l\u2019embl\u00e8me d\u2019Oh l\u00e0 l\u00e0 Toulouse\u00a0\u00bb, confie Laurent Moussinac, cr\u00e9ateur du m\u00e9dia qui raconte l\u2019histoire de Toulouse depuis 2024. \u00ab\u00a0Mais produire du merchandising fabriqu\u00e9 \u00e0 l\u2019autre bout du monde, dans des conditions discutables, n\u2019avait aucun sens pour moi.\u00a0\u00bb<\/p>\n<p>Sauf que\u2026 <strong>tout a chang\u00e9\u00a0le jour o\u00f9 il a rencontr\u00e9 \u00c9va et Adrien<\/strong>, fondateurs de Maison Carrillo et sp\u00e9cialistes dans\u00a0la confection de v\u00eatements made in Toulouse. Ensemble, ils ont donc imagin\u00e9 une pi\u00e8ce unique, responsable et locale, reflet d\u2019un savoir-faire authentique.<\/p>\n<p>\u00a0<\/p>\n<p>Une oie toulousaine brod\u00e9e sur une pi\u00e8ce\u00a0intemporelle<\/p>\n<p>Pour <strong>cette collaboration in\u00e9dite<\/strong>, le choix s\u2019est donc port\u00e9 sur un t-shirt blanc, <strong>intemporel\u00a0et facile \u00e0 adopter par toutes les g\u00e9n\u00e9rations<\/strong>. \u00ab\u00a0On voulait un v\u00eatement qui traverse les modes et qui puisse parler au plus grand nombre de Toulousains\u00a0\u00bb, explique Laurent Moussinac.<\/p>\n<p>Sur la poitrine, <strong>une broderie discr\u00e8te<\/strong>\u00a0: l\u2019oie embl\u00e9matique d\u2019Oh l\u00e0 l\u00e0 Toulouse. \u00ab\u00a0On l\u2019a personnalis\u00e9 avec <strong>une discr\u00e8te broderie sur la poitrine<\/strong>, la fameuse oie, et une \u00e9tiquette contre-piqu\u00e9e en rose\u00a0\u00bb, souligne-t-il, le rose rappelant la couleur de sa direction artistique.<\/p>\n<blockquote>\n<p>&gt;\u00a0<strong><a href=\"https:\/\/www.maison-carrillo.com\/produit\/t-shirt-ohlala-toulouse\/\" target=\"_self\" rel=\"noopener\">Commander le t-shirt en ligne<\/a><\/strong>\u00a0ou l\u2019acheter directement en boutique, au 20 rue Sainte-Ursule<\/p>\n<\/blockquote>\n<blockquote data-instgrm-permalink=\"https:\/\/www.instagram.com\/reel\/DSSry39jQBk\/?utm_source=ig_embed&amp;utm_campaign=loading\" data-instgrm-version=\"14\" data-class=\"instagram-media\">\n<\/blockquote>\n<p>\u00a0<\/p>\n<p>Derri\u00e8re ce t-shirt basic, une r\u00e9alit\u00e9 qui fait r\u00e9fl\u00e9chir<\/p>\n<p>Travailler avec Maison Carrillo, c\u2019est aussi ouvrir les yeux sur les r\u00e9alit\u00e9s du secteur textile. \u00ab\u00a0Quand \u00c9va et Adrien m\u2019ont appris que seuls 3,3\u00a0% des v\u00eatements consomm\u00e9s en France sont fabriqu\u00e9s en France, j\u2019ai \u00e9t\u00e9 franchement sonn\u00e9\u00a0\u00bb, reconna\u00eet l\u2019homme aux 65\u00a0000 followers sur Instagram.<\/p>\n<blockquote>\n<p>\u00ab\u00a0Avec ce t-shirt, on voulait prouver qu\u2019un autre choix est possible\u00a0: un produit fait par des Toulousains, pour les Toulousains.\u00a0\u00bb<\/p>\n<\/blockquote>\n<p>La mati\u00e8re premi\u00e8re est choisie avec <strong>la m\u00eame exigence<\/strong>\u00a0: coton biologique cultiv\u00e9 en Turquie, sous le label GOTS, et tiss\u00e9 dans les Hauts-de-France. Le dessin, la coupe, l\u2019assemblage et la broderie <strong>sont en revanche r\u00e9alis\u00e9s \u00e0 Lab\u00e8ge par Morgane<\/strong>, couturi\u00e8re chez Maison Carrillo. \u00ab\u00a0Chaque \u00e9tape a un visage, un pr\u00e9nom, une main\u00a0\u00bb, r\u00e9sume \u00c9va.<\/p>\n<p>Et Adrien d\u2019expliquer\u00a0: \u00ab\u00a0Produire ici, c\u2019est un engagement quotidien, mais aussi une \u00e9vidence. On s\u2019inscrit dans une histoire textile toulousaine qu\u2019on a trop longtemps oubli\u00e9e\u00a0\u00bb. Car, on l\u2019a peut-\u00eatre totalement\u00a0oubli\u00e9 (ou ni su, ni connu), mais Toulouse a poss\u00e9d\u00e9, jusque dans les ann\u00e9es 70, une puissante industrie du v\u00eatement confectionn\u00e9.<\/p>\n<p>        <img decoding=\"async\" class=\"std-img__img responsive-img\" src=\"https:\/\/www.europesays.com\/fr\/wp-content\/uploads\/2026\/01\/1767382573_831_image.jpg\" alt=\"L\u2019oie d\u00e9licatement brod\u00e9e sur la poitrine\"\/><\/p>\n<p>                L\u2019oie d\u00e9licatement brod\u00e9e sur la poitrine<br \/>\n                                    \u00a9 Alicia Fuenmayor Cardozo<\/p>\n<p>\u00a0<\/p>\n<p>Un t-shirt responsable, mais \u00e0 quel prix\u00a0?<\/p>\n<p>\u00c0 49\u00a0\u20ac,<strong> le prix du t-shirt interroge<\/strong>, mais\u00a0c\u2019est surtout \u00ab\u00a0le prix d\u2019un t-shirt responsable, d\u2019excellente qualit\u00e9, que vous porterez durant de nombreuses ann\u00e9es\u00a0\u00bb, donc loin de la fast et ultra-fashion.<\/p>\n<p>Derri\u00e8re ce prix, il y a effectivement <strong>une r\u00e9mun\u00e9ration juste de toutes les personnes impliqu\u00e9es<\/strong>, une qualit\u00e9 pens\u00e9e pour durer, et <strong>un mod\u00e8le \u00e9conomique transparent<\/strong>. \u00ab\u00a0On ach\u00e8te en moyenne 42 v\u00eatements neufs par an en France. Peut-\u00eatre que le vrai luxe, aujourd\u2019hui, c\u2019est d\u2019en acheter moins, mais mieux\u00a0\u00bb, conclut-il.<\/p>\n<p>        <img decoding=\"async\" class=\"std-img__img responsive-img\" src=\"https:\/\/www.europesays.com\/fr\/wp-content\/uploads\/2026\/01\/1767382575_530_image.png\" alt=\"Dans les ateliers de conception \u00e0 Lab\u00e8ge\"\/><\/p>\n<p>                Dans les ateliers de conception \u00e0 Lab\u00e8ge<br \/>\n                                    \u00a9 Oh l\u00e0 l\u00e0 Toulouse<\/p>\n<p data-is-last-node=\"\" data-is-only-node=\"\">Habitu\u00e9 \u00e0 conter Toulouse, Laurent Moussinac compte, cette fois-ci, raconter une v\u00e9ritable histoire, non pas \u00e0 travers le patrimoine local de la capitale Occitane, mais \u00e0 travers <strong>un t-shirt iconique<\/strong>.<\/p>\n<blockquote>\n<p data-is-last-node=\"\" data-is-only-node=\"\">&gt;\u00a0\u00c0 lire aussi\u00a0: <strong><a href=\"https:\/\/www.toulouscope.fr\/2025\/10\/28\/oh-la-la-toulouse-rencontre-avec-ce-createur-de-contenus-qui-devoile-les-mysteres-de-la-ville-rose-12848578.php\" target=\"_self\" rel=\"noopener\">Oh l\u00e0 l\u00e0 Toulouse\u00a0: rencontre avec ce cr\u00e9ateur de contenus qui d\u00e9voile les myst\u00e8res de la Ville Rose<\/a><\/strong><\/p>\n<\/blockquote>\n<p>\n            Lieu :<br \/>\n            Maison Carillo\n        <\/p>\n<p>\n            Adresse :<br \/>\n            20 rue Sainte-Ursule, 31000 Toulouse\n        <\/p>\n<p>\n            Tarif :<br \/>\n            49 \u20ac\n        <\/p>\n<p>                                                                                    <script async src=\"\/\/www.instagram.com\/embed.js\"><\/script><\/p>\n","protected":false},"excerpt":{"rendered":"C\u2019est une collaboration qui sent bon l\u2019ultra\u00a0local\u00a0! Le m\u00e9dia Oh l\u00e0 l\u00e0 Toulouse s\u2019associe \u00e0 Maison Carrillo, fabricant&hellip;\n","protected":false},"author":2,"featured_media":636834,"comment_status":"","ping_status":"","sticky":false,"template":"","format":"standard","meta":{"footnotes":""},"categories":[2816],"tags":[1111,11,7400,1777,674,1011,27,12,2680,25,2312],"class_list":{"0":"post-636833","1":"post","2":"type-post","3":"status-publish","4":"format-standard","5":"has-post-thumbnail","7":"category-toulouse","8":"tag-actu","9":"tag-actualites","10":"tag-bonnes-adresses","11":"tag-eu","12":"tag-europe","13":"tag-fr","14":"tag-france","15":"tag-news","16":"tag-occitanie","17":"tag-republique-francaise","18":"tag-toulouse"},"share_on_mastodon":{"url":"https:\/\/pubeurope.com\/@fr\/115827191662608378","error":""},"_links":{"self":[{"href":"https:\/\/www.europesays.com\/fr\/wp-json\/wp\/v2\/posts\/636833","targetHints":{"allow":["GET"]}}],"collection":[{"href":"https:\/\/www.europesays.com\/fr\/wp-json\/wp\/v2\/posts"}],"about":[{"href":"https:\/\/www.europesays.com\/fr\/wp-json\/wp\/v2\/types\/post"}],"author":[{"embeddable":true,"href":"https:\/\/www.europesays.com\/fr\/wp-json\/wp\/v2\/users\/2"}],"replies":[{"embeddable":true,"href":"https:\/\/www.europesays.com\/fr\/wp-json\/wp\/v2\/comments?post=636833"}],"version-history":[{"count":0,"href":"https:\/\/www.europesays.com\/fr\/wp-json\/wp\/v2\/posts\/636833\/revisions"}],"wp:featuredmedia":[{"embeddable":true,"href":"https:\/\/www.europesays.com\/fr\/wp-json\/wp\/v2\/media\/636834"}],"wp:attachment":[{"href":"https:\/\/www.europesays.com\/fr\/wp-json\/wp\/v2\/media?parent=636833"}],"wp:term":[{"taxonomy":"category","embeddable":true,"href":"https:\/\/www.europesays.com\/fr\/wp-json\/wp\/v2\/categories?post=636833"},{"taxonomy":"post_tag","embeddable":true,"href":"https:\/\/www.europesays.com\/fr\/wp-json\/wp\/v2\/tags?post=636833"}],"curies":[{"name":"wp","href":"https:\/\/api.w.org\/{rel}","templated":true}]}}