{"id":636837,"date":"2026-01-02T19:38:29","date_gmt":"2026-01-02T19:38:29","guid":{"rendered":"https:\/\/www.europesays.com\/fr\/636837\/"},"modified":"2026-01-02T19:38:29","modified_gmt":"2026-01-02T19:38:29","slug":"9-concerts-voire-plus-en-janvier-2026-a-ne-surtout-pas-manquer","status":"publish","type":"post","link":"https:\/\/www.europesays.com\/fr\/636837\/","title":{"rendered":"9 concerts voire plus, en janvier 2026 \u00e0 ne surtout pas manquer !"},"content":{"rendered":"<p><strong>Concerts de janvier 2026 \u2013 Bye bye 2025, salut 2026 ! \ud83d\udcab\u2728\ud83c\udf1f\u00a0Votre r\u00e9dac\u2019 pr\u00e9f\u2019 vous souhaite une douce et chaleureuse ann\u00e9e, emplie de concerts et de bons \u2018live\u2019 \u00e0 Lille et dans sa jolie m\u00e9tropole \u26a1\ufe0f Et quoi d\u2019beau d\u2019ailleurs pour ouvrir joyeusement l\u2019ann\u00e9e nouvelle ? Nous vous aidons \u00e0 y voir plus clair avec notre s\u00e9lection\u2026 loin d\u2019\u00eatre exhaustive. Bonne d\u00e9couverte, les aficionados ! \ud83d\udd25<\/strong><\/p>\n<p>PS : si la vid\u00e9o n\u2019offre pas d\u2019aper\u00e7u, clique dessus \ud83d\ude09<\/p>\n<p><img fetchpriority=\"high\" decoding=\"async\" class=\"size-medium wp-image-35939 pk-lazyload\" src=\"data:image\/png;base64,iVBORw0KGgoAAAANSUhEUgAAAyAAAAIVAQMAAAATfgmBAAAAA1BMVEUAAP+KeNJXAAAAAXRSTlMAQObYZgAAAAlwSFlzAAAOxAAADsQBlSsOGwAAAEtJREFUeNrtwQENAAAAwqD3T20ON6AAAAAAAAAAAAAAAAAAAAAAAAAAAAAAAAAAAAAAAAAAAAAAAAAAAAAAAAAAAAAAAAAAAAAATgzSSQABp\/elWgAAAABJRU5ErkJggg==\" alt=\"\" width=\"800\" height=\"533\" data-pk- data-ls- data-pk-src=\"https:\/\/www.europesays.com\/fr\/wp-content\/uploads\/2026\/01\/nainoa-shizuru-NcdG9mK3PBY-unsplash2121-800x533.jpg\" data-pk-\/>cr\u00e9dit : Nainoa Shizuru_Unsplash<\/p>\n<p>Il \u00e9tait une fois\u2026 Ennio Morricone &amp; Nino Rota (concert symphonique)<br \/>Le 4 janvier 2026 au Th\u00e9\u00e2tre S\u00e9bastopol<\/p>\n<p><strong>Les musiques des films \u00ab\u00a0Le Parrain\u00a0\u00bb, \u00ab\u00a0La Piovra\u00a0\u00bb, \u00ab\u00a0Le Bon, la Brute et le Truand\u00a0\u00bb, \u00ab\u00a0Le Professionnel\u00a0\u00bb, \u00ab\u00a0Il \u00e9tait une fois en Am\u00e9rique\u00a0\u00bb\u2026<\/strong> Red\u00e9couvrez ces \u0153uvres mythiques de l\u2019histoire du cin\u00e9ma italien, interpr\u00e9t\u00e9es par les solistes originaux d\u2019Ennio Morricone, accompagn\u00e9s par un Orchestre symphonique.<\/p>\n<p><img loading=\"lazy\" decoding=\"async\" class=\"alignnone wp-image-35915 pk-lazyload\" src=\"data:image\/png;base64,iVBORw0KGgoAAAANSUhEUgAAAAEAAAABAQMAAAAl21bKAAAAA1BMVEUAAP+KeNJXAAAAAXRSTlMAQObYZgAAAAlwSFlzAAAOxAAADsQBlSsOGwAAAApJREFUCNdjYAAAAAIAAeIhvDMAAAAASUVORK5CYII=\" alt=\"\" width=\"600\" height=\"600\" data-pk- data-ls- data-pk-src=\"https:\/\/www.europesays.com\/fr\/wp-content\/uploads\/2026\/01\/Ennio-800x800.jpg\" data-pk-\/><\/p>\n<p>Harry Potter et l\u2019ordre du Ph\u00e9nix (cin\u00e9-concert)<br \/>Les 8 et 9 janvier 2026 au Z\u00e9nith de Lille<\/p>\n<p><strong>Plongez dans l\u2019univers magique d\u2019Harry Potter, lors du cin\u00e9-concert exceptionnel d\u00e9di\u00e9 au cinqui\u00e8me Opus : Harry Potter et l\u2019Ordre du Ph\u00e9nix\u2122.<\/strong> Avec plus de 70 musiciens sur sc\u00e8ne, le Yellow Socks Orchestra interpr\u00e9tera en live l\u2019inoubliable musique de Nicholas Hooper pendant la projection du film (VOSTFR) sur \u00e9cran g\u00e9ant, en parfaite synchronisation avec les images du film.<\/p>\n<p><img loading=\"lazy\" decoding=\"async\" class=\"alignnone wp-image-35913 size-medium pk-lazyload\" src=\"data:image\/png;base64,iVBORw0KGgoAAAANSUhEUgAAAyAAAAIVAQMAAAATfgmBAAAAA1BMVEUAAP+KeNJXAAAAAXRSTlMAQObYZgAAAAlwSFlzAAAOxAAADsQBlSsOGwAAAEtJREFUeNrtwQENAAAAwqD3T20ON6AAAAAAAAAAAAAAAAAAAAAAAAAAAAAAAAAAAAAAAAAAAAAAAAAAAAAAAAAAAAAAAAAAAAAATgzSSQABp\/elWgAAAABJRU5ErkJggg==\" alt=\"\" width=\"800\" height=\"533\" data-pk- data-ls- data-pk-src=\"https:\/\/www.europesays.com\/fr\/wp-content\/uploads\/2026\/01\/Harry-800x533.jpg\" data-pk-\/><\/p>\n<p>Les iNOU\u00efS 2026 du Printemps de Bourges Cr\u00e9dit Mutuel<br \/>Le 15 janvier 2026 au Grand Mix <\/p>\n<p><strong><br \/>Les voici, les artistes qui s\u2019appr\u00eatent \u00e0 franchir la prochaine phase de s\u00e9lections des iNOU\u00efS 2026 : les Concerts Auditions R\u00e9gionales.<\/strong> Une \u00e9tape cruciale pour tenter d\u2019int\u00e9grer l\u2019affiche des la cinquanti\u00e8me \u00e9dition du Printemps de Bourges Cr\u00e9dit Mutuel. Venez d\u00e9couvrir sur la sc\u00e8ne tourquennoise, des groupes et des artistes \u00e9mergents \u2018made in\u2019 Hauts-de-France ! Entr\u00e9e libre sur r\u00e9servation <a href=\"https:\/\/billetterie.seetickets.fr\/les-inouis-du-printemps-de-bourges-credit-mutuel-concert-le-grand-mix-tourcoing-15-janvier-2026-css5-lesinouisduprintempsdebourges-pg101-ri11450547.html\" target=\"_blank\" rel=\"noopener\">ICI<\/a><br \/><strong><br \/>Avec <\/strong><strong>Jeannette &amp; MAJ (pop), EKKE (\u00e9lectro), N\u00dbR (pop) et Adahy (chanson)<\/strong><\/p>\n<\/p>\n<p>Mesparrow (folk) \u2013 We Loft Music #6 : les sessions<br \/>Le 16 janvier 2026 \u00e0 l\u2019EPICC \u2013 Site Roussel (Roubaix)<\/p>\n<p><strong><br \/>Youpi, le festival \u2018made in\u2019 Roubaix revient du 4 au 8 f\u00e9vrier 2026 pour tous les amoureux\u2022euses de d\u00e9couvertes musicales et patrimoniales ! En attendant, invitez-vous aux Sessions : comprendre les \u00ab\u00a0befores\u00a0\u00bb du festival. <\/strong>Au programme, l\u2019hypersensibilit\u00e9 de Mesparrow qui se produira dans un format intimiste, sans sc\u00e8ne, \u00e0 l\u2019EPICC \u2013 Ecole de Production Industrielle de Couture et Confection. A retrouver aussi : <strong>Elise Bourn<\/strong> le 23 janvier (concert en loft) et <strong>Kalupto<\/strong> (ARA Roubaix).<\/p>\n<\/p>\n<p>Bass Drum of Death + Alzam\u00fcn (punk rock)<br \/>Le 20 janvier 2026 au Grand Mix<\/p>\n<p><strong><br \/>Bass Drum of Death revient \u00e0 l\u2019essentiel. Du titre \u00e9pur\u00e9 de leur sixi\u00e8me album \u00e0 leur mani\u00e8re de composer, le processus cr\u00e9atif de ce groupe originaire du Mississippi rappelle de fa\u00e7on frappante les d\u00e9buts de leur carri\u00e8re. <\/strong>Une d\u00e9charge \u00e9lectrique de garage punk visc\u00e9ral m\u00ealant des influences allant des Stooges \u00e0 ZZ Top. Premi\u00e8re partie : <strong>Alzam\u00fcn<\/strong> (rock psych\u00e9 \u2013 Lille)<\/p>\n<\/p>\n<p>Oxmo Puccino (hip-hop)<br \/>Le 21 janvier 2026 \u00e0 l\u2019A\u00e9ronef<\/p>\n<p>\u00a0<\/p>\n<p class=\"node-embed-title uppercase text-4xl lg:text-6xl font-light \"><strong>\u00ab Depuis 2019 et la sortie de son septi\u00e8me album, \u00ab La Nuit du r\u00e9veil \u00bb, Oxmo Puccino s\u2019\u00e9tait \u00e9loign\u00e9 du micro et de la musique. 2025 marque un retour aux sources des choses : le rap, pur et fier. Celui qui l\u2019a port\u00e9 maintes fois aux nues depuis Op\u00e9ra Puccino. <\/strong>Apr\u00e8s la sortie de sa mixtape \u00ab LAFIYA SESSIONS \u00bb, marquant sa proximit\u00e9 avec une toute nouvelle g\u00e9n\u00e9ration d\u2019artistes comme Dinos, Luidji , NeS ou encore Jok\u2019air,\u00a0 le Black Barry White sera en tourn\u00e9e dans toute la France pour c\u00e9l\u00e9brer les retrouvailles avec son public, annonciateur d\u2019un ultime album en forme d\u2019h\u00e9ritage pour un dernier au-revoir \u00e0 un public et \u00e0 un mouvement avec qui il a tant partag\u00e9 \u00bb. Un concert d\u2019A Gauche de la Lune.<\/p>\n<\/p>\n<p>\u00a0<\/p>\n<p><strong>Il y a plus d\u2019un an, l\u2019A\u00e9ro invitait le 9-9bis \u00e0 investir sa grande salle le temps d\u2019une soir\u00e9e. Ces derniers s\u2019appr\u00eatent d\u00e9sormais \u00e0 accueillir la team lilloise \u00e0 l\u2019occasion d\u2019un ult\u00e9rieur \u00ab match-retour \u00bb musical \u00e0 Oignies. Tel est le principe des soir\u00e9es \u00ab Chez Ti \/ Chez Mi \u00bb initi\u00e9es en 2009.<\/strong> Au programme : <strong>H-BURNS<\/strong> accompagn\u00e9 du multi-instrumentiste et arrangeur Antoine Pinet, ainsi que de femmes virtuoses r\u00e9unies dans le Stranger Quartet, et <strong>Short Ideas<\/strong>, form\u00e9 des jumeaux Tom et L\u00e9o \u00e0 d\u00e9couvrir express\u00e9ment.<\/p>\n<\/p>\n<p>Yolande Bashing (chanson pop \u00e9lectro)<br \/>+ Jasmine not Jafar + Marie Klock + Leo Hardt<br \/>Le 24 janvier 2026 \u00e0 l\u2019A\u00e9ronef<\/p>\n<p>\u00a0<\/p>\n<p class=\"mb-0 text-4xl lg:text-5xl xl:text-7xl leading-none lg:leading-none xl:leading-none \"><strong>L\u2019A\u00e9ronef, c\u2019est comme chez Yolande Bashing (mais en plus grand et avec plus de monde). Rendez-vous le 24 janvier pour une f\u00eate pas triste. L\u2019occasion de d\u00e9couvrir les nouveaux airs de Yolande Bashing. <\/strong>Sept ans jour pour jour apr\u00e8s son premier concert \u00e0 L\u2019A\u00e9ro, il r\u00e9unit ce soir-l\u00e0 quelques amis pas sages : <strong>Jasmine Not Jafar<\/strong> (techno live), <strong>Marie Clock<\/strong> (chanson) et <strong>L\u00e9o Hardt<\/strong> (stand up).<\/p>\n<\/p>\n<p>Bekar (rap)<br \/>Le 24 janvier 2026 au Z\u00e9nith de Lille<\/p>\n<p>\u00a0<\/p>\n<p><strong>\u00c0 25 ans, Bekar, rappeur originaire de Roubaix, livre \u00ab\u00a0Plus fort que l\u2019orage\u00a0\u00bb, un premier album intime et sinc\u00e8re, o\u00f9 l\u2019enfant du pays raconte le quotidien doux-amer dans lequel il navigue depuis 25 ans.<\/strong> En quelques ann\u00e9es seulement, il a r\u00e9ussi \u00e0 conqu\u00e9rir un public fid\u00e8le et rassemble aujourd\u2019hui une communaut\u00e9 de 1.5M de fans. Un succ\u00e8s incontestable : un demi-milliard de streams et des disques d\u2019or.<\/p>\n<\/p>\n<p>\ud83c\udf9f\ufe0f <strong>Billetterie\u00a0<\/strong><br \/><a href=\"https:\/\/aeronef.fr\/\" target=\"_blank\" rel=\"noopener\">L\u2019A\u00e9ronef<\/a><br \/><a href=\"https:\/\/legrandmix.com\/fr\" target=\"_blank\" rel=\"noopener\">Le Grand Mix<\/a><br \/><a href=\"https:\/\/www.zenithdelille.com\/\" target=\"_blank\" rel=\"noopener\">Le Z\u00e9nith de Lille<\/a><br \/><a href=\"https:\/\/theatre-sebastopol.fr\/\" target=\"_blank\" rel=\"noopener\">Th\u00e9\u00e2tre S\u00e9bastopol<\/a><br \/><a href=\"https:\/\/caveauxpoetes.com\/\" target=\"_blank\" rel=\"noopener\">La Cave aux po\u00e8tes<\/a><\/p>\n","protected":false},"excerpt":{"rendered":"Concerts de janvier 2026 \u2013 Bye bye 2025, salut 2026 ! \ud83d\udcab\u2728\ud83c\udf1f\u00a0Votre r\u00e9dac\u2019 pr\u00e9f\u2019 vous souhaite une douce&hellip;\n","protected":false},"author":2,"featured_media":636838,"comment_status":"","ping_status":"","sticky":false,"template":"","format":"standard","meta":{"footnotes":""},"categories":[2815],"tags":[1111,11,1777,674,1011,27,811,1307,12,25],"class_list":{"0":"post-636837","1":"post","2":"type-post","3":"status-publish","4":"format-standard","5":"has-post-thumbnail","7":"category-lille","8":"tag-actu","9":"tag-actualites","10":"tag-eu","11":"tag-europe","12":"tag-fr","13":"tag-france","14":"tag-hauts-de-france","15":"tag-lille","16":"tag-news","17":"tag-republique-francaise"},"share_on_mastodon":{"url":"https:\/\/pubeurope.com\/@fr\/115827199466869761","error":""},"_links":{"self":[{"href":"https:\/\/www.europesays.com\/fr\/wp-json\/wp\/v2\/posts\/636837","targetHints":{"allow":["GET"]}}],"collection":[{"href":"https:\/\/www.europesays.com\/fr\/wp-json\/wp\/v2\/posts"}],"about":[{"href":"https:\/\/www.europesays.com\/fr\/wp-json\/wp\/v2\/types\/post"}],"author":[{"embeddable":true,"href":"https:\/\/www.europesays.com\/fr\/wp-json\/wp\/v2\/users\/2"}],"replies":[{"embeddable":true,"href":"https:\/\/www.europesays.com\/fr\/wp-json\/wp\/v2\/comments?post=636837"}],"version-history":[{"count":0,"href":"https:\/\/www.europesays.com\/fr\/wp-json\/wp\/v2\/posts\/636837\/revisions"}],"wp:featuredmedia":[{"embeddable":true,"href":"https:\/\/www.europesays.com\/fr\/wp-json\/wp\/v2\/media\/636838"}],"wp:attachment":[{"href":"https:\/\/www.europesays.com\/fr\/wp-json\/wp\/v2\/media?parent=636837"}],"wp:term":[{"taxonomy":"category","embeddable":true,"href":"https:\/\/www.europesays.com\/fr\/wp-json\/wp\/v2\/categories?post=636837"},{"taxonomy":"post_tag","embeddable":true,"href":"https:\/\/www.europesays.com\/fr\/wp-json\/wp\/v2\/tags?post=636837"}],"curies":[{"name":"wp","href":"https:\/\/api.w.org\/{rel}","templated":true}]}}