{"id":636839,"date":"2026-01-02T19:39:15","date_gmt":"2026-01-02T19:39:15","guid":{"rendered":"https:\/\/www.europesays.com\/fr\/636839\/"},"modified":"2026-01-02T19:39:15","modified_gmt":"2026-01-02T19:39:15","slug":"ils-detroussent-les-voyageurs-dun-ter-lille-courtrai-des-voleurs-trahis-par-la-geolocalisation","status":"publish","type":"post","link":"https:\/\/www.europesays.com\/fr\/636839\/","title":{"rendered":"Ils d\u00e9troussent les voyageurs d&rsquo;un TER Lille Courtrai\u00a0: des voleurs trahis par la g\u00e9olocalisation"},"content":{"rendered":"<p>Deux malfaiteurs ont d\u00e9rob\u00e9 les bagages de voyageurs n\u00e9erlandais dans un TER le 31 d\u00e9cembre. Mais ils ont \u00e9t\u00e9 trahis par le syst\u00e8me de g\u00e9olocalisation du mat\u00e9riel qu&rsquo;ils avaient vol\u00e9.<\/p>\n<p>Ouvrez l&rsquo;oeil quand vous voyagez en TER\u00a0! Les policiers du Nord lancent un appel \u00e0 la vigilance, en raison d&rsquo;une recrudescence de vols de bagages sur plusieurs lignes r\u00e9gionales. Dernier exemple en date, le 31 d\u00e9cembre, \u00e0 bord d&rsquo;un train Lille Tournai.<br \/>Deux touristes n\u00e9erlandais ont alert\u00e9 des hommes de la PAF, la Police aux Fronti\u00e8res, qui patrouillaient dans le train. Il s&rsquo;\u00e9taient fait voler un sac sur le porte-bagages juste au dessus d&rsquo;eux.\u00a0 A l&rsquo;int\u00e9rieur, il y avait une tablette, des \u00e9couteurs sans fil et une batterie externe. Les policiers avaient crois\u00e9 quelques minutes plus t\u00f4t dans le train les malfaiteurs pr\u00e9sum\u00e9s, un homme et une femme, qui \u00e9taient d\u00e9j\u00e0 connus pour des faits similaires.<br \/><strong>Gr\u00e2ce \u00e0 la g\u00e9olocalisation, ils ont pu \u00eatre facilement retrouv\u00e9s et interpell\u00e9s \u00e0 Tourcoing<\/strong>. A l&rsquo;arriv\u00e9e des policiers, la femme avait la tablette entre les mains. L&rsquo;homme a \u00e9t\u00e9 confondu \u00e0 un autre endroit de la ville par le bornage des \u00e9couteurs sans fil.<\/p>\n","protected":false},"excerpt":{"rendered":"Deux malfaiteurs ont d\u00e9rob\u00e9 les bagages de voyageurs n\u00e9erlandais dans un TER le 31 d\u00e9cembre. Mais ils ont&hellip;\n","protected":false},"author":2,"featured_media":636840,"comment_status":"","ping_status":"","sticky":false,"template":"","format":"standard","meta":{"footnotes":""},"categories":[2815],"tags":[1111,11,1777,674,1011,27,811,1307,12,25],"class_list":{"0":"post-636839","1":"post","2":"type-post","3":"status-publish","4":"format-standard","5":"has-post-thumbnail","7":"category-lille","8":"tag-actu","9":"tag-actualites","10":"tag-eu","11":"tag-europe","12":"tag-fr","13":"tag-france","14":"tag-hauts-de-france","15":"tag-lille","16":"tag-news","17":"tag-republique-francaise"},"share_on_mastodon":{"url":"https:\/\/pubeurope.com\/@fr\/115827203466278399","error":""},"_links":{"self":[{"href":"https:\/\/www.europesays.com\/fr\/wp-json\/wp\/v2\/posts\/636839","targetHints":{"allow":["GET"]}}],"collection":[{"href":"https:\/\/www.europesays.com\/fr\/wp-json\/wp\/v2\/posts"}],"about":[{"href":"https:\/\/www.europesays.com\/fr\/wp-json\/wp\/v2\/types\/post"}],"author":[{"embeddable":true,"href":"https:\/\/www.europesays.com\/fr\/wp-json\/wp\/v2\/users\/2"}],"replies":[{"embeddable":true,"href":"https:\/\/www.europesays.com\/fr\/wp-json\/wp\/v2\/comments?post=636839"}],"version-history":[{"count":0,"href":"https:\/\/www.europesays.com\/fr\/wp-json\/wp\/v2\/posts\/636839\/revisions"}],"wp:featuredmedia":[{"embeddable":true,"href":"https:\/\/www.europesays.com\/fr\/wp-json\/wp\/v2\/media\/636840"}],"wp:attachment":[{"href":"https:\/\/www.europesays.com\/fr\/wp-json\/wp\/v2\/media?parent=636839"}],"wp:term":[{"taxonomy":"category","embeddable":true,"href":"https:\/\/www.europesays.com\/fr\/wp-json\/wp\/v2\/categories?post=636839"},{"taxonomy":"post_tag","embeddable":true,"href":"https:\/\/www.europesays.com\/fr\/wp-json\/wp\/v2\/tags?post=636839"}],"curies":[{"name":"wp","href":"https:\/\/api.w.org\/{rel}","templated":true}]}}