{"id":636841,"date":"2026-01-02T19:40:10","date_gmt":"2026-01-02T19:40:10","guid":{"rendered":"https:\/\/www.europesays.com\/fr\/636841\/"},"modified":"2026-01-02T19:40:10","modified_gmt":"2026-01-02T19:40:10","slug":"nouvelle-hausse-du-nombre-de-detenus-au-1er-decembre-la-barre-des-86-000-franchie","status":"publish","type":"post","link":"https:\/\/www.europesays.com\/fr\/636841\/","title":{"rendered":"nouvelle hausse du nombre de d\u00e9tenus au 1er d\u00e9cembre, la barre des 86.000 franchie"},"content":{"rendered":"<p>Il y avait 86 229 d\u00e9tenus <a href=\"https:\/\/www.laprovence.com\/article\/faits-divers-justice\/4048526240052914\/prisons-gerald-darmanin-presente-un-plan-zero-portable-pour-6-etablissements-penitentiaires\" target=\"_blank\" rel=\"noopener\">dans les prisons fran\u00e7aises<\/a> le 1er d\u00e9cembre 2025, une nouvelle hausse mensuelle dans un contexte de surpopulation carc\u00e9rale chronique, selon des donn\u00e9es publi\u00e9es vendredi par le minist\u00e8re de la Justice. \u00c0 la m\u00eame date, les prisons fran\u00e7aises comptaient seulement 63.613 places op\u00e9rationnelles, ce qui \u00e9tablit le taux de densit\u00e9 carc\u00e9rale \u00e0 135,6%.<\/p>\n<p>Le 1er novembre, il y avait 85 373 d\u00e9tenus. Sur un an, les prisons fran\u00e7aises en comptent 5 437 de plus (+6,7%) pour seulement 1 209 places op\u00e9rationnelles suppl\u00e9mentaires (+1,9%).<\/p>\n<p><a href=\"https:\/\/www.laprovence.com\/article\/societe\/1697298140121415\/prisons-plus-de-84-000-detenus-au-1er-juin-un-nouveau-record\" target=\"_blank\" rel=\"noopener\">Cette surpopulation<\/a> concerne principalement les maisons d&rsquo;arr\u00eat (164,7%) parmi les quelque 200 \u00e9tablissements p\u00e9nitentiaires du pays. Elle est particuli\u00e8rement pr\u00e9gnante en r\u00e9gion parisienne, avec une densit\u00e9 carc\u00e9rale de 160,5%, et en outremer (149,6%). La France figure parmi les mauvais \u00e9l\u00e8ves en Europe en termes de densit\u00e9 carc\u00e9rale. Seules la Slov\u00e9nie et Chypre font pire, selon une \u00e9tude publi\u00e9e en juillet par le Conseil de l&rsquo;Europe.<\/p>\n<p>\u00ab\u00a0Un syst\u00e8me au bord de l&rsquo;explosion\u00a0\u00bb<\/p>\n<p>Syndicats et professionnels du monde p\u00e9nitentiaire d\u00e9crivent r\u00e9guli\u00e8rement un syst\u00e8me au bord de l&rsquo;explosion, cette surpopulation s&rsquo;accompagnant d&rsquo;un sous-effectif chronique parmi les surveillants et de l&rsquo;insalubrit\u00e9 de nombreux lieux de d\u00e9tention. Le minist\u00e8re de la Justice compte ouvrir d&rsquo;ici un an et demi 3 000 places suppl\u00e9mentaires dans des prisons modulaires. Mais seules 4 500 des 15 000 places additionnelles pr\u00e9vues dans un plan lanc\u00e9 en 2018, ont pour le moment \u00e9t\u00e9 livr\u00e9es, reconnaissait l&rsquo;\u00e9t\u00e9 dernier le minist\u00e8re de la Justice. \u00a0<\/p>\n<p>Des voix s&rsquo;\u00e9l\u00e8vent pour que la France, \u00e0 l&rsquo;instar d&rsquo;autres pays europ\u00e9ens, s&rsquo;engage dans la voie de la r\u00e9gulation carc\u00e9rale, un ajustement de la population p\u00e9nitentiaire en limitant les entr\u00e9es ou en facilitant les sorties pour \u00e9viter une surpopulation.\u00a0<\/p>\n<p>Mais cette option est \u00e0 contre-courant des discours politiques sur l&rsquo;ex\u00e9cution des peines de d\u00e9tention. Le garde des Sceaux G\u00e9rald Darmanin a dit son opposition \u00e0 une telle politique.<\/p>\n","protected":false},"excerpt":{"rendered":"Il y avait 86 229 d\u00e9tenus dans les prisons fran\u00e7aises le 1er d\u00e9cembre 2025, une nouvelle hausse mensuelle&hellip;\n","protected":false},"author":2,"featured_media":636842,"comment_status":"","ping_status":"","sticky":false,"template":"","format":"standard","meta":{"footnotes":""},"categories":[2814],"tags":[15467,5734,1111,11,49832,17316,1777,674,274,1011,27,4508,884,12,19256,2043,899,882,25],"class_list":{"0":"post-636841","1":"post","2":"type-post","3":"status-publish","4":"format-standard","5":"has-post-thumbnail","7":"category-marseille","8":"tag-1er","9":"tag-5734","10":"tag-actu","11":"tag-actualites","12":"tag-decembre","13":"tag-detenus","14":"tag-eu","15":"tag-europe","16":"tag-faits-divers-justice","17":"tag-fr","18":"tag-france","19":"tag-hausse","20":"tag-marseille","21":"tag-news","22":"tag-nombre","23":"tag-nouvelle","24":"tag-prisons","25":"tag-provence-alpes-cote-dazur","26":"tag-republique-francaise"},"share_on_mastodon":{"url":"https:\/\/pubeurope.com\/@fr\/115827207325431992","error":""},"_links":{"self":[{"href":"https:\/\/www.europesays.com\/fr\/wp-json\/wp\/v2\/posts\/636841","targetHints":{"allow":["GET"]}}],"collection":[{"href":"https:\/\/www.europesays.com\/fr\/wp-json\/wp\/v2\/posts"}],"about":[{"href":"https:\/\/www.europesays.com\/fr\/wp-json\/wp\/v2\/types\/post"}],"author":[{"embeddable":true,"href":"https:\/\/www.europesays.com\/fr\/wp-json\/wp\/v2\/users\/2"}],"replies":[{"embeddable":true,"href":"https:\/\/www.europesays.com\/fr\/wp-json\/wp\/v2\/comments?post=636841"}],"version-history":[{"count":0,"href":"https:\/\/www.europesays.com\/fr\/wp-json\/wp\/v2\/posts\/636841\/revisions"}],"wp:featuredmedia":[{"embeddable":true,"href":"https:\/\/www.europesays.com\/fr\/wp-json\/wp\/v2\/media\/636842"}],"wp:attachment":[{"href":"https:\/\/www.europesays.com\/fr\/wp-json\/wp\/v2\/media?parent=636841"}],"wp:term":[{"taxonomy":"category","embeddable":true,"href":"https:\/\/www.europesays.com\/fr\/wp-json\/wp\/v2\/categories?post=636841"},{"taxonomy":"post_tag","embeddable":true,"href":"https:\/\/www.europesays.com\/fr\/wp-json\/wp\/v2\/tags?post=636841"}],"curies":[{"name":"wp","href":"https:\/\/api.w.org\/{rel}","templated":true}]}}