{"id":636845,"date":"2026-01-02T19:42:11","date_gmt":"2026-01-02T19:42:11","guid":{"rendered":"https:\/\/www.europesays.com\/fr\/636845\/"},"modified":"2026-01-02T19:42:11","modified_gmt":"2026-01-02T19:42:11","slug":"rhone-froid-polaire-neige-gel-jusqua-10c-et-des-temperatures-negatives-toute-la-semaine-a-lyon","status":"publish","type":"post","link":"https:\/\/www.europesays.com\/fr\/636845\/","title":{"rendered":"Rh\u00f4ne. Froid polaire, neige, gel&#8230; Jusqu&rsquo;\u00e0 -10\u00b0C et des temp\u00e9ratures n\u00e9gatives toute la semaine \u00e0 Lyon"},"content":{"rendered":"<p>Apr\u00e8s la neige du r\u00e9veillon de No\u00ebl et le retour du soleil, un froid sec et intense s\u2019est install\u00e9 sur l\u2019agglom\u00e9ration lyonnaise.<\/p>\n<p>Les journ\u00e9es du mercredi 31\u00a0d\u00e9cembre et du jeudi 1\u1d49\u02b3\u00a0 janvier ont \u00e9t\u00e9 marqu\u00e9es par de forts \u00e9pisodes de gel, avec des temp\u00e9ratures particuli\u00e8rement basses relev\u00e9es dans la m\u00e9tropole et ses environs.<\/p>\n<p>  Jusqu\u2019\u00e0 -10\u00b0C pr\u00e8s de Lyon<\/p>\n<p>Selon Lyon M\u00e9t\u00e9o, le mercure est descendu jusqu\u2019\u00e0 \u2013 9,7\u00a0\u00b0C \u00e0 Courzieu, \u2013 8\u00a0\u00b0C \u00e0 Brignais et Saint-Genis-Laval, \u2013 7,2\u00a0\u00b0C \u00e0 Bron et \u2013 6,3\u00a0\u00b0C dans le 7\u1d49 arrondissement de Lyon. Ce vendredi 2\u00a0janvier, malgr\u00e9 un temps ensoleill\u00e9, le froid reste bien pr\u00e9sent. Les temp\u00e9ratures matinales oscillent encore entre \u2013 7\u00a0\u00b0C et \u2013 5\u00a0\u00b0C.<\/p>\n<p>Et la tendance ne s\u2019annonce pas plus cl\u00e9mente\u00a0: \u00ab\u00a0Les gel\u00e9es seront quotidiennes et parfois fortes pendant au moins sept jours\u00a0\u00bb, pr\u00e9vient le pr\u00e9visionniste local Lyon M\u00e9t\u00e9o. Une situation comparable n\u2019avait plus \u00e9t\u00e9 observ\u00e9e depuis f\u00e9vrier\u00a02018, voire janvier\u00a02017.<\/p>\n<p>  Vigilance grand froid ce samedi<\/p>\n<p>Cons\u00e9quence visible de cet \u00e9pisode hivernal, certaines zones d\u2019eau, comme la darse de la Confluence (2e arrondissement de Lyon), se sont retrouv\u00e9es gel\u00e9es ce vendredi matin.\u00a0<\/p>\n<p>\u00c0 noter, le d\u00e9partement du Rh\u00f4ne entre en vigilance grand froid, ce samedi 3\u00a0janvier \u00e0 partir de 16 heures. \u00ab\u00a0Le froid s\u2019installe plusieurs jours jusqu\u2019au milieu de la semaine prochaine avec des temp\u00e9ratures qui auront du mal \u00e0 \u00e9voluer\u00a0\u00bb, indique Gabriel Chantrel, pr\u00e9visionniste M\u00e9t\u00e9o France.\u00a0Dimanche matin, les temp\u00e9ratures oscilleront entre -5 et -3\u00b0C en plaine lyonnaise et -8\u00b0C dans les monts du Lyonnais. Ce lundi 5\u00a0janvier, jusqu\u2019\u00e0 -10\u00b0C sont attendus dans les monts du Lyonnais. Les temp\u00e9ratures se situeront entre -4 et -6\u00b0C \u00e0 Lyon. Elles ne risquent pas de d\u00e9passer les 0\u00b0C durant toute la semaine.<\/p>\n<p>Les raisons\u00a0? \u00ab\u00a0La grisaille emp\u00eache les temp\u00e9ratures de monter en journ\u00e9e et la sensation de froid s\u2019intensifie \u00e0 cause de la bise\u00a0\u00bb, explique le pr\u00e9visionniste Gabriel Chantrel. La bise est un vent du nord-est qui impacte le ressenti. Par exemple, ce vendredi apr\u00e8s-midi, 3\u00b0C a \u00e9t\u00e9 relev\u00e9s \u00e0 Lyon, le ressenti \u00e9tait de 0\u00b0C d\u00fb \u00e0 la bise.<\/p>\n<p>  De la neige\u00a0?<\/p>\n<p>Reste \u00e0 savoir si ce froid va s\u2019installer durablement au cours de la semaine et s\u2019il pourrait s\u2019accompagner <a href=\"https:\/\/www.leprogres.fr\/environnement\/2025\/12\/24\/de-la-neige-a-noel-a-lyon-on-ne-l-avait-pas-vu-depuis-15-ans\" target=\"_blank\" rel=\"noopener\">de nouvelles chutes de neige<\/a>. Pour l\u2019heure, les pr\u00e9visionnistes confirment surtout la persistance de gel\u00e9es marqu\u00e9es sur l\u2019agglom\u00e9ration lyonnaise. On attend un peu de neige dans la nuit de vendredi \u00e0 samedi.<\/p>\n<p>\u00ab\u00a0Rien de significatif, on attend quelques flocons \u00e0 Lyon et cela repr\u00e9sente quelques centim\u00e8tres sur les monts du Lyonnais\u00a0\u00bb, pr\u00e9cise le pr\u00e9visionniste Gabriel Chantrel. Elle devrait \u00eatre plus importante \u00e0 partir du jeudi 8\u00a0janvier mais cela reste \u00e0 pr\u00e9ciser.<\/p>\n<p>En fin de semaine prochaine, nous devrions quitter les conditions les plus froides que nous allons conna\u00eetre ces prochains jours.<\/p>\n","protected":false},"excerpt":{"rendered":"Apr\u00e8s la neige du r\u00e9veillon de No\u00ebl et le retour du soleil, un froid sec et intense s\u2019est&hellip;\n","protected":false},"author":2,"featured_media":636846,"comment_status":"","ping_status":"","sticky":false,"template":"","format":"standard","meta":{"footnotes":""},"categories":[1889],"tags":[1111,11,2430,2757,436,1777,674,107,1011,27,2428,2756,8423,12,25,2429],"class_list":{"0":"post-636845","1":"post","2":"type-post","3":"status-publish","4":"format-standard","5":"has-post-thumbnail","7":"category-lyon","8":"tag-actu","9":"tag-actualites","10":"tag-auvergne-rhone-alpes","11":"tag-edition-lyon-villeurbanne","12":"tag-environnement","13":"tag-eu","14":"tag-europe","15":"tag-fil-info","16":"tag-fr","17":"tag-france","18":"tag-lyon","19":"tag-lyon-bassin","20":"tag-meteorologie-climat","21":"tag-news","22":"tag-republique-francaise","23":"tag-rhone"},"share_on_mastodon":{"url":"https:\/\/pubeurope.com\/@fr\/115827215183074112","error":""},"_links":{"self":[{"href":"https:\/\/www.europesays.com\/fr\/wp-json\/wp\/v2\/posts\/636845","targetHints":{"allow":["GET"]}}],"collection":[{"href":"https:\/\/www.europesays.com\/fr\/wp-json\/wp\/v2\/posts"}],"about":[{"href":"https:\/\/www.europesays.com\/fr\/wp-json\/wp\/v2\/types\/post"}],"author":[{"embeddable":true,"href":"https:\/\/www.europesays.com\/fr\/wp-json\/wp\/v2\/users\/2"}],"replies":[{"embeddable":true,"href":"https:\/\/www.europesays.com\/fr\/wp-json\/wp\/v2\/comments?post=636845"}],"version-history":[{"count":0,"href":"https:\/\/www.europesays.com\/fr\/wp-json\/wp\/v2\/posts\/636845\/revisions"}],"wp:featuredmedia":[{"embeddable":true,"href":"https:\/\/www.europesays.com\/fr\/wp-json\/wp\/v2\/media\/636846"}],"wp:attachment":[{"href":"https:\/\/www.europesays.com\/fr\/wp-json\/wp\/v2\/media?parent=636845"}],"wp:term":[{"taxonomy":"category","embeddable":true,"href":"https:\/\/www.europesays.com\/fr\/wp-json\/wp\/v2\/categories?post=636845"},{"taxonomy":"post_tag","embeddable":true,"href":"https:\/\/www.europesays.com\/fr\/wp-json\/wp\/v2\/tags?post=636845"}],"curies":[{"name":"wp","href":"https:\/\/api.w.org\/{rel}","templated":true}]}}