{"id":636847,"date":"2026-01-02T19:43:12","date_gmt":"2026-01-02T19:43:12","guid":{"rendered":"https:\/\/www.europesays.com\/fr\/636847\/"},"modified":"2026-01-02T19:43:12","modified_gmt":"2026-01-02T19:43:12","slug":"fut-un-temps-on-patinait-au-parc-de-la-tete-dor","status":"publish","type":"post","link":"https:\/\/www.europesays.com\/fr\/636847\/","title":{"rendered":"fut un temps on patinait au parc de la T\u00eate-d\u2019Or"},"content":{"rendered":"<p>Entre la chute des temp\u00e9ratures dans l\u2019air et celle de l\u2019eau, la darse nautique de la Confluence \u00e9tait ce vendredi matin, recouverte de glace par endroits. Pas la premi\u00e8re fois. En 2017, alors qu\u2019elle \u00e9tait compl\u00e8tement gel\u00e9e, des pompiers avaient profit\u00e9 de l\u2019occasion pour s\u2019entra\u00eener \u00e0 la plong\u00e9e sous glace en plein c\u0153ur de Lyon. Insolite.<\/p>\n<p>Pourrait-on envisager d\u2019y patiner\u00a0? Il faudrait que la couche \u00e9paississe un peu. Dans l\u2019apr\u00e8s-midi, le soleil l\u2019avait fait fondre. Mais la r\u00e9flexion permet de se replonger dans les archives. De la m\u00eame mani\u00e8re qu\u2019on pratiquait le ski \u00e0 Lyon sur la piste de la Sarra, on patinait. Et ce n\u2019\u00e9tait pas \u00e0 la patinoire Charlemagne.<\/p>\n<p>Des photos sorties des archives du Progr\u00e8s rappellent que les Lyonnais patinaient sur le lac gel\u00e9 du parc de la T\u00eate-d\u2019Or pour 2\u00a0francs en 1953. Les grands froids qui s\u00e9vissaient sur la r\u00e9gion autorisaient ce loisir.<\/p>\n<p>C\u2019est ce que montre aussi <a href=\"https:\/\/www.ina.fr\/ina-eclaire-actu\/video\/lxf99001730\/patinage-sur-le-lac-du-parc-de-la-tete-d-or-a-lyon\" target=\"_blank\" rel=\"noopener\">un reportage archiv\u00e9 par l\u2019INA<\/a> (Radiodiffusion T\u00e9l\u00e9vision Fran\u00e7aise), datant de d\u00e9cembre\u00a01962. L\u2019hiver \u00e9tait particuli\u00e8rement rigoureux &#8211; \u00ab\u00a0On parlait de -30 degr\u00e9s avec beaucoup de facilit\u00e9\u00a0\u00bb -, la Sa\u00f4ne \u00e9tait pratiquement gel\u00e9e mais le Rh\u00f4ne \u00ab\u00a0imp\u00e9tueux\u00a0\u00bb restait le m\u00eame.<\/p>\n","protected":false},"excerpt":{"rendered":"Entre la chute des temp\u00e9ratures dans l\u2019air et celle de l\u2019eau, la darse nautique de la Confluence \u00e9tait&hellip;\n","protected":false},"author":2,"featured_media":636848,"comment_status":"","ping_status":"","sticky":false,"template":"","format":"standard","meta":{"footnotes":""},"categories":[1889],"tags":[1111,11,2430,2757,436,1777,674,1011,27,2428,2756,8423,12,25],"class_list":{"0":"post-636847","1":"post","2":"type-post","3":"status-publish","4":"format-standard","5":"has-post-thumbnail","7":"category-lyon","8":"tag-actu","9":"tag-actualites","10":"tag-auvergne-rhone-alpes","11":"tag-edition-lyon-villeurbanne","12":"tag-environnement","13":"tag-eu","14":"tag-europe","15":"tag-fr","16":"tag-france","17":"tag-lyon","18":"tag-lyon-bassin","19":"tag-meteorologie-climat","20":"tag-news","21":"tag-republique-francaise"},"share_on_mastodon":{"url":"https:\/\/pubeurope.com\/@fr\/115827219019019707","error":""},"_links":{"self":[{"href":"https:\/\/www.europesays.com\/fr\/wp-json\/wp\/v2\/posts\/636847","targetHints":{"allow":["GET"]}}],"collection":[{"href":"https:\/\/www.europesays.com\/fr\/wp-json\/wp\/v2\/posts"}],"about":[{"href":"https:\/\/www.europesays.com\/fr\/wp-json\/wp\/v2\/types\/post"}],"author":[{"embeddable":true,"href":"https:\/\/www.europesays.com\/fr\/wp-json\/wp\/v2\/users\/2"}],"replies":[{"embeddable":true,"href":"https:\/\/www.europesays.com\/fr\/wp-json\/wp\/v2\/comments?post=636847"}],"version-history":[{"count":0,"href":"https:\/\/www.europesays.com\/fr\/wp-json\/wp\/v2\/posts\/636847\/revisions"}],"wp:featuredmedia":[{"embeddable":true,"href":"https:\/\/www.europesays.com\/fr\/wp-json\/wp\/v2\/media\/636848"}],"wp:attachment":[{"href":"https:\/\/www.europesays.com\/fr\/wp-json\/wp\/v2\/media?parent=636847"}],"wp:term":[{"taxonomy":"category","embeddable":true,"href":"https:\/\/www.europesays.com\/fr\/wp-json\/wp\/v2\/categories?post=636847"},{"taxonomy":"post_tag","embeddable":true,"href":"https:\/\/www.europesays.com\/fr\/wp-json\/wp\/v2\/tags?post=636847"}],"curies":[{"name":"wp","href":"https:\/\/api.w.org\/{rel}","templated":true}]}}