{"id":636849,"date":"2026-01-02T19:45:16","date_gmt":"2026-01-02T19:45:16","guid":{"rendered":"https:\/\/www.europesays.com\/fr\/636849\/"},"modified":"2026-01-02T19:45:16","modified_gmt":"2026-01-02T19:45:16","slug":"bienvenue-en-ile-de-france-du-02-01-2026-bienvenue-en-ile-de-france","status":"publish","type":"post","link":"https:\/\/www.europesays.com\/fr\/636849\/","title":{"rendered":"Bienvenue en \u00cele-de-France du 02\/01\/2026 &#8211; Bienvenue en \u00cele-de-France"},"content":{"rendered":"<p id=\"descriptionPanel\" class=\"text-secondary mr-2 line-clamp-2 pr-2.5 overflow-visible\">Damien Canivez, entour\u00e9 de Sarah Lecoeuvre et Nicolas Vollaire se penchent sur les faits t\u00e9l\u00e9visuels marquants de 2025, dont la question br\u00fblante de l&rsquo;audiovisuel public, en terminant sur les p\u00e9pites \u00e0 venir de 2026. Pour d\u00e9battre de l&rsquo;orientation politique de l&rsquo;audiovisuel public, Damien Canivez re\u00e7oit Juliette Briens et Ferghane Azihari.<\/p>\n<p>Afficher la version longue du r\u00e9sum\u00e9<a class=\"shrink-0\" href=\"https:\/\/www.tf1.fr\/le-figaro\/bienvenue-en-ile-de-france\" target=\"_blank\" rel=\"noopener\"><img decoding=\"async\" src=\"https:\/\/www.europesays.com\/fr\/wp-content\/uploads\/2025\/12\/bienvenue-en-ile-de-france-1741695537-15a094-7dbf5c-0@1x.jpg\" width=\"138\" height=\"184\" alt=\"\" loading=\"eager\" fetchpriority=\"auto\" class=\"rounded-3px aspect-[3\/4] h-24 w-auto\" aria-hidden=\"true\"\/><\/a><\/p>\n<p>53m<\/p>\n<p><img decoding=\"async\" src=\"https:\/\/www.europesays.com\/fr\/wp-content\/uploads\/2025\/05\/lefigaro-logo-editeur-a24114-19ceaf-0@3x.png\" alt=\"Le Figaro\" loading=\"eager\" class=\"h-5 w-14\" fetchpriority=\"auto\"\/>2 janv. 2026 \u00e0 19:00<\/p>\n","protected":false},"excerpt":{"rendered":"Damien Canivez, entour\u00e9 de Sarah Lecoeuvre et Nicolas Vollaire se penchent sur les faits t\u00e9l\u00e9visuels marquants de 2025,&hellip;\n","protected":false},"author":2,"featured_media":636850,"comment_status":"","ping_status":"","sticky":false,"template":"","format":"standard","meta":{"footnotes":""},"categories":[1592],"tags":[1111,11,73013,73017,73018,73014,73026,73030,73022,73025,73029,73021,2889,73015,73016,62542,1777,674,1011,27,662,12,626,25,73023,73024,73027,73028,73019,73020],"class_list":{"0":"post-636849","1":"post","2":"type-post","3":"status-publish","4":"format-standard","5":"has-post-thumbnail","7":"category-ile-de-france","8":"tag-actu","9":"tag-actualites","10":"tag-bienvenue-en-ile-de-france","11":"tag-bienvenue-en-ile-de-france-emission","12":"tag-bienvenue-en-ile-de-france-emission-le-figaro-tv","13":"tag-bienvenue-en-ile-de-france-le-figaro-tv","14":"tag-bienvenue-en-ile-de-france-le-figaro-tv-streaming","15":"tag-bienvenue-en-ile-de-france-le-figaro-tv-streaming-gratuit","16":"tag-bienvenue-en-ile-de-france-le-figaro-tv-video","17":"tag-bienvenue-en-ile-de-france-streaming","18":"tag-bienvenue-en-ile-de-france-streaming-gratuit","19":"tag-bienvenue-en-ile-de-france-video","20":"tag-emission","21":"tag-emission-bienvenue-en-ile-de-france","22":"tag-emission-bienvenue-en-ile-de-france-le-figaro-tv","23":"tag-emission-le-figaro-tv","24":"tag-eu","25":"tag-europe","26":"tag-fr","27":"tag-france","28":"tag-ile-de-france","29":"tag-news","30":"tag-paris","31":"tag-republique-francaise","32":"tag-streaming-bienvenue-en-ile-de-france","33":"tag-streaming-bienvenue-en-ile-de-france-le-figaro-tv","34":"tag-streaming-gratuit-bienvenue-en-ile-de-france","35":"tag-streaming-gratuit-bienvenue-en-ile-de-france-le-figaro-tv","36":"tag-video-bienvenue-en-ile-de-france","37":"tag-video-bienvenue-en-ile-de-france-le-figaro-tv"},"share_on_mastodon":{"url":"","error":"Validation failed: Text character limit of 500 exceeded"},"_links":{"self":[{"href":"https:\/\/www.europesays.com\/fr\/wp-json\/wp\/v2\/posts\/636849","targetHints":{"allow":["GET"]}}],"collection":[{"href":"https:\/\/www.europesays.com\/fr\/wp-json\/wp\/v2\/posts"}],"about":[{"href":"https:\/\/www.europesays.com\/fr\/wp-json\/wp\/v2\/types\/post"}],"author":[{"embeddable":true,"href":"https:\/\/www.europesays.com\/fr\/wp-json\/wp\/v2\/users\/2"}],"replies":[{"embeddable":true,"href":"https:\/\/www.europesays.com\/fr\/wp-json\/wp\/v2\/comments?post=636849"}],"version-history":[{"count":0,"href":"https:\/\/www.europesays.com\/fr\/wp-json\/wp\/v2\/posts\/636849\/revisions"}],"wp:featuredmedia":[{"embeddable":true,"href":"https:\/\/www.europesays.com\/fr\/wp-json\/wp\/v2\/media\/636850"}],"wp:attachment":[{"href":"https:\/\/www.europesays.com\/fr\/wp-json\/wp\/v2\/media?parent=636849"}],"wp:term":[{"taxonomy":"category","embeddable":true,"href":"https:\/\/www.europesays.com\/fr\/wp-json\/wp\/v2\/categories?post=636849"},{"taxonomy":"post_tag","embeddable":true,"href":"https:\/\/www.europesays.com\/fr\/wp-json\/wp\/v2\/tags?post=636849"}],"curies":[{"name":"wp","href":"https:\/\/api.w.org\/{rel}","templated":true}]}}