{"id":636851,"date":"2026-01-02T19:46:10","date_gmt":"2026-01-02T19:46:10","guid":{"rendered":"https:\/\/www.europesays.com\/fr\/636851\/"},"modified":"2026-01-02T19:46:10","modified_gmt":"2026-01-02T19:46:10","slug":"yvelines-debut-dincendie-dans-le-centre-commercial-carrefour-montesson-pas-de-blesse","status":"publish","type":"post","link":"https:\/\/www.europesays.com\/fr\/636851\/","title":{"rendered":"Yvelines\u00a0: d\u00e9but d\u2019incendie dans le centre commercial Carrefour Montesson, pas de bless\u00e9"},"content":{"rendered":"<p class=\"paragraph text_align_left lp-f-body-02\">Frayeur ce vendredi 3 janvier dans la galerie du centre commercial Carrefour Montesson (Yvelines). Un d\u00e9but d\u2019incendie s\u2019est d\u00e9clar\u00e9 peu apr\u00e8s 14 heures dans les locaux du <a href=\"https:\/\/www.leparisien.fr\/yvelines-78\/ca-a-coute-8-euros-lensemble-au-centre-commercial-de-montesson-le-nouveau-kiabi-tombe-a-pic-pour-la-rentree-21-08-2025-GM6LYTPXJBDYVM7WJRFNTNP44A.php\" target=\"_self\" rel=\"noopener\">magasin Kiabi<\/a>, entra\u00eenant une importante intervention des pompiers.<\/p>\n<p class=\"\">L\u2019alerte avait \u00e9t\u00e9 donn\u00e9e quelques instants plus t\u00f4t en raison \u00ab d\u2019odeurs de br\u00fbl\u00e9 \u00bb \u00e9manant du magasin Kiabi, indique-t-on au centre op\u00e9rationnel d\u00e9partemental d\u2019incendie et de secours (Codis) 78. Pas moins de 13 v\u00e9hicules et 36 pompiers ont imm\u00e9diatement \u00e9t\u00e9 dirig\u00e9s sur place. \u00ab On engage toujours beaucoup de moyens quand un feu se d\u00e9clare dans un lieu accueillant du public \u00bb, explique-t-on au Codis.<\/p>\n<p>Une centaine de personnes \u00e9vacu\u00e9e<\/p>\n<p class=\"\">Pr\u00e8s de 100 personnes, clients et employ\u00e9s du magasin et de quelques enseignes mitoyennes, ont \u00e9t\u00e9 \u00e9vacu\u00e9es afin de permettre aux soldats du feu de boucler le p\u00e9rim\u00e8tre et de proc\u00e9der \u00e0 l\u2019extinction. L\u2019incendie s\u2019\u00e9tait en r\u00e9alit\u00e9 d\u00e9clar\u00e9 dans des gaines \u00e9lectriques. L\u2019op\u00e9ration a dur\u00e9 pr\u00e8s de trois heures.<\/p>\n<p class=\"\">Le bilan est heureusement l\u00e9ger. Aucun bless\u00e9 n\u2019est \u00e0 d\u00e9plorer. Seules deux personnes, travaillant au sein du magasin Kiabi, ont \u00e9t\u00e9 prises en charge par les secours apr\u00e8s avoir inhal\u00e9 des fum\u00e9es. Elles n\u2019ont toutefois pas \u00e9t\u00e9 conduites \u00e0 l\u2019h\u00f4pital. <\/p>\n<p class=\"\">Le centre commercial est rest\u00e9 ouvert durant l\u2019intervention, seules six boutiques (sur les 70 que compte le site) ayant \u00e9t\u00e9 provisoirement ferm\u00e9es. Kiabi, la seule touch\u00e9e par le sinistre, le restera le temps des v\u00e9rifications et d\u2019\u00e9ventuels travaux de remise en \u00e9tat.<\/p>\n","protected":false},"excerpt":{"rendered":"Frayeur ce vendredi 3 janvier dans la galerie du centre commercial Carrefour Montesson (Yvelines). Un d\u00e9but d\u2019incendie s\u2019est&hellip;\n","protected":false},"author":2,"featured_media":636852,"comment_status":"","ping_status":"","sticky":false,"template":"","format":"standard","meta":{"footnotes":""},"categories":[1888],"tags":[1111,1928,11,1927,1777,674,118,1011,27,1944,12,1926,626,1925,25,1938],"class_list":{"0":"post-636851","1":"post","2":"type-post","3":"status-publish","4":"format-standard","5":"has-post-thumbnail","7":"category-paris","8":"tag-actu","9":"tag-actu-paris","10":"tag-actualites","11":"tag-actualites-paris","12":"tag-eu","13":"tag-europe","14":"tag-faits-divers","15":"tag-fr","16":"tag-france","17":"tag-ma-ville","18":"tag-news","19":"tag-news-paris","20":"tag-paris","21":"tag-paris-news","22":"tag-republique-francaise","23":"tag-yvelines"},"share_on_mastodon":{"url":"https:\/\/pubeurope.com\/@fr\/115827231645390195","error":""},"_links":{"self":[{"href":"https:\/\/www.europesays.com\/fr\/wp-json\/wp\/v2\/posts\/636851","targetHints":{"allow":["GET"]}}],"collection":[{"href":"https:\/\/www.europesays.com\/fr\/wp-json\/wp\/v2\/posts"}],"about":[{"href":"https:\/\/www.europesays.com\/fr\/wp-json\/wp\/v2\/types\/post"}],"author":[{"embeddable":true,"href":"https:\/\/www.europesays.com\/fr\/wp-json\/wp\/v2\/users\/2"}],"replies":[{"embeddable":true,"href":"https:\/\/www.europesays.com\/fr\/wp-json\/wp\/v2\/comments?post=636851"}],"version-history":[{"count":0,"href":"https:\/\/www.europesays.com\/fr\/wp-json\/wp\/v2\/posts\/636851\/revisions"}],"wp:featuredmedia":[{"embeddable":true,"href":"https:\/\/www.europesays.com\/fr\/wp-json\/wp\/v2\/media\/636852"}],"wp:attachment":[{"href":"https:\/\/www.europesays.com\/fr\/wp-json\/wp\/v2\/media?parent=636851"}],"wp:term":[{"taxonomy":"category","embeddable":true,"href":"https:\/\/www.europesays.com\/fr\/wp-json\/wp\/v2\/categories?post=636851"},{"taxonomy":"post_tag","embeddable":true,"href":"https:\/\/www.europesays.com\/fr\/wp-json\/wp\/v2\/tags?post=636851"}],"curies":[{"name":"wp","href":"https:\/\/api.w.org\/{rel}","templated":true}]}}