{"id":636857,"date":"2026-01-02T19:49:12","date_gmt":"2026-01-02T19:49:12","guid":{"rendered":"https:\/\/www.europesays.com\/fr\/636857\/"},"modified":"2026-01-02T19:49:12","modified_gmt":"2026-01-02T19:49:12","slug":"le-tours-vb-a-paris-pour-avancer-encore-et-malgre-les-absences","status":"publish","type":"post","link":"https:\/\/www.europesays.com\/fr\/636857\/","title":{"rendered":"le Tours VB \u00e0 Paris pour avancer encore et malgr\u00e9 les absences"},"content":{"rendered":"<p><strong>Paris\u00a0&#8211; Tours<\/strong><\/p>\n<p>Dans quatre jours, Trento, le champion d\u2019Italie, est annonc\u00e9 \u00e0 Tours avec le retour de la Ligue des champions \u00e0 Grenon. Mais le TVB n\u2019a pas encore la t\u00eate dans les \u00e9toiles. Son objectif imm\u00e9diat s\u2019appelle Paris, avec ce Classique moins attendu que par le pass\u00e9 mais qui pourrait permettre aux Tourangeaux d\u2019asseoir un peu plus leur leadership sur la MSL.<\/p>\n<p>\u00ab\u00a0\u00catre premier, deuxi\u00e8me ou troisi\u00e8me n\u2019a aucune importance aujourd\u2019hui\u00a0\u00bb<\/p>\n<p>Car cette 14e\u00a0journ\u00e9e propose \u00e9galement ce samedi\u00a0un certain Tourcoing\u00a0&#8211; Montpellier o\u00f9 l\u2019un des dauphins de Tours y laissera forc\u00e9ment des points, voire les deux en cas de tie-break\u2026 Une consid\u00e9ration qui ne pr\u00e9occupe gu\u00e8re non plus Igor Juricic et ses troupes qui pensent \u2013 et c\u2019est bien logique \u2013 long terme. \u00ab\u00a0\u00catre premier, deuxi\u00e8me ou troisi\u00e8me n\u2019a aucune importance aujourd\u2019hui. Ce qui compte, c\u2019est de voir que l\u2019on est dans la bonne direction&#8230;. <\/p>\n<p>    Cet article a \u00e9t\u00e9 tronqu\u00e9. Abonnez-vous pour lire l&rsquo;article complet sur notre site.<\/p>\n<p>\u00a0\u00bb<\/p>\n<p style=\"margin: 0 !important; padding: 0 !important; font-size: 12px !important;\">Cet article a \u00e9t\u00e9 tronqu\u00e9. Abonnez-vous pour lire l&rsquo;article complet.<\/p>\n<p>    <a href=\"https:\/\/www.lanouvellerepublique.fr\/abonnements\" style=\"display: inline-block; margin-top: 5px !important; padding: 6px 12px !important; background: #cb1c27; color: white; text-decoration: none; border-radius: 4px; font-size: 12px !important;\" target=\"_blank\" rel=\"noopener\"><br \/>\n      S&rsquo;abonner<br \/>\n    <\/a><\/p>\n","protected":false},"excerpt":{"rendered":"Paris\u00a0&#8211; Tours Dans quatre jours, Trento, le champion d\u2019Italie, est annonc\u00e9 \u00e0 Tours avec le retour de la&hellip;\n","protected":false},"author":2,"featured_media":636858,"comment_status":"","ping_status":"","sticky":false,"template":"","format":"standard","meta":{"footnotes":""},"categories":[1888],"tags":[1392,11,1777,674,1011,27,1387,1655,12,626,25,60,1390,1471,2767,1470],"class_list":{"0":"post-636857","1":"post","2":"type-post","3":"status-publish","4":"format-standard","5":"has-post-thumbnail","7":"category-paris","8":"tag-a-la-une-local","9":"tag-actualites","10":"tag-eu","11":"tag-europe","12":"tag-fr","13":"tag-france","14":"tag-indre-et-loire","15":"tag-ligue-a","16":"tag-news","17":"tag-paris","18":"tag-republique-francaise","19":"tag-sports","20":"tag-tours","21":"tag-tours-volley-ball","22":"tag-tvb-37","23":"tag-volley"},"share_on_mastodon":{"url":"https:\/\/pubeurope.com\/@fr\/115827242634733475","error":""},"_links":{"self":[{"href":"https:\/\/www.europesays.com\/fr\/wp-json\/wp\/v2\/posts\/636857","targetHints":{"allow":["GET"]}}],"collection":[{"href":"https:\/\/www.europesays.com\/fr\/wp-json\/wp\/v2\/posts"}],"about":[{"href":"https:\/\/www.europesays.com\/fr\/wp-json\/wp\/v2\/types\/post"}],"author":[{"embeddable":true,"href":"https:\/\/www.europesays.com\/fr\/wp-json\/wp\/v2\/users\/2"}],"replies":[{"embeddable":true,"href":"https:\/\/www.europesays.com\/fr\/wp-json\/wp\/v2\/comments?post=636857"}],"version-history":[{"count":0,"href":"https:\/\/www.europesays.com\/fr\/wp-json\/wp\/v2\/posts\/636857\/revisions"}],"wp:featuredmedia":[{"embeddable":true,"href":"https:\/\/www.europesays.com\/fr\/wp-json\/wp\/v2\/media\/636858"}],"wp:attachment":[{"href":"https:\/\/www.europesays.com\/fr\/wp-json\/wp\/v2\/media?parent=636857"}],"wp:term":[{"taxonomy":"category","embeddable":true,"href":"https:\/\/www.europesays.com\/fr\/wp-json\/wp\/v2\/categories?post=636857"},{"taxonomy":"post_tag","embeddable":true,"href":"https:\/\/www.europesays.com\/fr\/wp-json\/wp\/v2\/tags?post=636857"}],"curies":[{"name":"wp","href":"https:\/\/api.w.org\/{rel}","templated":true}]}}