{"id":636861,"date":"2026-01-02T19:51:12","date_gmt":"2026-01-02T19:51:12","guid":{"rendered":"https:\/\/www.europesays.com\/fr\/636861\/"},"modified":"2026-01-02T19:51:12","modified_gmt":"2026-01-02T19:51:12","slug":"la-russie-enregistre-sa-plus-forte-progression-territoriale-kiev-remanie-son-appareil-securitaire","status":"publish","type":"post","link":"https:\/\/www.europesays.com\/fr\/636861\/","title":{"rendered":"La Russie enregistre sa plus forte progression territoriale, Kiev remanie son appareil s\u00e9curitaire"},"content":{"rendered":"<p>Vous avez rat\u00e9 les derniers \u00e9v\u00e9nements sur la guerre en Ukraine\u00a0? 20 Minutes fait le point pour vous tous les soirs. Voici l\u2019essentiel de ce vendredi 2\u00a0janvier, au 1.409e jour du conflit.<\/p>\n<p>Le fait du jour<\/p>\n<p>Les premiers jours de\u00a02026 ont \u00e9t\u00e9 marqu\u00e9s par une intensification des bombardements en Ukraine. La Russie accuse l\u2019arm\u00e9e ukrainienne d\u2019une attaque de drones dans la r\u00e9gion occup\u00e9e de Kherson, ayant fait 27 morts civils, tandis que <a href=\"https:\/\/www.20minutes.fr\/dossier\/kiev\" target=\"_blank\" class=\"c-link c-link--is-underlined\" rel=\"noopener\">Kiev<\/a> affirme avoir vis\u00e9 une cible militaire. En repr\u00e9sailles, des frappes russes ont touch\u00e9 le centre de Kharkiv, faisant au moins 19 bless\u00e9s, dont un b\u00e9b\u00e9 et plusieurs personnes \u00e2g\u00e9es.<\/p>\n<p>De son c\u00f4t\u00e9, l\u2019arm\u00e9e russe a enregistr\u00e9 en\u00a02025 sa plus forte progression territoriale en <a href=\"https:\/\/www.20minutes.fr\/monde\/ukraine\/\" target=\"_blank\" class=\"c-link c-link--is-underlined\" rel=\"noopener\">Ukraine<\/a> depuis la premi\u00e8re ann\u00e9e de l\u2019invasion, selon des donn\u00e9es analys\u00e9es par l\u2019AFP. Sur le terrain, les forces russes ont conquis plus de 5.600\u00a0km2 en\u00a02025, davantage que sur les deux ann\u00e9es pr\u00e9c\u00e9dentes cumul\u00e9es, d\u2019apr\u00e8s l\u2019ISW et le Critical Threats Project. Si les gains ont ralenti en d\u00e9cembre en raison de l\u2019hiver, l\u2019offensive s\u2019est intensifi\u00e9e dans le <a href=\"https:\/\/www.20minutes.fr\/monde\/donbass\/\" target=\"_blank\" class=\"c-link c-link--is-underlined\" rel=\"noopener\">Donbass<\/a>. Au total, la Russie occupe d\u00e9sormais environ 19,4\u00a0% du territoire ukrainien, dont pr\u00e8s de 1\u00a0% conquis au cours de l\u2019ann\u00e9e \u00e9coul\u00e9e.<\/p>\n<p>La d\u00e9claration du jour<\/p>\n<blockquote class=\"mx-m@xs mx-xxl@md color-ultramarine c-citation\">\n<p class=\"font-weight-regular@xs text-italic font-source-serif-pro text-l@xs c-citation__content\">\u00ab\u00a0Nous continuerons \u00e0 faire notre travail : vaincre l&rsquo;ennemi, d\u00e9fendre l&rsquo;Ukraine et \u0153uvrer pour une paix juste.\u00a0\u00bb<\/p>\n<\/blockquote>\n<p>Le pr\u00e9sident ukrainien <a href=\"https:\/\/www.20minutes.fr\/monde\/volodymyr-zelensky\/\" target=\"_blank\" class=\"c-link c-link--is-underlined\" rel=\"noopener\">Volodymyr Zelensky<\/a> a annonc\u00e9 avoir choisi Kyrylo Boudanov, chef du <a href=\"https:\/\/www.20minutes.fr\/dossier\/renseignement\" target=\"_blank\" class=\"c-link c-link--is-underlined\" rel=\"noopener\">renseignement<\/a> militaire, pour diriger l\u2019administration pr\u00e9sidentielle. Figure centrale de la lutte contre la Russie, Kyrylo Boudanov a accept\u00e9 cette mission ax\u00e9e sur la s\u00e9curit\u00e9 strat\u00e9gique et la diplomatie, alors que les proc\u00e9dures formelles de sa nomination sont en cours, apr\u00e8s le d\u00e9part d\u2019Andri\u00ef Iermak sur fond de scandale de corruption. \u00ab\u00a0Nous continuerons \u00e0 faire notre travail\u00a0: vaincre l\u2019ennemi, d\u00e9fendre l\u2019Ukraine et \u0153uvrer pour une paix juste\u00a0\u00bb, a-t-il d\u00e9clar\u00e9 peu apr\u00e8s avoir accept\u00e9 sa nomination.<\/p>\n<p>Pour remplacer Kyrylo Boudanov \u00e0 la t\u00eate du renseignement militaire (GUR), Volodymyr Zelensky a nomm\u00e9 Oleg Ivachtchenko, jusqu\u2019alors responsable du renseignement ext\u00e9rieur. G\u00e9n\u00e9ral discret et d\u00e9cor\u00e9, il aura pour mission de limiter le potentiel militaire russe dans un contexte de guerre prolong\u00e9e.<\/p>\n<\/p>\n<p>Le chiffre du jour<\/p>\n<p>3.000. Les autorit\u00e9s ukrainiennes ont ordonn\u00e9 l\u2019\u00e9vacuation forc\u00e9e de plus de 3.000 enfants et de leurs parents depuis 44 localit\u00e9s des r\u00e9gions de Zaporijjia et de Dnipropetrovsk, en raison de la d\u00e9t\u00e9rioration de la situation s\u00e9curitaire li\u00e9e aux avanc\u00e9es russes. L\u2019annonce a \u00e9t\u00e9 faite par le ministre de la Reconstruction Oleksi\u00ef Kouleba, qui a signal\u00e9 des \u00e9vacuations r\u00e9centes dans la r\u00e9gion de Tcherniguiv, au nord du pays.<\/p>\n<p>Depuis le 1er\u00a0juin 2025, pr\u00e8s de 150.000 civils, dont environ 18.000 enfants, ont \u00e9t\u00e9 \u00e9vacu\u00e9s des zones de front. Si les d\u00e9placements forc\u00e9s concernaient surtout jusqu\u2019ici la r\u00e9gion de <a href=\"https:\/\/www.20minutes.fr\/dossier\/donetsk\" target=\"_blank\" class=\"c-link c-link--is-underlined\" rel=\"noopener\">Donetsk<\/a>, l\u2019arm\u00e9e russe progresse d\u00e9sormais aussi \u00e0 Dnipropetrovsk et \u00e0 Zaporijjia, o\u00f9 le front \u00e9tait rest\u00e9 relativement stable pendant plusieurs ann\u00e9es.<\/p>\n<p>La tendance du jour<\/p>\n<p>Ce samedi, des n\u00e9gociations sont pr\u00e9vues \u00e0 Kiev entre les autorit\u00e9s ukrainiennes et des conseillers \u00e0 la s\u00e9curit\u00e9 de pays europ\u00e9ens alli\u00e9s, avec la participation par visioconf\u00e9rence d\u2019une \u00e9quipe <a href=\"https:\/\/www.20minutes.fr\/monde\/etats-unis\/\" target=\"_blank\" class=\"c-link c-link--is-underlined\" rel=\"noopener\">am\u00e9ricaine<\/a>, dans la perspective d\u2019une \u00e9ventuelle fin des hostilit\u00e9s.<\/p>\n<p><a href=\"https:\/\/www.20minutes.fr\/monde\/ukraine\/\" target=\"_blank\" class=\"c-link c-btn c-btn--primary\" rel=\"noopener\">Notre dossier sur la guerre en Ukraine<\/a><\/p>\n<p>Selon Volodymyr Zelensky, une quinzaine de pays, ainsi que des repr\u00e9sentants de l\u2019<a href=\"https:\/\/www.20minutes.fr\/dossier\/ue\" target=\"_blank\" class=\"c-link c-link--is-underlined\" rel=\"noopener\">Union europ\u00e9enne<\/a> et de l\u2019<a href=\"https:\/\/www.20minutes.fr\/monde\/otan\/\" target=\"_blank\" class=\"c-link c-link--is-underlined\" rel=\"noopener\">Otan<\/a>, prendront part aux discussions, qui porteront notamment sur les garanties de s\u00e9curit\u00e9 \u00e0 apporter \u00e0 l\u2019Ukraine, avant un sommet de dirigeants occidentaux attendu mardi en France.<\/p>\n","protected":false},"excerpt":{"rendered":"Vous avez rat\u00e9 les derniers \u00e9v\u00e9nements sur la guerre en Ukraine\u00a0? 20 Minutes fait le point pour vous&hellip;\n","protected":false},"author":2,"featured_media":636862,"comment_status":"","ping_status":"","sticky":false,"template":"","format":"standard","meta":{"footnotes":""},"categories":[1590],"tags":[47,11,8998,29539,73,1777,674,131,28370,74,12,136,132,220,555,135,134],"class_list":{"0":"post-636861","1":"post","2":"type-post","3":"status-publish","4":"format-standard","5":"has-post-thumbnail","7":"category-ukraine","8":"tag-actualite","9":"tag-actualites","10":"tag-donbass","11":"tag-donetsk","12":"tag-etats-unis","13":"tag-eu","14":"tag-europe","15":"tag-guerre-en-ukraine","16":"tag-kherson","17":"tag-monde","18":"tag-news","19":"tag-otan","20":"tag-russie","21":"tag-ukraine","22":"tag-union-europeenne-ue","23":"tag-vladimir-poutine","24":"tag-volodymyr-zelensky"},"share_on_mastodon":{"url":"https:\/\/pubeurope.com\/@fr\/115827251093145141","error":""},"_links":{"self":[{"href":"https:\/\/www.europesays.com\/fr\/wp-json\/wp\/v2\/posts\/636861","targetHints":{"allow":["GET"]}}],"collection":[{"href":"https:\/\/www.europesays.com\/fr\/wp-json\/wp\/v2\/posts"}],"about":[{"href":"https:\/\/www.europesays.com\/fr\/wp-json\/wp\/v2\/types\/post"}],"author":[{"embeddable":true,"href":"https:\/\/www.europesays.com\/fr\/wp-json\/wp\/v2\/users\/2"}],"replies":[{"embeddable":true,"href":"https:\/\/www.europesays.com\/fr\/wp-json\/wp\/v2\/comments?post=636861"}],"version-history":[{"count":0,"href":"https:\/\/www.europesays.com\/fr\/wp-json\/wp\/v2\/posts\/636861\/revisions"}],"wp:featuredmedia":[{"embeddable":true,"href":"https:\/\/www.europesays.com\/fr\/wp-json\/wp\/v2\/media\/636862"}],"wp:attachment":[{"href":"https:\/\/www.europesays.com\/fr\/wp-json\/wp\/v2\/media?parent=636861"}],"wp:term":[{"taxonomy":"category","embeddable":true,"href":"https:\/\/www.europesays.com\/fr\/wp-json\/wp\/v2\/categories?post=636861"},{"taxonomy":"post_tag","embeddable":true,"href":"https:\/\/www.europesays.com\/fr\/wp-json\/wp\/v2\/tags?post=636861"}],"curies":[{"name":"wp","href":"https:\/\/api.w.org\/{rel}","templated":true}]}}