{"id":636863,"date":"2026-01-02T19:52:11","date_gmt":"2026-01-02T19:52:11","guid":{"rendered":"https:\/\/www.europesays.com\/fr\/636863\/"},"modified":"2026-01-02T19:52:11","modified_gmt":"2026-01-02T19:52:11","slug":"il-preparait-une-attaque-terroriste-au-nouvel-an-un-americain-de-18-ans-arrete-par-le-fbi","status":"publish","type":"post","link":"https:\/\/www.europesays.com\/fr\/636863\/","title":{"rendered":"Il pr\u00e9parait une attaque terroriste au Nouvel An, un am\u00e9ricain de 18 ans arr\u00eat\u00e9 par le FBI"},"content":{"rendered":"<p>Aux <a href=\"https:\/\/www.20minutes.fr\/monde\/etats-unis\/\" target=\"_blank\" class=\"c-link c-link--is-underlined\" rel=\"noopener\">Etats-Unis<\/a>, un Am\u00e9ricain de 18 ans a \u00e9t\u00e9 arr\u00eat\u00e9 le 31\u00a0d\u00e9cembre en Caroline du Nord, \u00e0 la veille du <a href=\"https:\/\/www.20minutes.fr\/dossier\/nouvel-an\" target=\"_blank\" class=\"c-link c-link--is-underlined\" rel=\"noopener\">Nouvel An<\/a>, alors qu\u2019il pr\u00e9parait une attaque violente revendiqu\u00e9e au nom de l\u2019<a href=\"https:\/\/www.20minutes.fr\/monde\/daesh\/\" target=\"_blank\" class=\"c-link c-link--is-underlined\" rel=\"noopener\">Etat islamique<\/a>. Pr\u00e9sent\u00e9 vendredi devant une juge, Christian Sturdivant a \u00e9t\u00e9 plac\u00e9 en d\u00e9tention provisoire jusqu\u2019\u00e0 une nouvelle audience fix\u00e9e au 7\u00a0janvier. Il est poursuivi pour \u00ab\u00a0soutien mat\u00e9riel \u00e0 une organisation <a href=\"https:\/\/www.20minutes.fr\/dossier\/terroriste\" target=\"_blank\" class=\"c-link c-link--is-underlined\" rel=\"noopener\">terroriste<\/a>\u00a0\u00bb, en l\u2019occurrence l\u2019Etat islamique.<\/p>\n<p>Selon le procureur f\u00e9d\u00e9ral Russ Ferguson, le jeune homme \u00e9tait en contact avec deux individus qu\u2019il pensait \u00eatre des membres du groupe djihadiste, mais qui se sont r\u00e9v\u00e9l\u00e9s \u00eatre des agents infiltr\u00e9s du <a href=\"https:\/\/www.20minutes.fr\/dossier\/fbi\" target=\"_blank\" class=\"c-link c-link--is-underlined\" rel=\"noopener\">FBI<\/a>. \u00ab\u00a0C\u2019est aupr\u00e8s du premier qu\u2019il a fait all\u00e9geance \u00e0 l\u2019EI\u00a0\u00bb, a-t-il d\u00e9clar\u00e9, pr\u00e9cisant que Christian Sturdivant lui avait confi\u00e9 son intention de \u00ab\u00a0faire bient\u00f4t le <a href=\"https:\/\/www.20minutes.fr\/dossier\/djihad\" target=\"_blank\" class=\"c-link c-link--is-underlined\" rel=\"noopener\">djihad<\/a>\u00a0\u00bb.<\/p>\n<\/p>\n<p>Attaque au couteau et au marteau<\/p>\n<p>Les \u00e9changes avec le second agent ont permis de pr\u00e9ciser la cible et le mode op\u00e9ratoire envisag\u00e9s. Le suspect projetait une <a href=\"https:\/\/www.20minutes.fr\/dossier\/attaque_terroriste\" target=\"_blank\" class=\"c-link c-link--is-underlined\" rel=\"noopener\">attaque<\/a> dans une \u00e9picerie et un <a href=\"https:\/\/www.20minutes.fr\/dossier\/fast-food\" target=\"_blank\" class=\"c-link c-link--is-underlined\" rel=\"noopener\">fast-food<\/a> de Mint Hill, la ville o\u00f9 il r\u00e9sidait. \u00ab\u00a0Il a dit qu\u2019il allait porter une combinaison en Kevlar et attaquer les gens \u00e0 coups de <a href=\"https:\/\/www.20minutes.fr\/dossier\/coup_de_couteau\" target=\"_blank\" class=\"c-link c-link--is-underlined\" rel=\"noopener\">couteau<\/a> et de marteau\u00a0\u00bb, a d\u00e9taill\u00e9 le procureur, indiquant que l\u2019action devait avoir lieu dans la soir\u00e9e du Nouvel An.<\/p>\n<p><a href=\"https:\/\/www.20minutes.fr\/monde\/etats-unis\/\" target=\"_blank\" class=\"c-link c-btn c-btn--primary\" rel=\"noopener\">Notre dossier sur les Etats-Unis<\/a><\/p>\n<p>Les autorit\u00e9s ont \u00e9galement r\u00e9v\u00e9l\u00e9 que Christian Sturdivant \u00e9tait d\u00e9j\u00e0 connu des services f\u00e9d\u00e9raux depuis\u00a02022, alors qu\u2019il \u00e9tait <a href=\"https:\/\/www.20minutes.fr\/dossier\/mineur\" target=\"_blank\" class=\"c-link c-link--is-underlined\" rel=\"noopener\">mineur<\/a>, en raison de contacts sur les <a href=\"https:\/\/www.20minutes.fr\/dossier\/reseaux_sociaux\" target=\"_blank\" class=\"c-link c-link--is-underlined\" rel=\"noopener\">r\u00e9seaux sociaux<\/a> avec un \u00ab\u00a0membre non identifi\u00e9 de l\u2019EI\u00a0\u00bb. A l\u2019\u00e9poque, aucune poursuite n\u2019avait \u00e9t\u00e9 engag\u00e9e et il avait b\u00e9n\u00e9fici\u00e9 de soins psychologiques. De nouvelles alertes en d\u00e9cembre ont conduit \u00e0 une surveillance constante, permettant son interpellation avant tout passage \u00e0 l\u2019acte. \u00ab\u00a0La population n\u2019a donc jamais \u00e9t\u00e9 en danger\u00a0\u00bb, a assur\u00e9 Russ Ferguson.<\/p>\n","protected":false},"excerpt":{"rendered":"Aux Etats-Unis, un Am\u00e9ricain de 18 ans a \u00e9t\u00e9 arr\u00eat\u00e9 le 31\u00a0d\u00e9cembre en Caroline du Nord, \u00e0 la&hellip;\n","protected":false},"author":2,"featured_media":636864,"comment_status":"","ping_status":"","sticky":false,"template":"","format":"standard","meta":{"footnotes":""},"categories":[1589],"tags":[47,11,22696,7623,42612,14630,1067,73,1866,18120,11272,74,12,39117,1864,1865,1863,308],"class_list":{"0":"post-636863","1":"post","2":"type-post","3":"status-publish","4":"format-standard","5":"has-post-thumbnail","7":"category-etats-unis","8":"tag-actualite","9":"tag-actualites","10":"tag-attaque-terroriste","11":"tag-coup-de-couteau","12":"tag-djihad","13":"tag-djihadisme","14":"tag-enquete","15":"tag-etats-unis","16":"tag-etats-unis-damerique","17":"tag-fbi","18":"tag-interpellation","19":"tag-monde","20":"tag-news","21":"tag-nouvel-an","22":"tag-united-states","23":"tag-united-states-of-america","24":"tag-us","25":"tag-usa"},"share_on_mastodon":{"url":"https:\/\/pubeurope.com\/@fr\/115827254505581304","error":""},"_links":{"self":[{"href":"https:\/\/www.europesays.com\/fr\/wp-json\/wp\/v2\/posts\/636863","targetHints":{"allow":["GET"]}}],"collection":[{"href":"https:\/\/www.europesays.com\/fr\/wp-json\/wp\/v2\/posts"}],"about":[{"href":"https:\/\/www.europesays.com\/fr\/wp-json\/wp\/v2\/types\/post"}],"author":[{"embeddable":true,"href":"https:\/\/www.europesays.com\/fr\/wp-json\/wp\/v2\/users\/2"}],"replies":[{"embeddable":true,"href":"https:\/\/www.europesays.com\/fr\/wp-json\/wp\/v2\/comments?post=636863"}],"version-history":[{"count":0,"href":"https:\/\/www.europesays.com\/fr\/wp-json\/wp\/v2\/posts\/636863\/revisions"}],"wp:featuredmedia":[{"embeddable":true,"href":"https:\/\/www.europesays.com\/fr\/wp-json\/wp\/v2\/media\/636864"}],"wp:attachment":[{"href":"https:\/\/www.europesays.com\/fr\/wp-json\/wp\/v2\/media?parent=636863"}],"wp:term":[{"taxonomy":"category","embeddable":true,"href":"https:\/\/www.europesays.com\/fr\/wp-json\/wp\/v2\/categories?post=636863"},{"taxonomy":"post_tag","embeddable":true,"href":"https:\/\/www.europesays.com\/fr\/wp-json\/wp\/v2\/tags?post=636863"}],"curies":[{"name":"wp","href":"https:\/\/api.w.org\/{rel}","templated":true}]}}